{"id":5022,"date":"2018-10-04T09:21:06","date_gmt":"2018-10-04T09:21:06","guid":{"rendered":"http:\/\/www.global-projects.es\/?p=5022"},"modified":"2019-09-10T13:15:29","modified_gmt":"2019-09-10T11:15:29","slug":"despachos-acogedores","status":"publish","type":"post","link":"https:\/\/www.global-projects.es\/es\/despachos-acogedores\/","title":{"rendered":"Despachos acogedores"},"content":{"rendered":"<blockquote><p><b>Decorar un despacho peque\u00f1o<\/b><span style=\"font-weight: 400;\"> puede ser un gran reto, debido a espacio limitado del propio lugar. As\u00ed, que es un gran desaf\u00edo, ya que querr\u00e1s exprimir hasta el \u00faltimo hueco.<\/span><\/p>\n<p><span style=\"font-weight: 400;\">En el post de esta semana vamos aconsejar c\u00f3mo decorar un despacho peque\u00f1o en casa, para que estemos a gusto cuando trabajemos en \u00e9l. <\/span><\/p>\n<p><span style=\"font-weight: 400;\">Vamos a ense\u00f1aros algunas ideas pr\u00e1cticas para maximizar la sensaci\u00f3n de espacio. \u00bfos lo vais a perder?<\/span><\/p><\/blockquote>\n<h2><\/h2>\n<h2><strong>1. Para empezar a decorar: la pintura.<\/strong><\/h2>\n<p><span style=\"font-weight: 400;\">Como ya sab\u00e9is la pintura es la base de la decoraci\u00f3n en cualquier estancia. Ya que a partir de los tonos que usemos, depender\u00e1 a la hora de elegir mobiliario para que combine todo a la perfecci\u00f3n.<\/span><\/p>\n<p><span style=\"font-weight: 400;\">El resto de accesorios y elementos decorativos tambi\u00e9n han de contrastar con los tonos de las paredes para a\u00f1adir un gui\u00f1o de estilo.<\/span><\/p>\n<p><span style=\"font-weight: 400;\"> \u00a0<\/span><span style=\"font-weight: 400;\">El color de las paredes nos ayudar\u00e1 \u00a0a determinar aspectos como la sensaci\u00f3n de espacio, luminosidad y tiene un efecto en nuestro estado de \u00e1nimo. <\/span><\/p>\n<p><span style=\"font-weight: 400;\">A la hora de decorar un despacho peque\u00f1o sin duda aconsejamos <\/span><b>optar por tonos neutros y muy claros<\/b><span style=\"font-weight: 400;\">, acerc\u00e1ndose mucho al blanco. <\/span><\/p>\n<p><span style=\"font-weight: 400;\">De hecho, los tonos en gris piedra son muy populares por su sobriedad y la facilidad con la que crear un contraste pintando las paredes m\u00e1s peque\u00f1as dos o tres tonos m\u00e1s oscuros.<\/span><\/p>\n<p>&nbsp;<\/p>\n<h2><strong>2. Decorar nuestro peque\u00f1o despacho e iluminarlo bien<\/strong><\/h2>\n<p>No le podemos restar importancia a esta parte de la decoraci\u00f3n. La iluminaci\u00f3n es un gran paso, ya que con ella ayudaremos a tener un espacio agradable, creando as\u00ed una sensaci\u00f3n de amplitud.<\/p>\n<p><span style=\"font-weight: 400;\">En post anteriores, ya comentamos hablamos sobre la<\/span> <b>iluminaci\u00f3n LED, que en los \u00faltimos a\u00f1os ya sido toda un revoluci\u00f3n.<\/b><\/p>\n<p><span style=\"font-weight: 400;\">En el mercado tenemos muchas opciones con las que conseguir efectos que nunca antes hubi\u00e9ramos pensado. Iluminar la parte superior de un armario con una tira led o hacer uso de ellas en mesas de ordenador es algo cada vez m\u00e1s habitual. <\/span><\/p>\n<p>&nbsp;<\/p>\n<h2><strong>3. Decorar un despacho peque\u00f1o aprovechando todos los huecos disponibles<\/strong><\/h2>\n<p><span style=\"font-weight: 400;\">El tercer consejo que os podemos dar es <\/span><b>aprovechar al m\u00e1ximo cada hueco<\/b><span style=\"font-weight: 400;\"> que tengamos en la zona que habilitaremos como despacho. Un techo con ca\u00edda, una doble altura, e incluso \u00e1ngulos imposibles pueden ser oportunidades fuentes de inspiraci\u00f3n e ideas para decorar un despacho peque\u00f1o.<\/span><\/p>\n<p><span style=\"font-weight: 400;\">Usar \u00a0mobiliario en formas verticales y horizontales ocupando una pared entera, mesas a medida ser\u00e1n nuestros aliados para sacarle el m\u00e1ximo partido.<\/span><\/p>\n<p>&nbsp;<\/p>\n<h2><strong>4. Decoraci\u00f3n textil de un despacho peque\u00f1o<\/strong><\/h2>\n<p>No podemos olvidar, que el despacho aunque sea una zona de trabajo, forma parte de nuestro hogar, por lo tanto, debemos tener en cuenta la decoraci\u00f3n textil (cortinas, alfombras, cojines\u2026) a juego con el resto de la casa.<\/p>\n<p>&nbsp;<\/p>\n<h2><strong>5. Un despacho peque\u00f1o no tiene por qu\u00e9 renunciar a determinadas cosas<\/strong><\/h2>\n<p><span style=\"font-weight: 400;\">Tener un espacio limitado no implica que debemos de renunciar a los peque\u00f1os \u201clujos\u201d en decoraci\u00f3n. Lo \u00fanico que debemos hacer es dedicar un poco m\u00e1s de tiempo y esfuerzo en buscar aquellos muebles, accesorios\u2026 m\u00e1s adecuados para nuestro despacho.<\/span><\/p>\n<p>&nbsp;<\/p>\n<h2><strong>6. Decoraci\u00f3n de despachos que favorece la inspiraci\u00f3n<\/strong><\/h2>\n<p><span style=\"font-weight: 400;\">Plasmar nuestras ideas y organizar todas las actividades a realizar es algo muy importante cuando trabajamos. Podemos aprovechar y decorar un despacho peque\u00f1o en casa introduciendo elementos como una <\/span><b>pizarra o corcho.<\/b><span style=\"font-weight: 400;\"> Estos elementos nos ayudar\u00e1n a que no se nos escape nada y a planificar el d\u00eda a d\u00eda, al tiempo que los podemos integrarlos de manera natural debido a su car\u00e1cter creativo e inspiracional.<\/span><\/p>\n<p><span style=\"font-weight: 400;\">Algo que est\u00e1 de moda y que nos puede servir muy \u00fatil tanto para decoraci\u00f3n como para la organizaci\u00f3n de nuestro trabajo es colocar una pizza o corchos.<\/span><\/p>\n<p>&nbsp;<\/p>\n<p>&nbsp;<\/p>\n<p>&nbsp;<\/p>\n","protected":false},"excerpt":{"rendered":"<p>Decorar un despacho peque\u00f1o puede ser un gran reto, debido a espacio limitado del propio lugar. As\u00ed, que es un gran desaf\u00edo, ya que querr\u00e1s exprimir hasta el \u00faltimo hueco. En el post de esta semana vamos aconsejar c\u00f3mo decorar un despacho peque\u00f1o en casa, para que estemos a gusto cuando trabajemos en \u00e9l. Vamos [&hellip;]<\/p>\n","protected":false},"author":6,"featured_media":3704,"comment_status":"closed","ping_status":"closed","sticky":false,"template":"","format":"standard","meta":{"_et_pb_use_builder":"","_et_pb_old_content":"","_et_gb_content_width":"","footnotes":""},"categories":[19],"tags":[],"class_list":["post-5022","post","type-post","status-publish","format-standard","has-post-thumbnail","hentry","category-diseno-2"],"yoast_head":"<!-- This site is optimized with the Yoast SEO plugin v27.5 - https:\/\/yoast.com\/product\/yoast-seo-wordpress\/ -->\n<title>Despachos acogedores - Global Projects<\/title>\n<meta name=\"robots\" content=\"index, follow, max-snippet:-1, max-image-preview:large, max-video-preview:-1\" \/>\n<link rel=\"canonical\" href=\"https:\/\/www.global-projects.es\/es\/despachos-acogedores\/\" \/>\n<meta property=\"og:locale\" content=\"es_ES\" \/>\n<meta property=\"og:type\" content=\"article\" \/>\n<meta property=\"og:title\" content=\"Despachos acogedores - Global Projects\" \/>\n<meta property=\"og:description\" content=\"Decorar un despacho peque\u00f1o puede ser un gran reto, debido a espacio limitado del propio lugar. As\u00ed, que es un gran desaf\u00edo, ya que querr\u00e1s exprimir hasta el \u00faltimo hueco. En el post de esta semana vamos aconsejar c\u00f3mo decorar un despacho peque\u00f1o en casa, para que estemos a gusto cuando trabajemos en \u00e9l. Vamos [&hellip;]\" \/>\n<meta property=\"og:url\" content=\"https:\/\/www.global-projects.es\/es\/despachos-acogedores\/\" \/>\n<meta property=\"og:site_name\" content=\"Global Projects\" \/>\n<meta property=\"article:publisher\" content=\"https:\/\/www.facebook.com\/gblprojects\" \/>\n<meta property=\"article:published_time\" content=\"2018-10-04T09:21:06+00:00\" \/>\n<meta property=\"article:modified_time\" content=\"2019-09-10T11:15:29+00:00\" \/>\n<meta property=\"og:image\" content=\"https:\/\/www.global-projects.es\/wp-content\/uploads\/2015\/10\/ReformaIntegralGr\u00e0cia5-1.jpg\" \/>\n\t<meta property=\"og:image:width\" content=\"1080\" \/>\n\t<meta property=\"og:image:height\" content=\"675\" \/>\n\t<meta property=\"og:image:type\" content=\"image\/jpeg\" \/>\n<meta name=\"author\" content=\"Isabel\" \/>\n<meta name=\"twitter:card\" content=\"summary_large_image\" \/>\n<meta name=\"twitter:creator\" content=\"@global_projects\" \/>\n<meta name=\"twitter:site\" content=\"@global_projects\" \/>\n<meta name=\"twitter:label1\" content=\"Escrito por\" \/>\n\t<meta name=\"twitter:data1\" content=\"Isabel\" \/>\n\t<meta name=\"twitter:label2\" content=\"Tiempo de lectura\" \/>\n\t<meta name=\"twitter:data2\" content=\"3 minutos\" \/>\n<script type=\"application\/ld+json\" class=\"yoast-schema-graph\">{\"@context\":\"https:\\\/\\\/schema.org\",\"@graph\":[{\"@type\":\"Article\",\"@id\":\"https:\\\/\\\/www.global-projects.es\\\/es\\\/despachos-acogedores\\\/#article\",\"isPartOf\":{\"@id\":\"https:\\\/\\\/www.global-projects.es\\\/es\\\/despachos-acogedores\\\/\"},\"author\":{\"name\":\"Isabel\",\"@id\":\"https:\\\/\\\/www.global-projects.es\\\/es\\\/#\\\/schema\\\/person\\\/feb928a91f10d3baca1337e0167dd193\"},\"headline\":\"Despachos acogedores\",\"datePublished\":\"2018-10-04T09:21:06+00:00\",\"dateModified\":\"2019-09-10T11:15:29+00:00\",\"mainEntityOfPage\":{\"@id\":\"https:\\\/\\\/www.global-projects.es\\\/es\\\/despachos-acogedores\\\/\"},\"wordCount\":655,\"image\":{\"@id\":\"https:\\\/\\\/www.global-projects.es\\\/es\\\/despachos-acogedores\\\/#primaryimage\"},\"thumbnailUrl\":\"https:\\\/\\\/www.global-projects.es\\\/wp-content\\\/uploads\\\/2015\\\/10\\\/ReformaIntegralGr\u00e0cia5-1.jpg\",\"articleSection\":[\"dise\u00f1o\"],\"inLanguage\":\"es\"},{\"@type\":\"WebPage\",\"@id\":\"https:\\\/\\\/www.global-projects.es\\\/es\\\/despachos-acogedores\\\/\",\"url\":\"https:\\\/\\\/www.global-projects.es\\\/es\\\/despachos-acogedores\\\/\",\"name\":\"Despachos acogedores - Global Projects\",\"isPartOf\":{\"@id\":\"https:\\\/\\\/www.global-projects.es\\\/es\\\/#website\"},\"primaryImageOfPage\":{\"@id\":\"https:\\\/\\\/www.global-projects.es\\\/es\\\/despachos-acogedores\\\/#primaryimage\"},\"image\":{\"@id\":\"https:\\\/\\\/www.global-projects.es\\\/es\\\/despachos-acogedores\\\/#primaryimage\"},\"thumbnailUrl\":\"https:\\\/\\\/www.global-projects.es\\\/wp-content\\\/uploads\\\/2015\\\/10\\\/ReformaIntegralGr\u00e0cia5-1.jpg\",\"datePublished\":\"2018-10-04T09:21:06+00:00\",\"dateModified\":\"2019-09-10T11:15:29+00:00\",\"author\":{\"@id\":\"https:\\\/\\\/www.global-projects.es\\\/es\\\/#\\\/schema\\\/person\\\/feb928a91f10d3baca1337e0167dd193\"},\"breadcrumb\":{\"@id\":\"https:\\\/\\\/www.global-projects.es\\\/es\\\/despachos-acogedores\\\/#breadcrumb\"},\"inLanguage\":\"es\",\"potentialAction\":[{\"@type\":\"ReadAction\",\"target\":[\"https:\\\/\\\/www.global-projects.es\\\/es\\\/despachos-acogedores\\\/\"]}]},{\"@type\":\"ImageObject\",\"inLanguage\":\"es\",\"@id\":\"https:\\\/\\\/www.global-projects.es\\\/es\\\/despachos-acogedores\\\/#primaryimage\",\"url\":\"https:\\\/\\\/www.global-projects.es\\\/wp-content\\\/uploads\\\/2015\\\/10\\\/ReformaIntegralGr\u00e0cia5-1.jpg\",\"contentUrl\":\"https:\\\/\\\/www.global-projects.es\\\/wp-content\\\/uploads\\\/2015\\\/10\\\/ReformaIntegralGr\u00e0cia5-1.jpg\",\"width\":1080,\"height\":675,\"caption\":\"despacho en orden\"},{\"@type\":\"BreadcrumbList\",\"@id\":\"https:\\\/\\\/www.global-projects.es\\\/es\\\/despachos-acogedores\\\/#breadcrumb\",\"itemListElement\":[{\"@type\":\"ListItem\",\"position\":1,\"name\":\"Portada\",\"item\":\"https:\\\/\\\/www.global-projects.es\\\/es\\\/\"},{\"@type\":\"ListItem\",\"position\":2,\"name\":\"Despachos acogedores\"}]},{\"@type\":\"WebSite\",\"@id\":\"https:\\\/\\\/www.global-projects.es\\\/es\\\/#website\",\"url\":\"https:\\\/\\\/www.global-projects.es\\\/es\\\/\",\"name\":\"Global Projects\",\"description\":\"Reformas Integrales Barcelona\",\"potentialAction\":[{\"@type\":\"SearchAction\",\"target\":{\"@type\":\"EntryPoint\",\"urlTemplate\":\"https:\\\/\\\/www.global-projects.es\\\/es\\\/?s={search_term_string}\"},\"query-input\":{\"@type\":\"PropertyValueSpecification\",\"valueRequired\":true,\"valueName\":\"search_term_string\"}}],\"inLanguage\":\"es\"},{\"@type\":\"Person\",\"@id\":\"https:\\\/\\\/www.global-projects.es\\\/es\\\/#\\\/schema\\\/person\\\/feb928a91f10d3baca1337e0167dd193\",\"name\":\"Isabel\",\"url\":\"https:\\\/\\\/www.global-projects.es\\\/es\\\/author\\\/isabel\\\/\"}]}<\/script>\n<!-- \/ Yoast SEO plugin. -->","yoast_head_json":{"title":"Despachos acogedores - Global Projects","robots":{"index":"index","follow":"follow","max-snippet":"max-snippet:-1","max-image-preview":"max-image-preview:large","max-video-preview":"max-video-preview:-1"},"canonical":"https:\/\/www.global-projects.es\/es\/despachos-acogedores\/","og_locale":"es_ES","og_type":"article","og_title":"Despachos acogedores - Global Projects","og_description":"Decorar un despacho peque\u00f1o puede ser un gran reto, debido a espacio limitado del propio lugar. As\u00ed, que es un gran desaf\u00edo, ya que querr\u00e1s exprimir hasta el \u00faltimo hueco. En el post de esta semana vamos aconsejar c\u00f3mo decorar un despacho peque\u00f1o en casa, para que estemos a gusto cuando trabajemos en \u00e9l. Vamos [&hellip;]","og_url":"https:\/\/www.global-projects.es\/es\/despachos-acogedores\/","og_site_name":"Global Projects","article_publisher":"https:\/\/www.facebook.com\/gblprojects","article_published_time":"2018-10-04T09:21:06+00:00","article_modified_time":"2019-09-10T11:15:29+00:00","og_image":[{"width":1080,"height":675,"url":"https:\/\/www.global-projects.es\/wp-content\/uploads\/2015\/10\/ReformaIntegralGr\u00e0cia5-1.jpg","type":"image\/jpeg"}],"author":"Isabel","twitter_card":"summary_large_image","twitter_creator":"@global_projects","twitter_site":"@global_projects","twitter_misc":{"Escrito por":"Isabel","Tiempo de lectura":"3 minutos"},"schema":{"@context":"https:\/\/schema.org","@graph":[{"@type":"Article","@id":"https:\/\/www.global-projects.es\/es\/despachos-acogedores\/#article","isPartOf":{"@id":"https:\/\/www.global-projects.es\/es\/despachos-acogedores\/"},"author":{"name":"Isabel","@id":"https:\/\/www.global-projects.es\/es\/#\/schema\/person\/feb928a91f10d3baca1337e0167dd193"},"headline":"Despachos acogedores","datePublished":"2018-10-04T09:21:06+00:00","dateModified":"2019-09-10T11:15:29+00:00","mainEntityOfPage":{"@id":"https:\/\/www.global-projects.es\/es\/despachos-acogedores\/"},"wordCount":655,"image":{"@id":"https:\/\/www.global-projects.es\/es\/despachos-acogedores\/#primaryimage"},"thumbnailUrl":"https:\/\/www.global-projects.es\/wp-content\/uploads\/2015\/10\/ReformaIntegralGr\u00e0cia5-1.jpg","articleSection":["dise\u00f1o"],"inLanguage":"es"},{"@type":"WebPage","@id":"https:\/\/www.global-projects.es\/es\/despachos-acogedores\/","url":"https:\/\/www.global-projects.es\/es\/despachos-acogedores\/","name":"Despachos acogedores - Global Projects","isPartOf":{"@id":"https:\/\/www.global-projects.es\/es\/#website"},"primaryImageOfPage":{"@id":"https:\/\/www.global-projects.es\/es\/despachos-acogedores\/#primaryimage"},"image":{"@id":"https:\/\/www.global-projects.es\/es\/despachos-acogedores\/#primaryimage"},"thumbnailUrl":"https:\/\/www.global-projects.es\/wp-content\/uploads\/2015\/10\/ReformaIntegralGr\u00e0cia5-1.jpg","datePublished":"2018-10-04T09:21:06+00:00","dateModified":"2019-09-10T11:15:29+00:00","author":{"@id":"https:\/\/www.global-projects.es\/es\/#\/schema\/person\/feb928a91f10d3baca1337e0167dd193"},"breadcrumb":{"@id":"https:\/\/www.global-projects.es\/es\/despachos-acogedores\/#breadcrumb"},"inLanguage":"es","potentialAction":[{"@type":"ReadAction","target":["https:\/\/www.global-projects.es\/es\/despachos-acogedores\/"]}]},{"@type":"ImageObject","inLanguage":"es","@id":"https:\/\/www.global-projects.es\/es\/despachos-acogedores\/#primaryimage","url":"https:\/\/www.global-projects.es\/wp-content\/uploads\/2015\/10\/ReformaIntegralGr\u00e0cia5-1.jpg","contentUrl":"https:\/\/www.global-projects.es\/wp-content\/uploads\/2015\/10\/ReformaIntegralGr\u00e0cia5-1.jpg","width":1080,"height":675,"caption":"despacho en orden"},{"@type":"BreadcrumbList","@id":"https:\/\/www.global-projects.es\/es\/despachos-acogedores\/#breadcrumb","itemListElement":[{"@type":"ListItem","position":1,"name":"Portada","item":"https:\/\/www.global-projects.es\/es\/"},{"@type":"ListItem","position":2,"name":"Despachos acogedores"}]},{"@type":"WebSite","@id":"https:\/\/www.global-projects.es\/es\/#website","url":"https:\/\/www.global-projects.es\/es\/","name":"Global Projects","description":"Reformas Integrales Barcelona","potentialAction":[{"@type":"SearchAction","target":{"@type":"EntryPoint","urlTemplate":"https:\/\/www.global-projects.es\/es\/?s={search_term_string}"},"query-input":{"@type":"PropertyValueSpecification","valueRequired":true,"valueName":"search_term_string"}}],"inLanguage":"es"},{"@type":"Person","@id":"https:\/\/www.global-projects.es\/es\/#\/schema\/person\/feb928a91f10d3baca1337e0167dd193","name":"Isabel","url":"https:\/\/www.global-projects.es\/es\/author\/isabel\/"}]}},"_links":{"self":[{"href":"https:\/\/www.global-projects.es\/es\/wp-json\/wp\/v2\/posts\/5022","targetHints":{"allow":["GET"]}}],"collection":[{"href":"https:\/\/www.global-projects.es\/es\/wp-json\/wp\/v2\/posts"}],"about":[{"href":"https:\/\/www.global-projects.es\/es\/wp-json\/wp\/v2\/types\/post"}],"author":[{"embeddable":true,"href":"https:\/\/www.global-projects.es\/es\/wp-json\/wp\/v2\/users\/6"}],"replies":[{"embeddable":true,"href":"https:\/\/www.global-projects.es\/es\/wp-json\/wp\/v2\/comments?post=5022"}],"version-history":[{"count":0,"href":"https:\/\/www.global-projects.es\/es\/wp-json\/wp\/v2\/posts\/5022\/revisions"}],"wp:featuredmedia":[{"embeddable":true,"href":"https:\/\/www.global-projects.es\/es\/wp-json\/wp\/v2\/media\/3704"}],"wp:attachment":[{"href":"https:\/\/www.global-projects.es\/es\/wp-json\/wp\/v2\/media?parent=5022"}],"wp:term":[{"taxonomy":"category","embeddable":true,"href":"https:\/\/www.global-projects.es\/es\/wp-json\/wp\/v2\/categories?post=5022"},{"taxonomy":"post_tag","embeddable":true,"href":"https:\/\/www.global-projects.es\/es\/wp-json\/wp\/v2\/tags?post=5022"}],"curies":[{"name":"wp","href":"https:\/\/api.w.org\/{rel}","templated":true}]}}