{"id":4908,"date":"2018-08-16T09:16:10","date_gmt":"2018-08-16T09:16:10","guid":{"rendered":"http:\/\/www.global-projects.es\/?p=4908"},"modified":"2018-08-16T09:16:10","modified_gmt":"2018-08-16T09:16:10","slug":"proyecto-entregado","status":"publish","type":"post","link":"https:\/\/www.global-projects.es\/es\/proyecto-entregado\/","title":{"rendered":"Proyecto entregado: Sant Gervasi"},"content":{"rendered":"<p>La vivienda se compone de un \u00e1tico d\u00faplex de 150 m2 con terraza superior de 50 m2 en la cubierta con un mirador al mar. La distribuci\u00f3n est\u00e1 formada por una planta por piso (zona de d\u00eda) m\u00e1s una planta privada (zona de noche) m\u00e1s terraza superior.<\/p>\n<p>En la planta baja encontramos un espacio de recibidor con un mueble divisor entre la sala principal, que nos ofrece la funci\u00f3n de banco y almacenamiento por ambos lados. Tambi\u00e9n encontramos un armario integrado con los aplacados laterales lacados en blanco de altura total que nos conducen hacia la cocina.<\/p>\n<p><img loading=\"lazy\" decoding=\"async\" class=\"aligncenter size-large wp-image-4921\" src=\"https:\/\/www.global-projects.es\/wp-content\/uploads\/2018\/07\/COPERNIC_0012-1-1024x683.jpg\" alt=\"COPERNIC_0012\" width=\"1024\" height=\"683\" \/><\/p>\n<p>La cocina semiabierta y la sala dejan fluir la luz natural y ofrecen un espacio office enfocado a la terraza anexa que resulta muy pr\u00e1ctico y agradable para el d\u00eda a d\u00eda. La cocina est\u00e1 totalmente equipada con mobiliario realizado a medida de puertas, con molduras y acabados lacados, electrodom\u00e9sticos de \u00faltima generaci\u00f3n, encimeras de Silestone Blanco Zeus y la pared de obra vista recuperada dando el toque especial al espacio. Adem\u00e1s, desde el final de la cocina podemos acceder a la sala de la colada donde tenemos el espacio para el equipamiento de limpieza, armario de ropa blanca y zona para las tareas del hogar.<\/p>\n<p><img loading=\"lazy\" decoding=\"async\" class=\"aligncenter size-large wp-image-4920\" src=\"https:\/\/www.global-projects.es\/wp-content\/uploads\/2018\/07\/COPERNIC_0007-1-1024x683.jpg\" alt=\"COPERNIC_0007\" width=\"1024\" height=\"683\" \/><\/p>\n<p><img loading=\"lazy\" decoding=\"async\" class=\"aligncenter size-large wp-image-4923\" src=\"https:\/\/www.global-projects.es\/wp-content\/uploads\/2018\/07\/COPERNIC_0024-1-1024x683.jpg\" alt=\"COPERNIC_0024\" width=\"1024\" height=\"683\" \/><\/p>\n<p>La sala principal act\u00faa como n\u00facleo de conexi\u00f3n entre los diferentes espacios, teniendo as\u00ed el control de todas las zonas. Esta est\u00e1 equipada con una chimenea de bioetanol realizada a medida y encajada en una columna central, con la televisi\u00f3n integrada, y dos muebles laterales que forman el conjunto frontal del mobiliario.<\/p>\n<p><img loading=\"lazy\" decoding=\"async\" class=\"aligncenter size-large wp-image-4918\" src=\"https:\/\/www.global-projects.es\/wp-content\/uploads\/2018\/07\/COPERNIC_0001-1-1024x683.jpg\" alt=\"COPERNIC_0001\" width=\"1024\" height=\"683\" \/><\/p>\n<p>En la planta baja encontraremos tambi\u00e9n un aseo de d\u00eda con\u00a0 una pica de Silestone Blanco Zeus de gran formato encajada entre paredes revestidas, el parquet laminado y un espacio reservado al inodoro, donde se da paso a un divertido papel de pared para crear un rinc\u00f3n m\u00e1s fresco y rompedor.<\/p>\n<p>En la planta de arriba encontramos dos dormitorios, dos ba\u00f1os completos y un estudio. El dormitorio principal cuenta con grandes armarios empotrados y est\u00e1 conectado con acceso directo a la terraza superior. Mientras que en el dormitorio de los ni\u00f1os encontramos un balc\u00f3n privado y una sala de juegos anexa.<\/p>\n<p><img loading=\"lazy\" decoding=\"async\" class=\"aligncenter size-large wp-image-4924\" src=\"https:\/\/www.global-projects.es\/wp-content\/uploads\/2018\/07\/COPERNIC_0030-1-1024x683.jpg\" alt=\"COPERNIC_0030\" width=\"1024\" height=\"683\" \/><\/p>\n<p><img loading=\"lazy\" decoding=\"async\" class=\"aligncenter size-large wp-image-4922\" src=\"https:\/\/www.global-projects.es\/wp-content\/uploads\/2018\/07\/COPERNIC_0020-1-1024x683.jpg\" alt=\"COPERNIC_0020\" width=\"1024\" height=\"683\" \/><\/p>\n<p>Los ba\u00f1os est\u00e1n revestidos con baldosas de gran formato en pavimentos combinados con baldosas de peque\u00f1o formato para crear espacios acogedores y divertidos. Asimismo, est\u00e1n equipados con mamparas de vidrio realizados a medida y grifer\u00edas termost\u00e1ticas empotradas con rociadores efecto lluvia.<\/p>\n<p><img loading=\"lazy\" decoding=\"async\" class=\"aligncenter size-large wp-image-4926\" src=\"https:\/\/www.global-projects.es\/wp-content\/uploads\/2018\/07\/COPERNIC_0048-1-1024x683.jpg\" alt=\"COPERNIC_0048\" width=\"1024\" height=\"683\" \/><\/p>\n<p><img loading=\"lazy\" decoding=\"async\" class=\"aligncenter size-large wp-image-4925\" src=\"https:\/\/www.global-projects.es\/wp-content\/uploads\/2018\/07\/COPERNIC_0042-1-1024x683.jpg\" alt=\"COPERNIC_0042\" width=\"1024\" height=\"683\" \/><\/p>\n<p>Por \u00faltimo, en la terraza superior se ha dise\u00f1ado un peque\u00f1o huerto urbano y un espacio de sol\u00e1rium con barbacoa.<\/p>\n<p>&nbsp;<\/p>\n<p>&nbsp;<\/p>\n<p>&nbsp;<\/p>\n<p>&nbsp;<\/p>\n<p>&nbsp;<\/p>\n<p>&nbsp;<\/p>\n","protected":false},"excerpt":{"rendered":"<p>La vivienda se compone de un \u00e1tico d\u00faplex de 150 m2 con terraza superior de 50 m2 en la cubierta con un mirador al mar. La distribuci\u00f3n est\u00e1 formada por una planta por piso (zona de d\u00eda) m\u00e1s una planta privada (zona de noche) m\u00e1s terraza superior. En la planta baja encontramos un espacio de [&hellip;]<\/p>\n","protected":false},"author":6,"featured_media":4919,"comment_status":"closed","ping_status":"closed","sticky":false,"template":"","format":"standard","meta":{"_et_pb_use_builder":"","_et_pb_old_content":"","_et_gb_content_width":"","footnotes":""},"categories":[419],"tags":[24,105,357],"class_list":["post-4908","post","type-post","status-publish","format-standard","has-post-thumbnail","hentry","category-reformas-barcelona","tag-interiorismo-3","tag-reforma","tag-globalprojects"],"yoast_head":"<!-- This site is optimized with the Yoast SEO plugin v27.5 - https:\/\/yoast.com\/product\/yoast-seo-wordpress\/ -->\n<title>Proyecto entregado: Sant Gervasi - Global Projects<\/title>\n<meta name=\"robots\" content=\"index, follow, max-snippet:-1, max-image-preview:large, max-video-preview:-1\" \/>\n<link rel=\"canonical\" href=\"https:\/\/www.global-projects.es\/es\/proyecto-entregado\/\" \/>\n<meta property=\"og:locale\" content=\"es_ES\" \/>\n<meta property=\"og:type\" content=\"article\" \/>\n<meta property=\"og:title\" content=\"Proyecto entregado: Sant Gervasi - Global Projects\" \/>\n<meta property=\"og:description\" content=\"La vivienda se compone de un \u00e1tico d\u00faplex de 150 m2 con terraza superior de 50 m2 en la cubierta con un mirador al mar. La distribuci\u00f3n est\u00e1 formada por una planta por piso (zona de d\u00eda) m\u00e1s una planta privada (zona de noche) m\u00e1s terraza superior. En la planta baja encontramos un espacio de [&hellip;]\" \/>\n<meta property=\"og:url\" content=\"https:\/\/www.global-projects.es\/es\/proyecto-entregado\/\" \/>\n<meta property=\"og:site_name\" content=\"Global Projects\" \/>\n<meta property=\"article:publisher\" content=\"https:\/\/www.facebook.com\/gblprojects\" \/>\n<meta property=\"article:published_time\" content=\"2018-08-16T09:16:10+00:00\" \/>\n<meta property=\"og:image\" content=\"https:\/\/www.global-projects.es\/wp-content\/uploads\/2018\/07\/COPERNIC_0005-1-1024x683.jpg\" \/>\n\t<meta property=\"og:image:width\" content=\"1024\" \/>\n\t<meta property=\"og:image:height\" content=\"683\" \/>\n\t<meta property=\"og:image:type\" content=\"image\/jpeg\" \/>\n<meta name=\"author\" content=\"Isabel\" \/>\n<meta name=\"twitter:card\" content=\"summary_large_image\" \/>\n<meta name=\"twitter:creator\" content=\"@global_projects\" \/>\n<meta name=\"twitter:site\" content=\"@global_projects\" \/>\n<meta name=\"twitter:label1\" content=\"Escrito por\" \/>\n\t<meta name=\"twitter:data1\" content=\"Isabel\" \/>\n\t<meta name=\"twitter:label2\" content=\"Tiempo de lectura\" \/>\n\t<meta name=\"twitter:data2\" content=\"2 minutos\" \/>\n<script type=\"application\/ld+json\" class=\"yoast-schema-graph\">{\"@context\":\"https:\\\/\\\/schema.org\",\"@graph\":[{\"@type\":\"Article\",\"@id\":\"https:\\\/\\\/www.global-projects.es\\\/es\\\/proyecto-entregado\\\/#article\",\"isPartOf\":{\"@id\":\"https:\\\/\\\/www.global-projects.es\\\/es\\\/proyecto-entregado\\\/\"},\"author\":{\"name\":\"Isabel\",\"@id\":\"https:\\\/\\\/www.global-projects.es\\\/es\\\/#\\\/schema\\\/person\\\/feb928a91f10d3baca1337e0167dd193\"},\"headline\":\"Proyecto entregado: Sant Gervasi\",\"datePublished\":\"2018-08-16T09:16:10+00:00\",\"mainEntityOfPage\":{\"@id\":\"https:\\\/\\\/www.global-projects.es\\\/es\\\/proyecto-entregado\\\/\"},\"wordCount\":458,\"image\":{\"@id\":\"https:\\\/\\\/www.global-projects.es\\\/es\\\/proyecto-entregado\\\/#primaryimage\"},\"thumbnailUrl\":\"https:\\\/\\\/www.global-projects.es\\\/wp-content\\\/uploads\\\/2018\\\/07\\\/COPERNIC_0005-1.jpg\",\"keywords\":[\"interiorismo\",\"reforma\",\"globalprojects\"],\"articleSection\":[\"Reformas Barcelona\"],\"inLanguage\":\"es\"},{\"@type\":\"WebPage\",\"@id\":\"https:\\\/\\\/www.global-projects.es\\\/es\\\/proyecto-entregado\\\/\",\"url\":\"https:\\\/\\\/www.global-projects.es\\\/es\\\/proyecto-entregado\\\/\",\"name\":\"Proyecto entregado: Sant Gervasi - Global Projects\",\"isPartOf\":{\"@id\":\"https:\\\/\\\/www.global-projects.es\\\/es\\\/#website\"},\"primaryImageOfPage\":{\"@id\":\"https:\\\/\\\/www.global-projects.es\\\/es\\\/proyecto-entregado\\\/#primaryimage\"},\"image\":{\"@id\":\"https:\\\/\\\/www.global-projects.es\\\/es\\\/proyecto-entregado\\\/#primaryimage\"},\"thumbnailUrl\":\"https:\\\/\\\/www.global-projects.es\\\/wp-content\\\/uploads\\\/2018\\\/07\\\/COPERNIC_0005-1.jpg\",\"datePublished\":\"2018-08-16T09:16:10+00:00\",\"author\":{\"@id\":\"https:\\\/\\\/www.global-projects.es\\\/es\\\/#\\\/schema\\\/person\\\/feb928a91f10d3baca1337e0167dd193\"},\"breadcrumb\":{\"@id\":\"https:\\\/\\\/www.global-projects.es\\\/es\\\/proyecto-entregado\\\/#breadcrumb\"},\"inLanguage\":\"es\",\"potentialAction\":[{\"@type\":\"ReadAction\",\"target\":[\"https:\\\/\\\/www.global-projects.es\\\/es\\\/proyecto-entregado\\\/\"]}]},{\"@type\":\"ImageObject\",\"inLanguage\":\"es\",\"@id\":\"https:\\\/\\\/www.global-projects.es\\\/es\\\/proyecto-entregado\\\/#primaryimage\",\"url\":\"https:\\\/\\\/www.global-projects.es\\\/wp-content\\\/uploads\\\/2018\\\/07\\\/COPERNIC_0005-1.jpg\",\"contentUrl\":\"https:\\\/\\\/www.global-projects.es\\\/wp-content\\\/uploads\\\/2018\\\/07\\\/COPERNIC_0005-1.jpg\",\"width\":3500,\"height\":2336},{\"@type\":\"BreadcrumbList\",\"@id\":\"https:\\\/\\\/www.global-projects.es\\\/es\\\/proyecto-entregado\\\/#breadcrumb\",\"itemListElement\":[{\"@type\":\"ListItem\",\"position\":1,\"name\":\"Portada\",\"item\":\"https:\\\/\\\/www.global-projects.es\\\/es\\\/\"},{\"@type\":\"ListItem\",\"position\":2,\"name\":\"Proyecto entregado: Sant Gervasi\"}]},{\"@type\":\"WebSite\",\"@id\":\"https:\\\/\\\/www.global-projects.es\\\/es\\\/#website\",\"url\":\"https:\\\/\\\/www.global-projects.es\\\/es\\\/\",\"name\":\"Global Projects\",\"description\":\"Reformas Integrales Barcelona\",\"potentialAction\":[{\"@type\":\"SearchAction\",\"target\":{\"@type\":\"EntryPoint\",\"urlTemplate\":\"https:\\\/\\\/www.global-projects.es\\\/es\\\/?s={search_term_string}\"},\"query-input\":{\"@type\":\"PropertyValueSpecification\",\"valueRequired\":true,\"valueName\":\"search_term_string\"}}],\"inLanguage\":\"es\"},{\"@type\":\"Person\",\"@id\":\"https:\\\/\\\/www.global-projects.es\\\/es\\\/#\\\/schema\\\/person\\\/feb928a91f10d3baca1337e0167dd193\",\"name\":\"Isabel\",\"url\":\"https:\\\/\\\/www.global-projects.es\\\/es\\\/author\\\/isabel\\\/\"}]}<\/script>\n<!-- \/ Yoast SEO plugin. -->","yoast_head_json":{"title":"Proyecto entregado: Sant Gervasi - Global Projects","robots":{"index":"index","follow":"follow","max-snippet":"max-snippet:-1","max-image-preview":"max-image-preview:large","max-video-preview":"max-video-preview:-1"},"canonical":"https:\/\/www.global-projects.es\/es\/proyecto-entregado\/","og_locale":"es_ES","og_type":"article","og_title":"Proyecto entregado: Sant Gervasi - Global Projects","og_description":"La vivienda se compone de un \u00e1tico d\u00faplex de 150 m2 con terraza superior de 50 m2 en la cubierta con un mirador al mar. La distribuci\u00f3n est\u00e1 formada por una planta por piso (zona de d\u00eda) m\u00e1s una planta privada (zona de noche) m\u00e1s terraza superior. En la planta baja encontramos un espacio de [&hellip;]","og_url":"https:\/\/www.global-projects.es\/es\/proyecto-entregado\/","og_site_name":"Global Projects","article_publisher":"https:\/\/www.facebook.com\/gblprojects","article_published_time":"2018-08-16T09:16:10+00:00","og_image":[{"width":1024,"height":683,"url":"https:\/\/www.global-projects.es\/wp-content\/uploads\/2018\/07\/COPERNIC_0005-1-1024x683.jpg","type":"image\/jpeg"}],"author":"Isabel","twitter_card":"summary_large_image","twitter_creator":"@global_projects","twitter_site":"@global_projects","twitter_misc":{"Escrito por":"Isabel","Tiempo de lectura":"2 minutos"},"schema":{"@context":"https:\/\/schema.org","@graph":[{"@type":"Article","@id":"https:\/\/www.global-projects.es\/es\/proyecto-entregado\/#article","isPartOf":{"@id":"https:\/\/www.global-projects.es\/es\/proyecto-entregado\/"},"author":{"name":"Isabel","@id":"https:\/\/www.global-projects.es\/es\/#\/schema\/person\/feb928a91f10d3baca1337e0167dd193"},"headline":"Proyecto entregado: Sant Gervasi","datePublished":"2018-08-16T09:16:10+00:00","mainEntityOfPage":{"@id":"https:\/\/www.global-projects.es\/es\/proyecto-entregado\/"},"wordCount":458,"image":{"@id":"https:\/\/www.global-projects.es\/es\/proyecto-entregado\/#primaryimage"},"thumbnailUrl":"https:\/\/www.global-projects.es\/wp-content\/uploads\/2018\/07\/COPERNIC_0005-1.jpg","keywords":["interiorismo","reforma","globalprojects"],"articleSection":["Reformas Barcelona"],"inLanguage":"es"},{"@type":"WebPage","@id":"https:\/\/www.global-projects.es\/es\/proyecto-entregado\/","url":"https:\/\/www.global-projects.es\/es\/proyecto-entregado\/","name":"Proyecto entregado: Sant Gervasi - Global Projects","isPartOf":{"@id":"https:\/\/www.global-projects.es\/es\/#website"},"primaryImageOfPage":{"@id":"https:\/\/www.global-projects.es\/es\/proyecto-entregado\/#primaryimage"},"image":{"@id":"https:\/\/www.global-projects.es\/es\/proyecto-entregado\/#primaryimage"},"thumbnailUrl":"https:\/\/www.global-projects.es\/wp-content\/uploads\/2018\/07\/COPERNIC_0005-1.jpg","datePublished":"2018-08-16T09:16:10+00:00","author":{"@id":"https:\/\/www.global-projects.es\/es\/#\/schema\/person\/feb928a91f10d3baca1337e0167dd193"},"breadcrumb":{"@id":"https:\/\/www.global-projects.es\/es\/proyecto-entregado\/#breadcrumb"},"inLanguage":"es","potentialAction":[{"@type":"ReadAction","target":["https:\/\/www.global-projects.es\/es\/proyecto-entregado\/"]}]},{"@type":"ImageObject","inLanguage":"es","@id":"https:\/\/www.global-projects.es\/es\/proyecto-entregado\/#primaryimage","url":"https:\/\/www.global-projects.es\/wp-content\/uploads\/2018\/07\/COPERNIC_0005-1.jpg","contentUrl":"https:\/\/www.global-projects.es\/wp-content\/uploads\/2018\/07\/COPERNIC_0005-1.jpg","width":3500,"height":2336},{"@type":"BreadcrumbList","@id":"https:\/\/www.global-projects.es\/es\/proyecto-entregado\/#breadcrumb","itemListElement":[{"@type":"ListItem","position":1,"name":"Portada","item":"https:\/\/www.global-projects.es\/es\/"},{"@type":"ListItem","position":2,"name":"Proyecto entregado: Sant Gervasi"}]},{"@type":"WebSite","@id":"https:\/\/www.global-projects.es\/es\/#website","url":"https:\/\/www.global-projects.es\/es\/","name":"Global Projects","description":"Reformas Integrales Barcelona","potentialAction":[{"@type":"SearchAction","target":{"@type":"EntryPoint","urlTemplate":"https:\/\/www.global-projects.es\/es\/?s={search_term_string}"},"query-input":{"@type":"PropertyValueSpecification","valueRequired":true,"valueName":"search_term_string"}}],"inLanguage":"es"},{"@type":"Person","@id":"https:\/\/www.global-projects.es\/es\/#\/schema\/person\/feb928a91f10d3baca1337e0167dd193","name":"Isabel","url":"https:\/\/www.global-projects.es\/es\/author\/isabel\/"}]}},"_links":{"self":[{"href":"https:\/\/www.global-projects.es\/es\/wp-json\/wp\/v2\/posts\/4908","targetHints":{"allow":["GET"]}}],"collection":[{"href":"https:\/\/www.global-projects.es\/es\/wp-json\/wp\/v2\/posts"}],"about":[{"href":"https:\/\/www.global-projects.es\/es\/wp-json\/wp\/v2\/types\/post"}],"author":[{"embeddable":true,"href":"https:\/\/www.global-projects.es\/es\/wp-json\/wp\/v2\/users\/6"}],"replies":[{"embeddable":true,"href":"https:\/\/www.global-projects.es\/es\/wp-json\/wp\/v2\/comments?post=4908"}],"version-history":[{"count":0,"href":"https:\/\/www.global-projects.es\/es\/wp-json\/wp\/v2\/posts\/4908\/revisions"}],"wp:featuredmedia":[{"embeddable":true,"href":"https:\/\/www.global-projects.es\/es\/wp-json\/wp\/v2\/media\/4919"}],"wp:attachment":[{"href":"https:\/\/www.global-projects.es\/es\/wp-json\/wp\/v2\/media?parent=4908"}],"wp:term":[{"taxonomy":"category","embeddable":true,"href":"https:\/\/www.global-projects.es\/es\/wp-json\/wp\/v2\/categories?post=4908"},{"taxonomy":"post_tag","embeddable":true,"href":"https:\/\/www.global-projects.es\/es\/wp-json\/wp\/v2\/tags?post=4908"}],"curies":[{"name":"wp","href":"https:\/\/api.w.org\/{rel}","templated":true}]}}