{"id":4813,"date":"2018-06-28T09:10:33","date_gmt":"2018-06-28T09:10:33","guid":{"rendered":"http:\/\/www.global-projects.es\/?p=4813"},"modified":"2018-06-28T09:10:33","modified_gmt":"2018-06-28T09:10:33","slug":"decoracion-con-farolillos","status":"publish","type":"post","link":"https:\/\/www.global-projects.es\/es\/decoracion-con-farolillos\/","title":{"rendered":"Decoraci\u00f3n con farolillos"},"content":{"rendered":"<blockquote><p><span style=\"font-weight: 400;\">El verano ya est\u00e1 aqu\u00ed y con \u00e9l apetece pasar largos momentos al aire libre con familia y\/o amigos.\u00a0<\/span><span style=\"font-weight: 400;\">C\u00f3mo ver\u00e9is esta temporada las tiendas est\u00e1n llenas de objetos apetecibles para decorar tu terraza. En esta semana os daremos algunas ideas para decorar tu exterior con farolillos que no podr\u00e1s resistirte ya que conseguir\u00e1s dar un toque especial y rom\u00e1ntico haya donde est\u00e9n. <\/span><\/p><\/blockquote>\n<p><span style=\"font-weight: 400;\">Son muy decorativos, y quedan muy bien ya que son agradables para cualquier visto.\u00a0<\/span><span style=\"font-weight: 400;\">Los farolillos sirven para alumbrar pero a diferencia de las velas, no se pagan cuando hace viento ya que la llama est\u00e1 bien protegida.\u00a0<img loading=\"lazy\" decoding=\"async\" class=\"aligncenter size-full wp-image-4817\" src=\"https:\/\/www.global-projects.es\/wp-content\/uploads\/2018\/06\/farolillo-maisons-du-monde_7ef71624-e1529660159210.jpg\" alt=\"farolillo-maisons-du-monde_7ef71624\" width=\"687\" height=\"827\" \/><\/span><\/p>\n<p><span style=\"font-weight: 400;\">Estamos enamorados de los farolillos que podemos encontrar en la tienda Maison du Monde. \u00a0Puedes encontrar muchos tipos de farolillos, desde m\u00e1s robustos, a m\u00e1s simples. \u00a1Cuesti\u00f3n de gustos! Seguro que hay alguno que se adapta a tu gusto y a tu decoraci\u00f3n.<\/span><\/p>\n<p><img loading=\"lazy\" decoding=\"async\" class=\"aligncenter size-large wp-image-4815\" src=\"https:\/\/www.global-projects.es\/wp-content\/uploads\/2018\/06\/espejo-de-madera-al-90-cm-boheme-1000-15-13-122398_10.jpg\" alt=\"espejo-de-madera-al-90-cm-boheme-1000-15-13-122398_10\" width=\"1000\" height=\"1000\" \/><\/p>\n<p><img loading=\"lazy\" decoding=\"async\" class=\"aligncenter size-full wp-image-4814\" src=\"https:\/\/www.global-projects.es\/wp-content\/uploads\/2018\/06\/e249d17ddc2935427817d63253b566f1.jpg\" alt=\"e249d17ddc2935427817d63253b566f1\" width=\"564\" height=\"564\" \/><\/p>\n<h3><strong>\u00bfQu\u00e9 velas necesitan los farolillos?<\/strong><\/h3>\n<p><span style=\"font-weight: 400;\">Las velas de tus farolillos dependen sobre todo del tama\u00f1o del farolillo, y tambi\u00e9n de su forma. Algunos farolillos podr\u00e1n llevar grandes velas, mientras que en otras podr\u00e1s utilizar velas muy peque\u00f1as.<\/span><\/p>\n<p><img loading=\"lazy\" decoding=\"async\" class=\"aligncenter size-large wp-image-4816\" src=\"https:\/\/www.global-projects.es\/wp-content\/uploads\/2018\/06\/farolillo-de-alambre-de-metal-gris-y-cristal-1000-5-20-178862_3.jpg\" alt=\"farolillo-de-alambre-de-metal-gris-y-cristal-1000-5-20-178862_3\" width=\"1000\" height=\"1000\" \/><\/p>\n<p><img loading=\"lazy\" decoding=\"async\" class=\"aligncenter size-large wp-image-4819\" src=\"https:\/\/www.global-projects.es\/wp-content\/uploads\/2018\/06\/groene-lantaarn-van-glas-en-metaal-1000-3-29-180798_2.jpg\" alt=\"groene-lantaarn-van-glas-en-metaal-1000-3-29-180798_2\" width=\"1000\" height=\"1000\" srcset=\"https:\/\/www.global-projects.es\/wp-content\/uploads\/2018\/06\/groene-lantaarn-van-glas-en-metaal-1000-3-29-180798_2.jpg 1000w, https:\/\/www.global-projects.es\/wp-content\/uploads\/2018\/06\/groene-lantaarn-van-glas-en-metaal-1000-3-29-180798_2-150x150.jpg 150w, https:\/\/www.global-projects.es\/wp-content\/uploads\/2018\/06\/groene-lantaarn-van-glas-en-metaal-1000-3-29-180798_2-300x300.jpg 300w, https:\/\/www.global-projects.es\/wp-content\/uploads\/2018\/06\/groene-lantaarn-van-glas-en-metaal-1000-3-29-180798_2-768x768.jpg 768w\" sizes=\"(max-width: 1000px) 100vw, 1000px\" \/><\/p>\n","protected":false},"excerpt":{"rendered":"<p>El verano ya est\u00e1 aqu\u00ed y con \u00e9l apetece pasar largos momentos al aire libre con familia y\/o amigos.\u00a0C\u00f3mo ver\u00e9is esta temporada las tiendas est\u00e1n llenas de objetos apetecibles para decorar tu terraza. En esta semana os daremos algunas ideas para decorar tu exterior con farolillos que no podr\u00e1s resistirte ya que conseguir\u00e1s dar un [&hellip;]<\/p>\n","protected":false},"author":6,"featured_media":4819,"comment_status":"closed","ping_status":"closed","sticky":false,"template":"","format":"standard","meta":{"_et_pb_use_builder":"","_et_pb_old_content":"","_et_gb_content_width":"","footnotes":""},"categories":[1,36],"tags":[65,441],"class_list":["post-4813","post","type-post","status-publish","format-standard","has-post-thumbnail","hentry","category-sin-categorizar","category-interiorismo-2","tag-iluminacion","tag-farolillos"],"yoast_head":"<!-- This site is optimized with the Yoast SEO plugin v27.5 - https:\/\/yoast.com\/product\/yoast-seo-wordpress\/ -->\n<title>Decoraci\u00f3n con farolillos - Global Projects<\/title>\n<meta name=\"description\" content=\"Iluminar tu exterior con farolillos\" \/>\n<meta name=\"robots\" content=\"index, follow, max-snippet:-1, max-image-preview:large, max-video-preview:-1\" \/>\n<link rel=\"canonical\" href=\"https:\/\/www.global-projects.es\/es\/decoracion-con-farolillos\/\" \/>\n<meta property=\"og:locale\" content=\"es_ES\" \/>\n<meta property=\"og:type\" content=\"article\" \/>\n<meta property=\"og:title\" content=\"Decoraci\u00f3n con farolillos - Global Projects\" \/>\n<meta property=\"og:description\" content=\"Iluminar tu exterior con farolillos\" \/>\n<meta property=\"og:url\" content=\"https:\/\/www.global-projects.es\/es\/decoracion-con-farolillos\/\" \/>\n<meta property=\"og:site_name\" content=\"Global Projects\" \/>\n<meta property=\"article:publisher\" content=\"https:\/\/www.facebook.com\/gblprojects\" \/>\n<meta property=\"article:published_time\" content=\"2018-06-28T09:10:33+00:00\" \/>\n<meta property=\"og:image\" content=\"https:\/\/www.global-projects.es\/wp-content\/uploads\/2018\/06\/groene-lantaarn-van-glas-en-metaal-1000-3-29-180798_2.jpg\" \/>\n\t<meta property=\"og:image:width\" content=\"1000\" \/>\n\t<meta property=\"og:image:height\" content=\"1000\" \/>\n\t<meta property=\"og:image:type\" content=\"image\/jpeg\" \/>\n<meta name=\"author\" content=\"Isabel\" \/>\n<meta name=\"twitter:card\" content=\"summary_large_image\" \/>\n<meta name=\"twitter:creator\" content=\"@global_projects\" \/>\n<meta name=\"twitter:site\" content=\"@global_projects\" \/>\n<meta name=\"twitter:label1\" content=\"Escrito por\" \/>\n\t<meta name=\"twitter:data1\" content=\"Isabel\" \/>\n\t<meta name=\"twitter:label2\" content=\"Tiempo de lectura\" \/>\n\t<meta name=\"twitter:data2\" content=\"1 minuto\" \/>\n<script type=\"application\/ld+json\" class=\"yoast-schema-graph\">{\"@context\":\"https:\\\/\\\/schema.org\",\"@graph\":[{\"@type\":\"Article\",\"@id\":\"https:\\\/\\\/www.global-projects.es\\\/es\\\/decoracion-con-farolillos\\\/#article\",\"isPartOf\":{\"@id\":\"https:\\\/\\\/www.global-projects.es\\\/es\\\/decoracion-con-farolillos\\\/\"},\"author\":{\"name\":\"Isabel\",\"@id\":\"https:\\\/\\\/www.global-projects.es\\\/es\\\/#\\\/schema\\\/person\\\/feb928a91f10d3baca1337e0167dd193\"},\"headline\":\"Decoraci\u00f3n con farolillos\",\"datePublished\":\"2018-06-28T09:10:33+00:00\",\"mainEntityOfPage\":{\"@id\":\"https:\\\/\\\/www.global-projects.es\\\/es\\\/decoracion-con-farolillos\\\/\"},\"wordCount\":202,\"image\":{\"@id\":\"https:\\\/\\\/www.global-projects.es\\\/es\\\/decoracion-con-farolillos\\\/#primaryimage\"},\"thumbnailUrl\":\"https:\\\/\\\/www.global-projects.es\\\/wp-content\\\/uploads\\\/2018\\\/06\\\/groene-lantaarn-van-glas-en-metaal-1000-3-29-180798_2.jpg\",\"keywords\":[\"iluminaci\u00f3n\",\"farolillos\"],\"articleSection\":[\"Sin categorizar\",\"Interiorismo\"],\"inLanguage\":\"es\"},{\"@type\":\"WebPage\",\"@id\":\"https:\\\/\\\/www.global-projects.es\\\/es\\\/decoracion-con-farolillos\\\/\",\"url\":\"https:\\\/\\\/www.global-projects.es\\\/es\\\/decoracion-con-farolillos\\\/\",\"name\":\"Decoraci\u00f3n con farolillos - Global Projects\",\"isPartOf\":{\"@id\":\"https:\\\/\\\/www.global-projects.es\\\/es\\\/#website\"},\"primaryImageOfPage\":{\"@id\":\"https:\\\/\\\/www.global-projects.es\\\/es\\\/decoracion-con-farolillos\\\/#primaryimage\"},\"image\":{\"@id\":\"https:\\\/\\\/www.global-projects.es\\\/es\\\/decoracion-con-farolillos\\\/#primaryimage\"},\"thumbnailUrl\":\"https:\\\/\\\/www.global-projects.es\\\/wp-content\\\/uploads\\\/2018\\\/06\\\/groene-lantaarn-van-glas-en-metaal-1000-3-29-180798_2.jpg\",\"datePublished\":\"2018-06-28T09:10:33+00:00\",\"author\":{\"@id\":\"https:\\\/\\\/www.global-projects.es\\\/es\\\/#\\\/schema\\\/person\\\/feb928a91f10d3baca1337e0167dd193\"},\"description\":\"Iluminar tu exterior con farolillos\",\"breadcrumb\":{\"@id\":\"https:\\\/\\\/www.global-projects.es\\\/es\\\/decoracion-con-farolillos\\\/#breadcrumb\"},\"inLanguage\":\"es\",\"potentialAction\":[{\"@type\":\"ReadAction\",\"target\":[\"https:\\\/\\\/www.global-projects.es\\\/es\\\/decoracion-con-farolillos\\\/\"]}]},{\"@type\":\"ImageObject\",\"inLanguage\":\"es\",\"@id\":\"https:\\\/\\\/www.global-projects.es\\\/es\\\/decoracion-con-farolillos\\\/#primaryimage\",\"url\":\"https:\\\/\\\/www.global-projects.es\\\/wp-content\\\/uploads\\\/2018\\\/06\\\/groene-lantaarn-van-glas-en-metaal-1000-3-29-180798_2.jpg\",\"contentUrl\":\"https:\\\/\\\/www.global-projects.es\\\/wp-content\\\/uploads\\\/2018\\\/06\\\/groene-lantaarn-van-glas-en-metaal-1000-3-29-180798_2.jpg\",\"width\":1000,\"height\":1000},{\"@type\":\"BreadcrumbList\",\"@id\":\"https:\\\/\\\/www.global-projects.es\\\/es\\\/decoracion-con-farolillos\\\/#breadcrumb\",\"itemListElement\":[{\"@type\":\"ListItem\",\"position\":1,\"name\":\"Portada\",\"item\":\"https:\\\/\\\/www.global-projects.es\\\/es\\\/\"},{\"@type\":\"ListItem\",\"position\":2,\"name\":\"Decoraci\u00f3n con farolillos\"}]},{\"@type\":\"WebSite\",\"@id\":\"https:\\\/\\\/www.global-projects.es\\\/es\\\/#website\",\"url\":\"https:\\\/\\\/www.global-projects.es\\\/es\\\/\",\"name\":\"Global Projects\",\"description\":\"Reformas Integrales Barcelona\",\"potentialAction\":[{\"@type\":\"SearchAction\",\"target\":{\"@type\":\"EntryPoint\",\"urlTemplate\":\"https:\\\/\\\/www.global-projects.es\\\/es\\\/?s={search_term_string}\"},\"query-input\":{\"@type\":\"PropertyValueSpecification\",\"valueRequired\":true,\"valueName\":\"search_term_string\"}}],\"inLanguage\":\"es\"},{\"@type\":\"Person\",\"@id\":\"https:\\\/\\\/www.global-projects.es\\\/es\\\/#\\\/schema\\\/person\\\/feb928a91f10d3baca1337e0167dd193\",\"name\":\"Isabel\",\"url\":\"https:\\\/\\\/www.global-projects.es\\\/es\\\/author\\\/isabel\\\/\"}]}<\/script>\n<!-- \/ Yoast SEO plugin. -->","yoast_head_json":{"title":"Decoraci\u00f3n con farolillos - Global Projects","description":"Iluminar tu exterior con farolillos","robots":{"index":"index","follow":"follow","max-snippet":"max-snippet:-1","max-image-preview":"max-image-preview:large","max-video-preview":"max-video-preview:-1"},"canonical":"https:\/\/www.global-projects.es\/es\/decoracion-con-farolillos\/","og_locale":"es_ES","og_type":"article","og_title":"Decoraci\u00f3n con farolillos - Global Projects","og_description":"Iluminar tu exterior con farolillos","og_url":"https:\/\/www.global-projects.es\/es\/decoracion-con-farolillos\/","og_site_name":"Global Projects","article_publisher":"https:\/\/www.facebook.com\/gblprojects","article_published_time":"2018-06-28T09:10:33+00:00","og_image":[{"width":1000,"height":1000,"url":"https:\/\/www.global-projects.es\/wp-content\/uploads\/2018\/06\/groene-lantaarn-van-glas-en-metaal-1000-3-29-180798_2.jpg","type":"image\/jpeg"}],"author":"Isabel","twitter_card":"summary_large_image","twitter_creator":"@global_projects","twitter_site":"@global_projects","twitter_misc":{"Escrito por":"Isabel","Tiempo de lectura":"1 minuto"},"schema":{"@context":"https:\/\/schema.org","@graph":[{"@type":"Article","@id":"https:\/\/www.global-projects.es\/es\/decoracion-con-farolillos\/#article","isPartOf":{"@id":"https:\/\/www.global-projects.es\/es\/decoracion-con-farolillos\/"},"author":{"name":"Isabel","@id":"https:\/\/www.global-projects.es\/es\/#\/schema\/person\/feb928a91f10d3baca1337e0167dd193"},"headline":"Decoraci\u00f3n con farolillos","datePublished":"2018-06-28T09:10:33+00:00","mainEntityOfPage":{"@id":"https:\/\/www.global-projects.es\/es\/decoracion-con-farolillos\/"},"wordCount":202,"image":{"@id":"https:\/\/www.global-projects.es\/es\/decoracion-con-farolillos\/#primaryimage"},"thumbnailUrl":"https:\/\/www.global-projects.es\/wp-content\/uploads\/2018\/06\/groene-lantaarn-van-glas-en-metaal-1000-3-29-180798_2.jpg","keywords":["iluminaci\u00f3n","farolillos"],"articleSection":["Sin categorizar","Interiorismo"],"inLanguage":"es"},{"@type":"WebPage","@id":"https:\/\/www.global-projects.es\/es\/decoracion-con-farolillos\/","url":"https:\/\/www.global-projects.es\/es\/decoracion-con-farolillos\/","name":"Decoraci\u00f3n con farolillos - Global Projects","isPartOf":{"@id":"https:\/\/www.global-projects.es\/es\/#website"},"primaryImageOfPage":{"@id":"https:\/\/www.global-projects.es\/es\/decoracion-con-farolillos\/#primaryimage"},"image":{"@id":"https:\/\/www.global-projects.es\/es\/decoracion-con-farolillos\/#primaryimage"},"thumbnailUrl":"https:\/\/www.global-projects.es\/wp-content\/uploads\/2018\/06\/groene-lantaarn-van-glas-en-metaal-1000-3-29-180798_2.jpg","datePublished":"2018-06-28T09:10:33+00:00","author":{"@id":"https:\/\/www.global-projects.es\/es\/#\/schema\/person\/feb928a91f10d3baca1337e0167dd193"},"description":"Iluminar tu exterior con farolillos","breadcrumb":{"@id":"https:\/\/www.global-projects.es\/es\/decoracion-con-farolillos\/#breadcrumb"},"inLanguage":"es","potentialAction":[{"@type":"ReadAction","target":["https:\/\/www.global-projects.es\/es\/decoracion-con-farolillos\/"]}]},{"@type":"ImageObject","inLanguage":"es","@id":"https:\/\/www.global-projects.es\/es\/decoracion-con-farolillos\/#primaryimage","url":"https:\/\/www.global-projects.es\/wp-content\/uploads\/2018\/06\/groene-lantaarn-van-glas-en-metaal-1000-3-29-180798_2.jpg","contentUrl":"https:\/\/www.global-projects.es\/wp-content\/uploads\/2018\/06\/groene-lantaarn-van-glas-en-metaal-1000-3-29-180798_2.jpg","width":1000,"height":1000},{"@type":"BreadcrumbList","@id":"https:\/\/www.global-projects.es\/es\/decoracion-con-farolillos\/#breadcrumb","itemListElement":[{"@type":"ListItem","position":1,"name":"Portada","item":"https:\/\/www.global-projects.es\/es\/"},{"@type":"ListItem","position":2,"name":"Decoraci\u00f3n con farolillos"}]},{"@type":"WebSite","@id":"https:\/\/www.global-projects.es\/es\/#website","url":"https:\/\/www.global-projects.es\/es\/","name":"Global Projects","description":"Reformas Integrales Barcelona","potentialAction":[{"@type":"SearchAction","target":{"@type":"EntryPoint","urlTemplate":"https:\/\/www.global-projects.es\/es\/?s={search_term_string}"},"query-input":{"@type":"PropertyValueSpecification","valueRequired":true,"valueName":"search_term_string"}}],"inLanguage":"es"},{"@type":"Person","@id":"https:\/\/www.global-projects.es\/es\/#\/schema\/person\/feb928a91f10d3baca1337e0167dd193","name":"Isabel","url":"https:\/\/www.global-projects.es\/es\/author\/isabel\/"}]}},"_links":{"self":[{"href":"https:\/\/www.global-projects.es\/es\/wp-json\/wp\/v2\/posts\/4813","targetHints":{"allow":["GET"]}}],"collection":[{"href":"https:\/\/www.global-projects.es\/es\/wp-json\/wp\/v2\/posts"}],"about":[{"href":"https:\/\/www.global-projects.es\/es\/wp-json\/wp\/v2\/types\/post"}],"author":[{"embeddable":true,"href":"https:\/\/www.global-projects.es\/es\/wp-json\/wp\/v2\/users\/6"}],"replies":[{"embeddable":true,"href":"https:\/\/www.global-projects.es\/es\/wp-json\/wp\/v2\/comments?post=4813"}],"version-history":[{"count":0,"href":"https:\/\/www.global-projects.es\/es\/wp-json\/wp\/v2\/posts\/4813\/revisions"}],"wp:featuredmedia":[{"embeddable":true,"href":"https:\/\/www.global-projects.es\/es\/wp-json\/wp\/v2\/media\/4819"}],"wp:attachment":[{"href":"https:\/\/www.global-projects.es\/es\/wp-json\/wp\/v2\/media?parent=4813"}],"wp:term":[{"taxonomy":"category","embeddable":true,"href":"https:\/\/www.global-projects.es\/es\/wp-json\/wp\/v2\/categories?post=4813"},{"taxonomy":"post_tag","embeddable":true,"href":"https:\/\/www.global-projects.es\/es\/wp-json\/wp\/v2\/tags?post=4813"}],"curies":[{"name":"wp","href":"https:\/\/api.w.org\/{rel}","templated":true}]}}