{"id":4754,"date":"2018-09-06T09:32:06","date_gmt":"2018-09-06T09:32:06","guid":{"rendered":"http:\/\/www.global-projects.es\/?p=4754"},"modified":"2019-09-10T13:11:24","modified_gmt":"2019-09-10T11:11:24","slug":"guia-practica-elegir-sofa","status":"publish","type":"post","link":"https:\/\/www.global-projects.es\/es\/guia-practica-elegir-sofa\/","title":{"rendered":"Gu\u00eda pr\u00e1ctica para elegir sof\u00e1"},"content":{"rendered":"<blockquote><p>El sof\u00e1 es uno de los muebles clave de nuestro sal\u00f3n, ya que pasamos muchas horas sentados en \u00e9l, en compa\u00f1\u00eda, leyendo un libro, viendo una pel\u00edcula o ech\u00e1ndose una siesta.<\/p><\/blockquote>\n<p>Por eso, elegir sof\u00e1 es una de las decisiones m\u00e1s complicadas a la hora de amueblar una casa, ya que nos tenemos que fijar tanto en el dise\u00f1o como en su comodidad. Pero tenemos algo muy claro, tiene que ser: c\u00f3modo, resistente y funcional.<\/p>\n<p>Ahora viene la pregunta: \u00bfC\u00f3mo hago para elegir la opci\u00f3n que se adapte a mis necesidades? En el post de esta semana hemos recuperado informaci\u00f3n que seguro que te sirve como gu\u00eda a la hora de decidirte.<\/p>\n<p>&nbsp;<\/p>\n<h2><b>El tama\u00f1o s\u00ed importa<\/b><\/h2>\n<p><span style=\"font-weight: 400;\">Tenemos que ser consciente del espacio que tenemos en nuestro sal\u00f3n, por mucho que nos guste un determinado tipo de sof\u00e1 si las medidas son limitadas, nos sentiremos agobiados. As\u00ed que el primer consejo: Si vas a poner solo un sof\u00e1, \u00e9ste deber\u00eda ir en la pared m\u00e1s larga.<\/span><\/p>\n<p>Si vas a poner m\u00e1s de uno, te recomiendo que en las piezas espaciosas los distribuyas en forma de U, para crear as\u00ed espacios m\u00e1s acogedores.<\/p>\n<p><img loading=\"lazy\" decoding=\"async\" class=\" wp-image-3181 aligncenter\" src=\"https:\/\/www.global-projects.es\/wp-content\/uploads\/2019\/09\/3111856_original1.jpg\" alt=\"3111856_original\" width=\"717\" height=\"478\" \/><\/p>\n<p><img loading=\"lazy\" decoding=\"async\" class=\"wp-image-3661 aligncenter\" src=\"https:\/\/www.global-projects.es\/wp-content\/uploads\/2019\/09\/ReformaDiagonalMarBarcelona15-1024x640.jpg\" alt=\"ReformaDiagonalMarBarcelona15\" width=\"716\" height=\"447\" \/><\/p>\n<p>&nbsp;<\/p>\n<h2><b>Tapicer\u00eda resistente &amp; color neutro<\/b><\/h2>\n<p><span style=\"font-weight: 400;\">Una tapicer\u00eda de un material <\/span><b>resistente y de un color neutro<\/b><span style=\"font-weight: 400;\"> son claves para que tu sof\u00e1 perdure en el tiempo.<\/span><\/p>\n<p><span style=\"font-weight: 400;\">Si lo que quieres es un sof\u00e1 que te dure, os recomiendo que elijas materiales como <\/span><b>loneta, el algod\u00f3n, la chenilla o el cuero<\/b><span style=\"font-weight: 400;\"> (o ecocuero), que aguantan mejor el paso del tiempo y el trote de la vida diaria.<\/span><\/p>\n<p><img loading=\"lazy\" decoding=\"async\" class=\" wp-image-3182 aligncenter\" src=\"https:\/\/www.global-projects.es\/wp-content\/uploads\/2019\/09\/apartamento-en-nueva-york-02.jpg\" alt=\"apartamento-en-nueva-york-02\" width=\"718\" height=\"478\" \/><\/p>\n<p><img loading=\"lazy\" decoding=\"async\" class=\"aligncenter wp-image-3136 \" src=\"https:\/\/www.global-projects.es\/wp-content\/uploads\/2019\/09\/loft-1-e1390921912539.jpg\" alt=\"reformas integrales\" width=\"716\" height=\"485\" \/><\/p>\n<p>El color es algo muy personal, y de la decoraci\u00f3n de la casa, pero hay que tener en cuenta que un sof\u00e1 en colores neutros (tonos tierra, gris, blanco, negro\u2026) puede vestirse con cojines para darle un toque m\u00e1s personal.<\/p>\n<p><span style=\"font-weight: 400;\">Somos conscientes de que el blanco en un sof\u00e1 es muy sufrido, pero si por ejemplo tu sal\u00f3n tiene poca luz natural, el blanco le dar\u00e1 un toque extra de luz, visualmente parece que ocupe menos espacio, y nos aporta armon\u00eda en nuestro hogar. Eso s\u00ed, el tapizado que sea lavable. Y para los m\u00e1s atrevidos pod\u00e9is probar con colores m\u00e1s chillones e incluso con texturas.<\/span><\/p>\n<p><img loading=\"lazy\" decoding=\"async\" class=\"wp-image-653 aligncenter\" src=\"https:\/\/www.global-projects.es\/wp-content\/uploads\/2019\/09\/AGA_corcega108__012.jpg\" alt=\"Calle C\u00f3rsega\" width=\"716\" height=\"476\" \/><\/p>\n<p><img loading=\"lazy\" decoding=\"async\" class=\"wp-image-686 aligncenter\" src=\"https:\/\/www.global-projects.es\/wp-content\/uploads\/2019\/09\/PS-BALMES-5-1024x640.jpg\" alt=\"Reforma piso Barcelona\" width=\"720\" height=\"450\" \/><\/p>\n<h2><b>Mi tipo perfecto<\/b><\/h2>\n<p><span style=\"font-weight: 400;\">Sof\u00e1s hay de muchos tipos: de dos, tres, cuatro o cinco plazas, rinconeras, chaise longue, sof\u00e1 cama, fut\u00f3n&#8230; Y el tipo perfecto para ti ser\u00e1 <\/span><b>el que encaje mejor con la funci\u00f3n que le vayas a dar<\/b><span style=\"font-weight: 400;\">. <\/span><\/p>\n<p><span style=\"font-weight: 400;\">Es importante saber que es lo que buscas y qu\u00e9 uso le vas a dar. Si tienes un sal\u00f3n medio y te encanta pasar largos ratos estirado en el sof\u00e1 viendo una peli un sof\u00e1 con chaise longue puede ser una opci\u00f3n acertada.<\/span><\/p>\n<p><img loading=\"lazy\" decoding=\"async\" class=\"wp-image-3992 aligncenter\" src=\"https:\/\/www.global-projects.es\/wp-content\/uploads\/2019\/09\/ReformaintegralEixampleDreta09-1024x640.jpg\" alt=\"finca regia del ensanche barcelon\u00e9s\" width=\"718\" height=\"449\" \/><\/p>\n<p>&nbsp;<\/p>\n<p>&nbsp;<\/p>\n<p>&nbsp;<\/p>\n","protected":false},"excerpt":{"rendered":"<p>El sof\u00e1 es uno de los muebles clave de nuestro sal\u00f3n, ya que pasamos muchas horas sentados en \u00e9l, en compa\u00f1\u00eda, leyendo un libro, viendo una pel\u00edcula o ech\u00e1ndose una siesta. Por eso, elegir sof\u00e1 es una de las decisiones m\u00e1s complicadas a la hora de amueblar una casa, ya que nos tenemos que fijar [&hellip;]<\/p>\n","protected":false},"author":6,"featured_media":4405,"comment_status":"closed","ping_status":"closed","sticky":false,"template":"","format":"standard","meta":{"_et_pb_use_builder":"","_et_pb_old_content":"","_et_gb_content_width":"","footnotes":""},"categories":[19],"tags":[23,433,434,435,436],"class_list":["post-4754","post","type-post","status-publish","format-standard","has-post-thumbnail","hentry","category-diseno-2","tag-diseno-2","tag-clasico","tag-comodidad","tag-moderno","tag-sofa"],"yoast_head":"<!-- This site is optimized with the Yoast SEO plugin v27.5 - https:\/\/yoast.com\/product\/yoast-seo-wordpress\/ -->\n<title>Gu\u00eda pr\u00e1ctica para elegir sof\u00e1 - Global Projects<\/title>\n<meta name=\"robots\" content=\"index, follow, max-snippet:-1, max-image-preview:large, max-video-preview:-1\" \/>\n<link rel=\"canonical\" href=\"https:\/\/www.global-projects.es\/es\/guia-practica-elegir-sofa\/\" \/>\n<meta property=\"og:locale\" content=\"es_ES\" \/>\n<meta property=\"og:type\" content=\"article\" \/>\n<meta property=\"og:title\" content=\"Gu\u00eda pr\u00e1ctica para elegir sof\u00e1 - Global Projects\" \/>\n<meta property=\"og:description\" content=\"El sof\u00e1 es uno de los muebles clave de nuestro sal\u00f3n, ya que pasamos muchas horas sentados en \u00e9l, en compa\u00f1\u00eda, leyendo un libro, viendo una pel\u00edcula o ech\u00e1ndose una siesta. Por eso, elegir sof\u00e1 es una de las decisiones m\u00e1s complicadas a la hora de amueblar una casa, ya que nos tenemos que fijar [&hellip;]\" \/>\n<meta property=\"og:url\" content=\"https:\/\/www.global-projects.es\/es\/guia-practica-elegir-sofa\/\" \/>\n<meta property=\"og:site_name\" content=\"Global Projects\" \/>\n<meta property=\"article:publisher\" content=\"https:\/\/www.facebook.com\/gblprojects\" \/>\n<meta property=\"article:published_time\" content=\"2018-09-06T09:32:06+00:00\" \/>\n<meta property=\"article:modified_time\" content=\"2019-09-10T11:11:24+00:00\" \/>\n<meta property=\"og:image\" content=\"https:\/\/www.global-projects.es\/wp-content\/uploads\/2018\/03\/GP_GRANDEGRACIA_035-1024x684.jpg\" \/>\n\t<meta property=\"og:image:width\" content=\"1024\" \/>\n\t<meta property=\"og:image:height\" content=\"684\" \/>\n\t<meta property=\"og:image:type\" content=\"image\/jpeg\" \/>\n<meta name=\"author\" content=\"Isabel\" \/>\n<meta name=\"twitter:card\" content=\"summary_large_image\" \/>\n<meta name=\"twitter:creator\" content=\"@global_projects\" \/>\n<meta name=\"twitter:site\" content=\"@global_projects\" \/>\n<meta name=\"twitter:label1\" content=\"Escrito por\" \/>\n\t<meta name=\"twitter:data1\" content=\"Isabel\" \/>\n\t<meta name=\"twitter:label2\" content=\"Tiempo de lectura\" \/>\n\t<meta name=\"twitter:data2\" content=\"2 minutos\" \/>\n<script type=\"application\/ld+json\" class=\"yoast-schema-graph\">{\"@context\":\"https:\\\/\\\/schema.org\",\"@graph\":[{\"@type\":\"Article\",\"@id\":\"https:\\\/\\\/www.global-projects.es\\\/es\\\/guia-practica-elegir-sofa\\\/#article\",\"isPartOf\":{\"@id\":\"https:\\\/\\\/www.global-projects.es\\\/es\\\/guia-practica-elegir-sofa\\\/\"},\"author\":{\"name\":\"Isabel\",\"@id\":\"https:\\\/\\\/www.global-projects.es\\\/es\\\/#\\\/schema\\\/person\\\/feb928a91f10d3baca1337e0167dd193\"},\"headline\":\"Gu\u00eda pr\u00e1ctica para elegir sof\u00e1\",\"datePublished\":\"2018-09-06T09:32:06+00:00\",\"dateModified\":\"2019-09-10T11:11:24+00:00\",\"mainEntityOfPage\":{\"@id\":\"https:\\\/\\\/www.global-projects.es\\\/es\\\/guia-practica-elegir-sofa\\\/\"},\"wordCount\":490,\"image\":{\"@id\":\"https:\\\/\\\/www.global-projects.es\\\/es\\\/guia-practica-elegir-sofa\\\/#primaryimage\"},\"thumbnailUrl\":\"https:\\\/\\\/www.global-projects.es\\\/wp-content\\\/uploads\\\/2018\\\/03\\\/GP_GRANDEGRACIA_035.jpg\",\"keywords\":[\"dise\u00f1o\",\"clasico\",\"comodidad\",\"moderno\",\"sofa\"],\"articleSection\":[\"dise\u00f1o\"],\"inLanguage\":\"es\"},{\"@type\":\"WebPage\",\"@id\":\"https:\\\/\\\/www.global-projects.es\\\/es\\\/guia-practica-elegir-sofa\\\/\",\"url\":\"https:\\\/\\\/www.global-projects.es\\\/es\\\/guia-practica-elegir-sofa\\\/\",\"name\":\"Gu\u00eda pr\u00e1ctica para elegir sof\u00e1 - Global Projects\",\"isPartOf\":{\"@id\":\"https:\\\/\\\/www.global-projects.es\\\/es\\\/#website\"},\"primaryImageOfPage\":{\"@id\":\"https:\\\/\\\/www.global-projects.es\\\/es\\\/guia-practica-elegir-sofa\\\/#primaryimage\"},\"image\":{\"@id\":\"https:\\\/\\\/www.global-projects.es\\\/es\\\/guia-practica-elegir-sofa\\\/#primaryimage\"},\"thumbnailUrl\":\"https:\\\/\\\/www.global-projects.es\\\/wp-content\\\/uploads\\\/2018\\\/03\\\/GP_GRANDEGRACIA_035.jpg\",\"datePublished\":\"2018-09-06T09:32:06+00:00\",\"dateModified\":\"2019-09-10T11:11:24+00:00\",\"author\":{\"@id\":\"https:\\\/\\\/www.global-projects.es\\\/es\\\/#\\\/schema\\\/person\\\/feb928a91f10d3baca1337e0167dd193\"},\"breadcrumb\":{\"@id\":\"https:\\\/\\\/www.global-projects.es\\\/es\\\/guia-practica-elegir-sofa\\\/#breadcrumb\"},\"inLanguage\":\"es\",\"potentialAction\":[{\"@type\":\"ReadAction\",\"target\":[\"https:\\\/\\\/www.global-projects.es\\\/es\\\/guia-practica-elegir-sofa\\\/\"]}]},{\"@type\":\"ImageObject\",\"inLanguage\":\"es\",\"@id\":\"https:\\\/\\\/www.global-projects.es\\\/es\\\/guia-practica-elegir-sofa\\\/#primaryimage\",\"url\":\"https:\\\/\\\/www.global-projects.es\\\/wp-content\\\/uploads\\\/2018\\\/03\\\/GP_GRANDEGRACIA_035.jpg\",\"contentUrl\":\"https:\\\/\\\/www.global-projects.es\\\/wp-content\\\/uploads\\\/2018\\\/03\\\/GP_GRANDEGRACIA_035.jpg\",\"width\":4000,\"height\":2670,\"caption\":\"sal\u00f3n-gracia\"},{\"@type\":\"BreadcrumbList\",\"@id\":\"https:\\\/\\\/www.global-projects.es\\\/es\\\/guia-practica-elegir-sofa\\\/#breadcrumb\",\"itemListElement\":[{\"@type\":\"ListItem\",\"position\":1,\"name\":\"Portada\",\"item\":\"https:\\\/\\\/www.global-projects.es\\\/es\\\/\"},{\"@type\":\"ListItem\",\"position\":2,\"name\":\"Gu\u00eda pr\u00e1ctica para elegir sof\u00e1\"}]},{\"@type\":\"WebSite\",\"@id\":\"https:\\\/\\\/www.global-projects.es\\\/es\\\/#website\",\"url\":\"https:\\\/\\\/www.global-projects.es\\\/es\\\/\",\"name\":\"Global Projects\",\"description\":\"Reformas Integrales Barcelona\",\"potentialAction\":[{\"@type\":\"SearchAction\",\"target\":{\"@type\":\"EntryPoint\",\"urlTemplate\":\"https:\\\/\\\/www.global-projects.es\\\/es\\\/?s={search_term_string}\"},\"query-input\":{\"@type\":\"PropertyValueSpecification\",\"valueRequired\":true,\"valueName\":\"search_term_string\"}}],\"inLanguage\":\"es\"},{\"@type\":\"Person\",\"@id\":\"https:\\\/\\\/www.global-projects.es\\\/es\\\/#\\\/schema\\\/person\\\/feb928a91f10d3baca1337e0167dd193\",\"name\":\"Isabel\",\"url\":\"https:\\\/\\\/www.global-projects.es\\\/es\\\/author\\\/isabel\\\/\"}]}<\/script>\n<!-- \/ Yoast SEO plugin. -->","yoast_head_json":{"title":"Gu\u00eda pr\u00e1ctica para elegir sof\u00e1 - Global Projects","robots":{"index":"index","follow":"follow","max-snippet":"max-snippet:-1","max-image-preview":"max-image-preview:large","max-video-preview":"max-video-preview:-1"},"canonical":"https:\/\/www.global-projects.es\/es\/guia-practica-elegir-sofa\/","og_locale":"es_ES","og_type":"article","og_title":"Gu\u00eda pr\u00e1ctica para elegir sof\u00e1 - Global Projects","og_description":"El sof\u00e1 es uno de los muebles clave de nuestro sal\u00f3n, ya que pasamos muchas horas sentados en \u00e9l, en compa\u00f1\u00eda, leyendo un libro, viendo una pel\u00edcula o ech\u00e1ndose una siesta. Por eso, elegir sof\u00e1 es una de las decisiones m\u00e1s complicadas a la hora de amueblar una casa, ya que nos tenemos que fijar [&hellip;]","og_url":"https:\/\/www.global-projects.es\/es\/guia-practica-elegir-sofa\/","og_site_name":"Global Projects","article_publisher":"https:\/\/www.facebook.com\/gblprojects","article_published_time":"2018-09-06T09:32:06+00:00","article_modified_time":"2019-09-10T11:11:24+00:00","og_image":[{"width":1024,"height":684,"url":"https:\/\/www.global-projects.es\/wp-content\/uploads\/2018\/03\/GP_GRANDEGRACIA_035-1024x684.jpg","type":"image\/jpeg"}],"author":"Isabel","twitter_card":"summary_large_image","twitter_creator":"@global_projects","twitter_site":"@global_projects","twitter_misc":{"Escrito por":"Isabel","Tiempo de lectura":"2 minutos"},"schema":{"@context":"https:\/\/schema.org","@graph":[{"@type":"Article","@id":"https:\/\/www.global-projects.es\/es\/guia-practica-elegir-sofa\/#article","isPartOf":{"@id":"https:\/\/www.global-projects.es\/es\/guia-practica-elegir-sofa\/"},"author":{"name":"Isabel","@id":"https:\/\/www.global-projects.es\/es\/#\/schema\/person\/feb928a91f10d3baca1337e0167dd193"},"headline":"Gu\u00eda pr\u00e1ctica para elegir sof\u00e1","datePublished":"2018-09-06T09:32:06+00:00","dateModified":"2019-09-10T11:11:24+00:00","mainEntityOfPage":{"@id":"https:\/\/www.global-projects.es\/es\/guia-practica-elegir-sofa\/"},"wordCount":490,"image":{"@id":"https:\/\/www.global-projects.es\/es\/guia-practica-elegir-sofa\/#primaryimage"},"thumbnailUrl":"https:\/\/www.global-projects.es\/wp-content\/uploads\/2018\/03\/GP_GRANDEGRACIA_035.jpg","keywords":["dise\u00f1o","clasico","comodidad","moderno","sofa"],"articleSection":["dise\u00f1o"],"inLanguage":"es"},{"@type":"WebPage","@id":"https:\/\/www.global-projects.es\/es\/guia-practica-elegir-sofa\/","url":"https:\/\/www.global-projects.es\/es\/guia-practica-elegir-sofa\/","name":"Gu\u00eda pr\u00e1ctica para elegir sof\u00e1 - Global Projects","isPartOf":{"@id":"https:\/\/www.global-projects.es\/es\/#website"},"primaryImageOfPage":{"@id":"https:\/\/www.global-projects.es\/es\/guia-practica-elegir-sofa\/#primaryimage"},"image":{"@id":"https:\/\/www.global-projects.es\/es\/guia-practica-elegir-sofa\/#primaryimage"},"thumbnailUrl":"https:\/\/www.global-projects.es\/wp-content\/uploads\/2018\/03\/GP_GRANDEGRACIA_035.jpg","datePublished":"2018-09-06T09:32:06+00:00","dateModified":"2019-09-10T11:11:24+00:00","author":{"@id":"https:\/\/www.global-projects.es\/es\/#\/schema\/person\/feb928a91f10d3baca1337e0167dd193"},"breadcrumb":{"@id":"https:\/\/www.global-projects.es\/es\/guia-practica-elegir-sofa\/#breadcrumb"},"inLanguage":"es","potentialAction":[{"@type":"ReadAction","target":["https:\/\/www.global-projects.es\/es\/guia-practica-elegir-sofa\/"]}]},{"@type":"ImageObject","inLanguage":"es","@id":"https:\/\/www.global-projects.es\/es\/guia-practica-elegir-sofa\/#primaryimage","url":"https:\/\/www.global-projects.es\/wp-content\/uploads\/2018\/03\/GP_GRANDEGRACIA_035.jpg","contentUrl":"https:\/\/www.global-projects.es\/wp-content\/uploads\/2018\/03\/GP_GRANDEGRACIA_035.jpg","width":4000,"height":2670,"caption":"sal\u00f3n-gracia"},{"@type":"BreadcrumbList","@id":"https:\/\/www.global-projects.es\/es\/guia-practica-elegir-sofa\/#breadcrumb","itemListElement":[{"@type":"ListItem","position":1,"name":"Portada","item":"https:\/\/www.global-projects.es\/es\/"},{"@type":"ListItem","position":2,"name":"Gu\u00eda pr\u00e1ctica para elegir sof\u00e1"}]},{"@type":"WebSite","@id":"https:\/\/www.global-projects.es\/es\/#website","url":"https:\/\/www.global-projects.es\/es\/","name":"Global Projects","description":"Reformas Integrales Barcelona","potentialAction":[{"@type":"SearchAction","target":{"@type":"EntryPoint","urlTemplate":"https:\/\/www.global-projects.es\/es\/?s={search_term_string}"},"query-input":{"@type":"PropertyValueSpecification","valueRequired":true,"valueName":"search_term_string"}}],"inLanguage":"es"},{"@type":"Person","@id":"https:\/\/www.global-projects.es\/es\/#\/schema\/person\/feb928a91f10d3baca1337e0167dd193","name":"Isabel","url":"https:\/\/www.global-projects.es\/es\/author\/isabel\/"}]}},"_links":{"self":[{"href":"https:\/\/www.global-projects.es\/es\/wp-json\/wp\/v2\/posts\/4754","targetHints":{"allow":["GET"]}}],"collection":[{"href":"https:\/\/www.global-projects.es\/es\/wp-json\/wp\/v2\/posts"}],"about":[{"href":"https:\/\/www.global-projects.es\/es\/wp-json\/wp\/v2\/types\/post"}],"author":[{"embeddable":true,"href":"https:\/\/www.global-projects.es\/es\/wp-json\/wp\/v2\/users\/6"}],"replies":[{"embeddable":true,"href":"https:\/\/www.global-projects.es\/es\/wp-json\/wp\/v2\/comments?post=4754"}],"version-history":[{"count":0,"href":"https:\/\/www.global-projects.es\/es\/wp-json\/wp\/v2\/posts\/4754\/revisions"}],"wp:featuredmedia":[{"embeddable":true,"href":"https:\/\/www.global-projects.es\/es\/wp-json\/wp\/v2\/media\/4405"}],"wp:attachment":[{"href":"https:\/\/www.global-projects.es\/es\/wp-json\/wp\/v2\/media?parent=4754"}],"wp:term":[{"taxonomy":"category","embeddable":true,"href":"https:\/\/www.global-projects.es\/es\/wp-json\/wp\/v2\/categories?post=4754"},{"taxonomy":"post_tag","embeddable":true,"href":"https:\/\/www.global-projects.es\/es\/wp-json\/wp\/v2\/tags?post=4754"}],"curies":[{"name":"wp","href":"https:\/\/api.w.org\/{rel}","templated":true}]}}