{"id":4657,"date":"2018-06-14T11:00:24","date_gmt":"2018-06-14T11:00:24","guid":{"rendered":"http:\/\/www.global-projects.es\/?p=4657"},"modified":"2018-06-14T11:00:24","modified_gmt":"2018-06-14T11:00:24","slug":"habitaciones-infantiles","status":"publish","type":"post","link":"https:\/\/www.global-projects.es\/es\/habitaciones-infantiles\/","title":{"rendered":"Habitaciones infantiles"},"content":{"rendered":"<blockquote><p>Ya est\u00e1 pasado de moda en decorar la habitaci\u00f3n rosa para la ni\u00f1a y azul si es ni\u00f1o. Hoy en d\u00eda hay numerosas opciones para crear un ambiente, historias donde los m\u00e1s peque disfruten en su cuarto.<\/p><\/blockquote>\n<p>Te traemos en el post de esta semana algunas ideas sobre dormitorios infantiles, con fotos y propuestas para que decores las habitaciones de tu ni\u00f1a, ni\u00f1o o bebe. Porqu\u00e9 decorar una habitaci\u00f3n de ni\u00f1o no tiene porqu\u00e9 ser aburrido y serio.<\/p>\n<p>Seguro que muchos de nosotros recordaremos cuando \u00e9ramos cr\u00edos, que nos encantaba crear refugios donde ocultarnos de los adultos. Bajo la cama, tras una puerta o dentro del armario. Cualquier lugar era perfecto para crear magn\u00edficas historias y aventuras con nuestros hermanos o amigos.<\/p>\n<p>&nbsp;<\/p>\n<p>Si algo llama la atenci\u00f3n de\u00a0esta habitaci\u00f3n infantiles es, sin lugar a duda, el blanco que impera en \u00e9l.\u00a0 Teniendo en cuenta que los dormitorios infantiles son lugares en los que la luz siempre debe estar presente, el blanco logra que este fin se consiga mucho mejor.<\/p>\n<p><img loading=\"lazy\" decoding=\"async\" class=\" wp-image-4661 aligncenter\" src=\"https:\/\/www.global-projects.es\/wp-content\/uploads\/2018\/04\/COPERNIC_0030-1024x683.jpg\" alt=\"COPERNIC_0030\" width=\"726\" height=\"484\" srcset=\"https:\/\/www.global-projects.es\/wp-content\/uploads\/2018\/04\/COPERNIC_0030-1024x683.jpg 1024w, https:\/\/www.global-projects.es\/wp-content\/uploads\/2018\/04\/COPERNIC_0030-300x200.jpg 300w, https:\/\/www.global-projects.es\/wp-content\/uploads\/2018\/04\/COPERNIC_0030-768x513.jpg 768w, https:\/\/www.global-projects.es\/wp-content\/uploads\/2018\/04\/COPERNIC_0030-1080x721.jpg 1080w\" sizes=\"(max-width: 726px) 100vw, 726px\" \/><\/p>\n<p>Nos encantan estos detalles, como coment\u00e1bamos antes,\u00a0el refugio es un elementos importante, ya que los m\u00e1s peques podr\u00e1n pasarse horas y horas jugando creando magn\u00edficas historias en \u00e9l.<\/p>\n<p><img loading=\"lazy\" decoding=\"async\" class=\" wp-image-4662 aligncenter\" src=\"https:\/\/www.global-projects.es\/wp-content\/uploads\/2018\/04\/COPERNIC_0034-671x1024.jpg\" alt=\"COPERNIC_0034\" width=\"463\" height=\"706\" \/><\/p>\n<p>Las habitaciones infantiles van evolucionando con el paso de los a\u00f1os a medida que los m\u00e1s peques van creciendo. La siguiente habitaci\u00f3n que proponemos,est\u00e1 decorada tono rosa pastel y blanco con mobiliario al estilo retro.<\/p>\n<p><img loading=\"lazy\" decoding=\"async\" class=\" wp-image-4665 aligncenter\" src=\"https:\/\/www.global-projects.es\/wp-content\/uploads\/2018\/04\/GP_SANTBENET11B_030-1024x683.jpg\" alt=\"GP_SANTBENET11B_030\" width=\"632\" height=\"422\" \/><\/p>\n<p><img loading=\"lazy\" decoding=\"async\" class=\" wp-image-4658 aligncenter\" src=\"https:\/\/www.global-projects.es\/wp-content\/uploads\/2018\/04\/GP_SANTBENET11B_035-1024x683.jpg\" alt=\"GP_SANTBENET11B_035\" width=\"642\" height=\"428\" \/><\/p>\n<p>La siguiente propuesta es para los peques m\u00e1s atrevidos, aquellos que les encante dormir en una cama\u00a0ambientado en la pel\u00edcula CARS.<\/p>\n<p><img loading=\"lazy\" decoding=\"async\" class=\"wp-image-4660 aligncenter\" src=\"https:\/\/www.global-projects.es\/wp-content\/uploads\/2018\/04\/DSC4273-1024x684.jpg\" alt=\"_DSC4273\" width=\"656\" height=\"438\" \/><\/p>\n<p>Como ver\u00e9is no le faltan detalles a est\u00e1 habitaci\u00f3n y a la est\u00e1 fant\u00e1stica replica de coche antiguo, donde podr\u00e1n dejar volar su imaginaci\u00f3n.<\/p>\n<p><img loading=\"lazy\" decoding=\"async\" class=\" wp-image-4659 aligncenter\" src=\"https:\/\/www.global-projects.es\/wp-content\/uploads\/2018\/04\/DSC4270-684x1024.jpg\" alt=\"_DSC4270\" width=\"449\" height=\"672\" \/><\/p>\n","protected":false},"excerpt":{"rendered":"<p>Ya est\u00e1 pasado de moda en decorar la habitaci\u00f3n rosa para la ni\u00f1a y azul si es ni\u00f1o. Hoy en d\u00eda hay numerosas opciones para crear un ambiente, historias donde los m\u00e1s peque disfruten en su cuarto. Te traemos en el post de esta semana algunas ideas sobre dormitorios infantiles, con fotos y propuestas para [&hellip;]<\/p>\n","protected":false},"author":6,"featured_media":4661,"comment_status":"closed","ping_status":"closed","sticky":false,"template":"","format":"standard","meta":{"_et_pb_use_builder":"","_et_pb_old_content":"","_et_gb_content_width":"","footnotes":""},"categories":[36],"tags":[24,68,101,422,423],"class_list":["post-4657","post","type-post","status-publish","format-standard","has-post-thumbnail","hentry","category-interiorismo-2","tag-interiorismo-3","tag-global-projects","tag-decoracion","tag-habitaciones-infantiles","tag-sala-de-juegos"],"yoast_head":"<!-- This site is optimized with the Yoast SEO plugin v27.5 - https:\/\/yoast.com\/product\/yoast-seo-wordpress\/ -->\n<title>Habitaciones infantiles - Global Projects<\/title>\n<meta name=\"robots\" content=\"index, follow, max-snippet:-1, max-image-preview:large, max-video-preview:-1\" \/>\n<link rel=\"canonical\" href=\"https:\/\/www.global-projects.es\/es\/habitaciones-infantiles\/\" \/>\n<meta property=\"og:locale\" content=\"es_ES\" \/>\n<meta property=\"og:type\" content=\"article\" \/>\n<meta property=\"og:title\" content=\"Habitaciones infantiles - Global Projects\" \/>\n<meta property=\"og:description\" content=\"Ya est\u00e1 pasado de moda en decorar la habitaci\u00f3n rosa para la ni\u00f1a y azul si es ni\u00f1o. Hoy en d\u00eda hay numerosas opciones para crear un ambiente, historias donde los m\u00e1s peque disfruten en su cuarto. Te traemos en el post de esta semana algunas ideas sobre dormitorios infantiles, con fotos y propuestas para [&hellip;]\" \/>\n<meta property=\"og:url\" content=\"https:\/\/www.global-projects.es\/es\/habitaciones-infantiles\/\" \/>\n<meta property=\"og:site_name\" content=\"Global Projects\" \/>\n<meta property=\"article:publisher\" content=\"https:\/\/www.facebook.com\/gblprojects\" \/>\n<meta property=\"article:published_time\" content=\"2018-06-14T11:00:24+00:00\" \/>\n<meta property=\"og:image\" content=\"https:\/\/www.global-projects.es\/wp-content\/uploads\/2018\/04\/COPERNIC_0030-1024x683.jpg\" \/>\n\t<meta property=\"og:image:width\" content=\"1024\" \/>\n\t<meta property=\"og:image:height\" content=\"683\" \/>\n\t<meta property=\"og:image:type\" content=\"image\/jpeg\" \/>\n<meta name=\"author\" content=\"Isabel\" \/>\n<meta name=\"twitter:card\" content=\"summary_large_image\" \/>\n<meta name=\"twitter:creator\" content=\"@global_projects\" \/>\n<meta name=\"twitter:site\" content=\"@global_projects\" \/>\n<meta name=\"twitter:label1\" content=\"Escrito por\" \/>\n\t<meta name=\"twitter:data1\" content=\"Isabel\" \/>\n\t<meta name=\"twitter:label2\" content=\"Tiempo de lectura\" \/>\n\t<meta name=\"twitter:data2\" content=\"2 minutos\" \/>\n<script type=\"application\/ld+json\" class=\"yoast-schema-graph\">{\"@context\":\"https:\\\/\\\/schema.org\",\"@graph\":[{\"@type\":\"Article\",\"@id\":\"https:\\\/\\\/www.global-projects.es\\\/es\\\/habitaciones-infantiles\\\/#article\",\"isPartOf\":{\"@id\":\"https:\\\/\\\/www.global-projects.es\\\/es\\\/habitaciones-infantiles\\\/\"},\"author\":{\"name\":\"Isabel\",\"@id\":\"https:\\\/\\\/www.global-projects.es\\\/es\\\/#\\\/schema\\\/person\\\/feb928a91f10d3baca1337e0167dd193\"},\"headline\":\"Habitaciones infantiles\",\"datePublished\":\"2018-06-14T11:00:24+00:00\",\"mainEntityOfPage\":{\"@id\":\"https:\\\/\\\/www.global-projects.es\\\/es\\\/habitaciones-infantiles\\\/\"},\"wordCount\":311,\"image\":{\"@id\":\"https:\\\/\\\/www.global-projects.es\\\/es\\\/habitaciones-infantiles\\\/#primaryimage\"},\"thumbnailUrl\":\"https:\\\/\\\/www.global-projects.es\\\/wp-content\\\/uploads\\\/2018\\\/04\\\/COPERNIC_0030.jpg\",\"keywords\":[\"interiorismo\",\"Global projects\",\"decoraci\u00f3n\",\"habitaciones infantiles\",\"sala de juegos\"],\"articleSection\":[\"Interiorismo\"],\"inLanguage\":\"es\"},{\"@type\":\"WebPage\",\"@id\":\"https:\\\/\\\/www.global-projects.es\\\/es\\\/habitaciones-infantiles\\\/\",\"url\":\"https:\\\/\\\/www.global-projects.es\\\/es\\\/habitaciones-infantiles\\\/\",\"name\":\"Habitaciones infantiles - Global Projects\",\"isPartOf\":{\"@id\":\"https:\\\/\\\/www.global-projects.es\\\/es\\\/#website\"},\"primaryImageOfPage\":{\"@id\":\"https:\\\/\\\/www.global-projects.es\\\/es\\\/habitaciones-infantiles\\\/#primaryimage\"},\"image\":{\"@id\":\"https:\\\/\\\/www.global-projects.es\\\/es\\\/habitaciones-infantiles\\\/#primaryimage\"},\"thumbnailUrl\":\"https:\\\/\\\/www.global-projects.es\\\/wp-content\\\/uploads\\\/2018\\\/04\\\/COPERNIC_0030.jpg\",\"datePublished\":\"2018-06-14T11:00:24+00:00\",\"author\":{\"@id\":\"https:\\\/\\\/www.global-projects.es\\\/es\\\/#\\\/schema\\\/person\\\/feb928a91f10d3baca1337e0167dd193\"},\"breadcrumb\":{\"@id\":\"https:\\\/\\\/www.global-projects.es\\\/es\\\/habitaciones-infantiles\\\/#breadcrumb\"},\"inLanguage\":\"es\",\"potentialAction\":[{\"@type\":\"ReadAction\",\"target\":[\"https:\\\/\\\/www.global-projects.es\\\/es\\\/habitaciones-infantiles\\\/\"]}]},{\"@type\":\"ImageObject\",\"inLanguage\":\"es\",\"@id\":\"https:\\\/\\\/www.global-projects.es\\\/es\\\/habitaciones-infantiles\\\/#primaryimage\",\"url\":\"https:\\\/\\\/www.global-projects.es\\\/wp-content\\\/uploads\\\/2018\\\/04\\\/COPERNIC_0030.jpg\",\"contentUrl\":\"https:\\\/\\\/www.global-projects.es\\\/wp-content\\\/uploads\\\/2018\\\/04\\\/COPERNIC_0030.jpg\",\"width\":3455,\"height\":2306},{\"@type\":\"BreadcrumbList\",\"@id\":\"https:\\\/\\\/www.global-projects.es\\\/es\\\/habitaciones-infantiles\\\/#breadcrumb\",\"itemListElement\":[{\"@type\":\"ListItem\",\"position\":1,\"name\":\"Portada\",\"item\":\"https:\\\/\\\/www.global-projects.es\\\/es\\\/\"},{\"@type\":\"ListItem\",\"position\":2,\"name\":\"Habitaciones infantiles\"}]},{\"@type\":\"WebSite\",\"@id\":\"https:\\\/\\\/www.global-projects.es\\\/es\\\/#website\",\"url\":\"https:\\\/\\\/www.global-projects.es\\\/es\\\/\",\"name\":\"Global Projects\",\"description\":\"Reformas Integrales Barcelona\",\"potentialAction\":[{\"@type\":\"SearchAction\",\"target\":{\"@type\":\"EntryPoint\",\"urlTemplate\":\"https:\\\/\\\/www.global-projects.es\\\/es\\\/?s={search_term_string}\"},\"query-input\":{\"@type\":\"PropertyValueSpecification\",\"valueRequired\":true,\"valueName\":\"search_term_string\"}}],\"inLanguage\":\"es\"},{\"@type\":\"Person\",\"@id\":\"https:\\\/\\\/www.global-projects.es\\\/es\\\/#\\\/schema\\\/person\\\/feb928a91f10d3baca1337e0167dd193\",\"name\":\"Isabel\",\"url\":\"https:\\\/\\\/www.global-projects.es\\\/es\\\/author\\\/isabel\\\/\"}]}<\/script>\n<!-- \/ Yoast SEO plugin. -->","yoast_head_json":{"title":"Habitaciones infantiles - Global Projects","robots":{"index":"index","follow":"follow","max-snippet":"max-snippet:-1","max-image-preview":"max-image-preview:large","max-video-preview":"max-video-preview:-1"},"canonical":"https:\/\/www.global-projects.es\/es\/habitaciones-infantiles\/","og_locale":"es_ES","og_type":"article","og_title":"Habitaciones infantiles - Global Projects","og_description":"Ya est\u00e1 pasado de moda en decorar la habitaci\u00f3n rosa para la ni\u00f1a y azul si es ni\u00f1o. Hoy en d\u00eda hay numerosas opciones para crear un ambiente, historias donde los m\u00e1s peque disfruten en su cuarto. Te traemos en el post de esta semana algunas ideas sobre dormitorios infantiles, con fotos y propuestas para [&hellip;]","og_url":"https:\/\/www.global-projects.es\/es\/habitaciones-infantiles\/","og_site_name":"Global Projects","article_publisher":"https:\/\/www.facebook.com\/gblprojects","article_published_time":"2018-06-14T11:00:24+00:00","og_image":[{"width":1024,"height":683,"url":"https:\/\/www.global-projects.es\/wp-content\/uploads\/2018\/04\/COPERNIC_0030-1024x683.jpg","type":"image\/jpeg"}],"author":"Isabel","twitter_card":"summary_large_image","twitter_creator":"@global_projects","twitter_site":"@global_projects","twitter_misc":{"Escrito por":"Isabel","Tiempo de lectura":"2 minutos"},"schema":{"@context":"https:\/\/schema.org","@graph":[{"@type":"Article","@id":"https:\/\/www.global-projects.es\/es\/habitaciones-infantiles\/#article","isPartOf":{"@id":"https:\/\/www.global-projects.es\/es\/habitaciones-infantiles\/"},"author":{"name":"Isabel","@id":"https:\/\/www.global-projects.es\/es\/#\/schema\/person\/feb928a91f10d3baca1337e0167dd193"},"headline":"Habitaciones infantiles","datePublished":"2018-06-14T11:00:24+00:00","mainEntityOfPage":{"@id":"https:\/\/www.global-projects.es\/es\/habitaciones-infantiles\/"},"wordCount":311,"image":{"@id":"https:\/\/www.global-projects.es\/es\/habitaciones-infantiles\/#primaryimage"},"thumbnailUrl":"https:\/\/www.global-projects.es\/wp-content\/uploads\/2018\/04\/COPERNIC_0030.jpg","keywords":["interiorismo","Global projects","decoraci\u00f3n","habitaciones infantiles","sala de juegos"],"articleSection":["Interiorismo"],"inLanguage":"es"},{"@type":"WebPage","@id":"https:\/\/www.global-projects.es\/es\/habitaciones-infantiles\/","url":"https:\/\/www.global-projects.es\/es\/habitaciones-infantiles\/","name":"Habitaciones infantiles - Global Projects","isPartOf":{"@id":"https:\/\/www.global-projects.es\/es\/#website"},"primaryImageOfPage":{"@id":"https:\/\/www.global-projects.es\/es\/habitaciones-infantiles\/#primaryimage"},"image":{"@id":"https:\/\/www.global-projects.es\/es\/habitaciones-infantiles\/#primaryimage"},"thumbnailUrl":"https:\/\/www.global-projects.es\/wp-content\/uploads\/2018\/04\/COPERNIC_0030.jpg","datePublished":"2018-06-14T11:00:24+00:00","author":{"@id":"https:\/\/www.global-projects.es\/es\/#\/schema\/person\/feb928a91f10d3baca1337e0167dd193"},"breadcrumb":{"@id":"https:\/\/www.global-projects.es\/es\/habitaciones-infantiles\/#breadcrumb"},"inLanguage":"es","potentialAction":[{"@type":"ReadAction","target":["https:\/\/www.global-projects.es\/es\/habitaciones-infantiles\/"]}]},{"@type":"ImageObject","inLanguage":"es","@id":"https:\/\/www.global-projects.es\/es\/habitaciones-infantiles\/#primaryimage","url":"https:\/\/www.global-projects.es\/wp-content\/uploads\/2018\/04\/COPERNIC_0030.jpg","contentUrl":"https:\/\/www.global-projects.es\/wp-content\/uploads\/2018\/04\/COPERNIC_0030.jpg","width":3455,"height":2306},{"@type":"BreadcrumbList","@id":"https:\/\/www.global-projects.es\/es\/habitaciones-infantiles\/#breadcrumb","itemListElement":[{"@type":"ListItem","position":1,"name":"Portada","item":"https:\/\/www.global-projects.es\/es\/"},{"@type":"ListItem","position":2,"name":"Habitaciones infantiles"}]},{"@type":"WebSite","@id":"https:\/\/www.global-projects.es\/es\/#website","url":"https:\/\/www.global-projects.es\/es\/","name":"Global Projects","description":"Reformas Integrales Barcelona","potentialAction":[{"@type":"SearchAction","target":{"@type":"EntryPoint","urlTemplate":"https:\/\/www.global-projects.es\/es\/?s={search_term_string}"},"query-input":{"@type":"PropertyValueSpecification","valueRequired":true,"valueName":"search_term_string"}}],"inLanguage":"es"},{"@type":"Person","@id":"https:\/\/www.global-projects.es\/es\/#\/schema\/person\/feb928a91f10d3baca1337e0167dd193","name":"Isabel","url":"https:\/\/www.global-projects.es\/es\/author\/isabel\/"}]}},"_links":{"self":[{"href":"https:\/\/www.global-projects.es\/es\/wp-json\/wp\/v2\/posts\/4657","targetHints":{"allow":["GET"]}}],"collection":[{"href":"https:\/\/www.global-projects.es\/es\/wp-json\/wp\/v2\/posts"}],"about":[{"href":"https:\/\/www.global-projects.es\/es\/wp-json\/wp\/v2\/types\/post"}],"author":[{"embeddable":true,"href":"https:\/\/www.global-projects.es\/es\/wp-json\/wp\/v2\/users\/6"}],"replies":[{"embeddable":true,"href":"https:\/\/www.global-projects.es\/es\/wp-json\/wp\/v2\/comments?post=4657"}],"version-history":[{"count":0,"href":"https:\/\/www.global-projects.es\/es\/wp-json\/wp\/v2\/posts\/4657\/revisions"}],"wp:featuredmedia":[{"embeddable":true,"href":"https:\/\/www.global-projects.es\/es\/wp-json\/wp\/v2\/media\/4661"}],"wp:attachment":[{"href":"https:\/\/www.global-projects.es\/es\/wp-json\/wp\/v2\/media?parent=4657"}],"wp:term":[{"taxonomy":"category","embeddable":true,"href":"https:\/\/www.global-projects.es\/es\/wp-json\/wp\/v2\/categories?post=4657"},{"taxonomy":"post_tag","embeddable":true,"href":"https:\/\/www.global-projects.es\/es\/wp-json\/wp\/v2\/tags?post=4657"}],"curies":[{"name":"wp","href":"https:\/\/api.w.org\/{rel}","templated":true}]}}