{"id":3385,"date":"2014-04-10T18:47:07","date_gmt":"2014-04-10T17:47:07","guid":{"rendered":"http:\/\/www.global-projects.es\/blog\/?p=2144"},"modified":"2014-04-10T18:47:07","modified_gmt":"2014-04-10T17:47:07","slug":"un-jardin-tu-medida","status":"publish","type":"post","link":"https:\/\/www.global-projects.es\/es\/un-jardin-tu-medida\/","title":{"rendered":"Un jard\u00edn a tu medida"},"content":{"rendered":"<p>Vives en un piso en medio de la ciudad y siempre has deseado tener tu propio jard\u00edn? Ahora el hecho de vivir en una vivienda peque\u00f1a con poco espacio ya no es un impedimento para tener tu propio espacio de naturaleza. Porque tambi\u00e9n se puede decorar de fuera hacia adentro, creando rincones en tu hogar que cambian al ritmo de las estaciones.<\/p>\n<p>Este tipo de jardines los puedes tener de cualquier tama\u00f1o, de la altura que desees y con amplia oportunidad de la elecci\u00f3n de las plantas.\u00a0 Ahora tenemos la posibilidad de tapizar superficies tanto en horizontal como en vertical e incluso prescindiendo de los b\u00e1sicos como la luz natural, el mantenimiento o la propia tierra; ahora ya no esta de moda la presencia de vegetaci\u00f3n puntual, planta a planta.<\/p>\n<p>Construir tu propio jard\u00edn no tiene l\u00edmites, solo nuestra imaginaci\u00f3n. Hay muchas miles de f\u00f3rmulas para hacer tu jard\u00edn vertical des de una estructura vertical por la que trepen las plantas o mediante paneles donde colocarlas, hasta hacerlos aislando los huecos de un palet.<\/p>\n<p>Ahora podemos afirmar que las grandes extensiones de vegetaci\u00f3n no son una exclusividad de los espacios exteriores<\/p>\n<p style=\"text-align: center;\">.<a href=\"https:\/\/www.global-projects.es\/blog\/wp-content\/uploads\/2014\/04\/2a5e233237d56841190ce0f1027bf345.jpg\"><img loading=\"lazy\" decoding=\"async\" class=\"size-medium wp-image-2146 aligncenter\" alt=\"2a5e233237d56841190ce0f1027bf345\" src=\"https:\/\/www.global-projects.es\/blog\/wp-content\/uploads\/2014\/04\/2a5e233237d56841190ce0f1027bf345-225x300.jpg\" width=\"225\" height=\"300\" \/><\/a><\/p>\n<p style=\"text-align: center;\"><a href=\"https:\/\/www.global-projects.es\/blog\/wp-content\/uploads\/2014\/04\/5e8eb0b434b500dbbe371261a4e0239c.jpg\"><img loading=\"lazy\" decoding=\"async\" class=\" wp-image-2147 aligncenter\" alt=\"5e8eb0b434b500dbbe371261a4e0239c\" src=\"https:\/\/www.global-projects.es\/blog\/wp-content\/uploads\/2014\/04\/5e8eb0b434b500dbbe371261a4e0239c-241x300.jpg\" width=\"225\" height=\"300\" \/><\/a><\/p>\n<p style=\"text-align: center;\"><a href=\"https:\/\/www.global-projects.es\/blog\/wp-content\/uploads\/2014\/04\/74c86fe7c6809aa8dd48696fdb327283.jpg\"><img loading=\"lazy\" decoding=\"async\" class=\"size-medium wp-image-2148 aligncenter\" alt=\"74c86fe7c6809aa8dd48696fdb327283\" src=\"https:\/\/www.global-projects.es\/blog\/wp-content\/uploads\/2014\/04\/74c86fe7c6809aa8dd48696fdb327283-225x300.jpg\" width=\"225\" height=\"300\" \/><\/a><\/p>\n<p style=\"text-align: center;\"><a href=\"https:\/\/www.global-projects.es\/blog\/wp-content\/uploads\/2014\/04\/9741479ac5c4fc8f632b98215f210f9c.jpg\"><img loading=\"lazy\" decoding=\"async\" class=\" wp-image-2149 aligncenter\" alt=\"9741479ac5c4fc8f632b98215f210f9c\" src=\"https:\/\/www.global-projects.es\/blog\/wp-content\/uploads\/2014\/04\/9741479ac5c4fc8f632b98215f210f9c-198x300.jpg\" width=\"225\" height=\"300\" \/><\/a><\/p>\n<p style=\"text-align: center;\"><a href=\"https:\/\/www.global-projects.es\/blog\/wp-content\/uploads\/2014\/04\/f4adc6ff2215bb34980b28303085c17a.jpg\"><img loading=\"lazy\" decoding=\"async\" class=\" wp-image-2151 aligncenter\" alt=\"f4adc6ff2215bb34980b28303085c17a\" src=\"https:\/\/www.global-projects.es\/blog\/wp-content\/uploads\/2014\/04\/f4adc6ff2215bb34980b28303085c17a-198x300.jpg\" width=\"225\" height=\"300\" \/><\/a><\/p>\n<p style=\"text-align: center;\"><img loading=\"lazy\" decoding=\"async\" class=\"size-medium wp-image-2150 aligncenter\" alt=\"138492434395_01122\" src=\"https:\/\/www.global-projects.es\/blog\/wp-content\/uploads\/2014\/04\/138492434395_01122-300x197.jpg\" width=\"300\" height=\"197\" \/><\/p>\n<p style=\"text-align: center;\"><a href=\"https:\/\/www.global-projects.es\/blog\/wp-content\/uploads\/2014\/04\/jardin_vertical_1.jpg\"><img loading=\"lazy\" decoding=\"async\" class=\"size-medium wp-image-2152 aligncenter\" alt=\"jardin_vertical_1\" src=\"https:\/\/www.global-projects.es\/blog\/wp-content\/uploads\/2014\/04\/jardin_vertical_1-300x206.jpg\" width=\"300\" height=\"206\" \/><\/a><\/p>\n<p style=\"text-align: center;\"><a href=\"https:\/\/www.global-projects.es\/blog\/wp-content\/uploads\/2014\/04\/jardin-vertical-2.jpg\"><img loading=\"lazy\" decoding=\"async\" class=\"size-medium wp-image-2153 aligncenter\" alt=\"jardin-vertical-2\" src=\"https:\/\/www.global-projects.es\/blog\/wp-content\/uploads\/2014\/04\/jardin-vertical-2-300x208.jpg\" width=\"300\" height=\"208\" \/><\/a><\/p>\n<p style=\"text-align: center;\"><a href=\"https:\/\/www.global-projects.es\/blog\/wp-content\/uploads\/2014\/04\/jardin-vertical-3.jpg\"><img loading=\"lazy\" decoding=\"async\" class=\"size-medium wp-image-2154 aligncenter\" alt=\"jardin-vertical-3\" src=\"https:\/\/www.global-projects.es\/blog\/wp-content\/uploads\/2014\/04\/jardin-vertical-3-300x191.jpg\" width=\"300\" height=\"191\" \/><\/a><\/p>\n<p>En\u00a0<a href=\"http:\/\/www.global-projects.es\"><strong>Global Projects<\/strong><\/a>\u00a0queremos ayudarte a hacer tu jard\u00edn ideal, \u00a0por eso ponemos a tu disposici\u00f3n a nuestros mejores profesionales en interiorismo para que te ayuden.<\/p>\n<p>Somos una\u00a0<strong><a href=\"https:\/\/www.global-projects.es\/es\/reformas-global-projects.html\">empresa de reformas<\/a><\/strong>\u00a0en Barcelona con una gran experiencia en el sector.\u00a0Nuestros servicios incluyen\u00a0<strong><a href=\"https:\/\/www.global-projects.es\/es\/reformas-integrales.html\">reformas de viviendas<\/a><\/strong>,\u00a0<strong><a href=\"https:\/\/www.global-projects.es\/es\/locales-comerciales.html\">reformas de locales comerciales<\/a>\u00a0<\/strong>y\u00a0<strong>todo tipo de instalaciones.<\/strong><\/p>\n<p>P\u00eddenos\u00a0<strong><a href=\"https:\/\/www.global-projects.es\/es\/formulario.html\">presupuesto<\/a><\/strong>\u00a0sin compromiso.<\/p>\n<p>&nbsp;<\/p>\n","protected":false},"excerpt":{"rendered":"<p>Vives en un piso en medio de la ciudad y siempre has deseado tener tu propio jard\u00edn? Ahora el hecho de vivir en una vivienda peque\u00f1a con poco espacio ya no es un impedimento para tener tu propio espacio de naturaleza. Porque tambi\u00e9n se puede decorar de fuera hacia adentro, creando rincones en tu hogar [&hellip;]<\/p>\n","protected":false},"author":4,"featured_media":2156,"comment_status":"closed","ping_status":"closed","sticky":false,"template":"","format":"standard","meta":{"_et_pb_use_builder":"","_et_pb_old_content":"","_et_gb_content_width":"","footnotes":""},"categories":[21,36],"tags":[180],"class_list":["post-3385","post","type-post","status-publish","format-standard","has-post-thumbnail","hentry","category-novedades","category-interiorismo-2","tag-reformas-integrarles"],"yoast_head":"<!-- This site is optimized with the Yoast SEO plugin v27.5 - https:\/\/yoast.com\/product\/yoast-seo-wordpress\/ -->\n<title>Un jard\u00edn a tu medida - Global Projects<\/title>\n<meta name=\"robots\" content=\"index, follow, max-snippet:-1, max-image-preview:large, max-video-preview:-1\" \/>\n<link rel=\"canonical\" href=\"https:\/\/www.global-projects.es\/es\/un-jardin-tu-medida\/\" \/>\n<meta property=\"og:locale\" content=\"es_ES\" \/>\n<meta property=\"og:type\" content=\"article\" \/>\n<meta property=\"og:title\" content=\"Un jard\u00edn a tu medida - Global Projects\" \/>\n<meta property=\"og:description\" content=\"Vives en un piso en medio de la ciudad y siempre has deseado tener tu propio jard\u00edn? Ahora el hecho de vivir en una vivienda peque\u00f1a con poco espacio ya no es un impedimento para tener tu propio espacio de naturaleza. Porque tambi\u00e9n se puede decorar de fuera hacia adentro, creando rincones en tu hogar [&hellip;]\" \/>\n<meta property=\"og:url\" content=\"https:\/\/www.global-projects.es\/es\/un-jardin-tu-medida\/\" \/>\n<meta property=\"og:site_name\" content=\"Global Projects\" \/>\n<meta property=\"article:publisher\" content=\"https:\/\/www.facebook.com\/gblprojects\" \/>\n<meta property=\"article:published_time\" content=\"2014-04-10T17:47:07+00:00\" \/>\n<meta property=\"og:image\" content=\"https:\/\/www.global-projects.es\/wp-content\/uploads\/2014\/04\/jardin_vertical_0.jpg\" \/>\n\t<meta property=\"og:image:width\" content=\"580\" \/>\n\t<meta property=\"og:image:height\" content=\"400\" \/>\n\t<meta property=\"og:image:type\" content=\"image\/jpeg\" \/>\n<meta name=\"author\" content=\"Global\" \/>\n<meta name=\"twitter:card\" content=\"summary_large_image\" \/>\n<meta name=\"twitter:creator\" content=\"@global_projects\" \/>\n<meta name=\"twitter:site\" content=\"@global_projects\" \/>\n<meta name=\"twitter:label1\" content=\"Escrito por\" \/>\n\t<meta name=\"twitter:data1\" content=\"Global\" \/>\n\t<meta name=\"twitter:label2\" content=\"Tiempo de lectura\" \/>\n\t<meta name=\"twitter:data2\" content=\"1 minuto\" \/>\n<script type=\"application\/ld+json\" class=\"yoast-schema-graph\">{\"@context\":\"https:\\\/\\\/schema.org\",\"@graph\":[{\"@type\":\"Article\",\"@id\":\"https:\\\/\\\/www.global-projects.es\\\/es\\\/un-jardin-tu-medida\\\/#article\",\"isPartOf\":{\"@id\":\"https:\\\/\\\/www.global-projects.es\\\/es\\\/un-jardin-tu-medida\\\/\"},\"author\":{\"name\":\"Global\",\"@id\":\"https:\\\/\\\/www.global-projects.es\\\/es\\\/#\\\/schema\\\/person\\\/62ec8db1b3b6b0776dc86d00b37c57ff\"},\"headline\":\"Un jard\u00edn a tu medida\",\"datePublished\":\"2014-04-10T17:47:07+00:00\",\"mainEntityOfPage\":{\"@id\":\"https:\\\/\\\/www.global-projects.es\\\/es\\\/un-jardin-tu-medida\\\/\"},\"wordCount\":273,\"image\":{\"@id\":\"https:\\\/\\\/www.global-projects.es\\\/es\\\/un-jardin-tu-medida\\\/#primaryimage\"},\"thumbnailUrl\":\"https:\\\/\\\/www.global-projects.es\\\/wp-content\\\/uploads\\\/2014\\\/04\\\/jardin_vertical_0.jpg\",\"keywords\":[\"reformas integrarles\"],\"articleSection\":[\"novedades\",\"Interiorismo\"],\"inLanguage\":\"es\"},{\"@type\":\"WebPage\",\"@id\":\"https:\\\/\\\/www.global-projects.es\\\/es\\\/un-jardin-tu-medida\\\/\",\"url\":\"https:\\\/\\\/www.global-projects.es\\\/es\\\/un-jardin-tu-medida\\\/\",\"name\":\"Un jard\u00edn a tu medida - Global Projects\",\"isPartOf\":{\"@id\":\"https:\\\/\\\/www.global-projects.es\\\/es\\\/#website\"},\"primaryImageOfPage\":{\"@id\":\"https:\\\/\\\/www.global-projects.es\\\/es\\\/un-jardin-tu-medida\\\/#primaryimage\"},\"image\":{\"@id\":\"https:\\\/\\\/www.global-projects.es\\\/es\\\/un-jardin-tu-medida\\\/#primaryimage\"},\"thumbnailUrl\":\"https:\\\/\\\/www.global-projects.es\\\/wp-content\\\/uploads\\\/2014\\\/04\\\/jardin_vertical_0.jpg\",\"datePublished\":\"2014-04-10T17:47:07+00:00\",\"author\":{\"@id\":\"https:\\\/\\\/www.global-projects.es\\\/es\\\/#\\\/schema\\\/person\\\/62ec8db1b3b6b0776dc86d00b37c57ff\"},\"breadcrumb\":{\"@id\":\"https:\\\/\\\/www.global-projects.es\\\/es\\\/un-jardin-tu-medida\\\/#breadcrumb\"},\"inLanguage\":\"es\",\"potentialAction\":[{\"@type\":\"ReadAction\",\"target\":[\"https:\\\/\\\/www.global-projects.es\\\/es\\\/un-jardin-tu-medida\\\/\"]}]},{\"@type\":\"ImageObject\",\"inLanguage\":\"es\",\"@id\":\"https:\\\/\\\/www.global-projects.es\\\/es\\\/un-jardin-tu-medida\\\/#primaryimage\",\"url\":\"https:\\\/\\\/www.global-projects.es\\\/wp-content\\\/uploads\\\/2014\\\/04\\\/jardin_vertical_0.jpg\",\"contentUrl\":\"https:\\\/\\\/www.global-projects.es\\\/wp-content\\\/uploads\\\/2014\\\/04\\\/jardin_vertical_0.jpg\",\"width\":580,\"height\":400},{\"@type\":\"BreadcrumbList\",\"@id\":\"https:\\\/\\\/www.global-projects.es\\\/es\\\/un-jardin-tu-medida\\\/#breadcrumb\",\"itemListElement\":[{\"@type\":\"ListItem\",\"position\":1,\"name\":\"Portada\",\"item\":\"https:\\\/\\\/www.global-projects.es\\\/es\\\/\"},{\"@type\":\"ListItem\",\"position\":2,\"name\":\"Un jard\u00edn a tu medida\"}]},{\"@type\":\"WebSite\",\"@id\":\"https:\\\/\\\/www.global-projects.es\\\/es\\\/#website\",\"url\":\"https:\\\/\\\/www.global-projects.es\\\/es\\\/\",\"name\":\"Global Projects\",\"description\":\"Reformas Integrales Barcelona\",\"potentialAction\":[{\"@type\":\"SearchAction\",\"target\":{\"@type\":\"EntryPoint\",\"urlTemplate\":\"https:\\\/\\\/www.global-projects.es\\\/es\\\/?s={search_term_string}\"},\"query-input\":{\"@type\":\"PropertyValueSpecification\",\"valueRequired\":true,\"valueName\":\"search_term_string\"}}],\"inLanguage\":\"es\"},{\"@type\":\"Person\",\"@id\":\"https:\\\/\\\/www.global-projects.es\\\/es\\\/#\\\/schema\\\/person\\\/62ec8db1b3b6b0776dc86d00b37c57ff\",\"name\":\"Global\",\"url\":\"https:\\\/\\\/www.global-projects.es\\\/es\\\/author\\\/global\\\/\"}]}<\/script>\n<!-- \/ Yoast SEO plugin. -->","yoast_head_json":{"title":"Un jard\u00edn a tu medida - Global Projects","robots":{"index":"index","follow":"follow","max-snippet":"max-snippet:-1","max-image-preview":"max-image-preview:large","max-video-preview":"max-video-preview:-1"},"canonical":"https:\/\/www.global-projects.es\/es\/un-jardin-tu-medida\/","og_locale":"es_ES","og_type":"article","og_title":"Un jard\u00edn a tu medida - Global Projects","og_description":"Vives en un piso en medio de la ciudad y siempre has deseado tener tu propio jard\u00edn? Ahora el hecho de vivir en una vivienda peque\u00f1a con poco espacio ya no es un impedimento para tener tu propio espacio de naturaleza. Porque tambi\u00e9n se puede decorar de fuera hacia adentro, creando rincones en tu hogar [&hellip;]","og_url":"https:\/\/www.global-projects.es\/es\/un-jardin-tu-medida\/","og_site_name":"Global Projects","article_publisher":"https:\/\/www.facebook.com\/gblprojects","article_published_time":"2014-04-10T17:47:07+00:00","og_image":[{"width":580,"height":400,"url":"https:\/\/www.global-projects.es\/wp-content\/uploads\/2014\/04\/jardin_vertical_0.jpg","type":"image\/jpeg"}],"author":"Global","twitter_card":"summary_large_image","twitter_creator":"@global_projects","twitter_site":"@global_projects","twitter_misc":{"Escrito por":"Global","Tiempo de lectura":"1 minuto"},"schema":{"@context":"https:\/\/schema.org","@graph":[{"@type":"Article","@id":"https:\/\/www.global-projects.es\/es\/un-jardin-tu-medida\/#article","isPartOf":{"@id":"https:\/\/www.global-projects.es\/es\/un-jardin-tu-medida\/"},"author":{"name":"Global","@id":"https:\/\/www.global-projects.es\/es\/#\/schema\/person\/62ec8db1b3b6b0776dc86d00b37c57ff"},"headline":"Un jard\u00edn a tu medida","datePublished":"2014-04-10T17:47:07+00:00","mainEntityOfPage":{"@id":"https:\/\/www.global-projects.es\/es\/un-jardin-tu-medida\/"},"wordCount":273,"image":{"@id":"https:\/\/www.global-projects.es\/es\/un-jardin-tu-medida\/#primaryimage"},"thumbnailUrl":"https:\/\/www.global-projects.es\/wp-content\/uploads\/2014\/04\/jardin_vertical_0.jpg","keywords":["reformas integrarles"],"articleSection":["novedades","Interiorismo"],"inLanguage":"es"},{"@type":"WebPage","@id":"https:\/\/www.global-projects.es\/es\/un-jardin-tu-medida\/","url":"https:\/\/www.global-projects.es\/es\/un-jardin-tu-medida\/","name":"Un jard\u00edn a tu medida - Global Projects","isPartOf":{"@id":"https:\/\/www.global-projects.es\/es\/#website"},"primaryImageOfPage":{"@id":"https:\/\/www.global-projects.es\/es\/un-jardin-tu-medida\/#primaryimage"},"image":{"@id":"https:\/\/www.global-projects.es\/es\/un-jardin-tu-medida\/#primaryimage"},"thumbnailUrl":"https:\/\/www.global-projects.es\/wp-content\/uploads\/2014\/04\/jardin_vertical_0.jpg","datePublished":"2014-04-10T17:47:07+00:00","author":{"@id":"https:\/\/www.global-projects.es\/es\/#\/schema\/person\/62ec8db1b3b6b0776dc86d00b37c57ff"},"breadcrumb":{"@id":"https:\/\/www.global-projects.es\/es\/un-jardin-tu-medida\/#breadcrumb"},"inLanguage":"es","potentialAction":[{"@type":"ReadAction","target":["https:\/\/www.global-projects.es\/es\/un-jardin-tu-medida\/"]}]},{"@type":"ImageObject","inLanguage":"es","@id":"https:\/\/www.global-projects.es\/es\/un-jardin-tu-medida\/#primaryimage","url":"https:\/\/www.global-projects.es\/wp-content\/uploads\/2014\/04\/jardin_vertical_0.jpg","contentUrl":"https:\/\/www.global-projects.es\/wp-content\/uploads\/2014\/04\/jardin_vertical_0.jpg","width":580,"height":400},{"@type":"BreadcrumbList","@id":"https:\/\/www.global-projects.es\/es\/un-jardin-tu-medida\/#breadcrumb","itemListElement":[{"@type":"ListItem","position":1,"name":"Portada","item":"https:\/\/www.global-projects.es\/es\/"},{"@type":"ListItem","position":2,"name":"Un jard\u00edn a tu medida"}]},{"@type":"WebSite","@id":"https:\/\/www.global-projects.es\/es\/#website","url":"https:\/\/www.global-projects.es\/es\/","name":"Global Projects","description":"Reformas Integrales Barcelona","potentialAction":[{"@type":"SearchAction","target":{"@type":"EntryPoint","urlTemplate":"https:\/\/www.global-projects.es\/es\/?s={search_term_string}"},"query-input":{"@type":"PropertyValueSpecification","valueRequired":true,"valueName":"search_term_string"}}],"inLanguage":"es"},{"@type":"Person","@id":"https:\/\/www.global-projects.es\/es\/#\/schema\/person\/62ec8db1b3b6b0776dc86d00b37c57ff","name":"Global","url":"https:\/\/www.global-projects.es\/es\/author\/global\/"}]}},"_links":{"self":[{"href":"https:\/\/www.global-projects.es\/es\/wp-json\/wp\/v2\/posts\/3385","targetHints":{"allow":["GET"]}}],"collection":[{"href":"https:\/\/www.global-projects.es\/es\/wp-json\/wp\/v2\/posts"}],"about":[{"href":"https:\/\/www.global-projects.es\/es\/wp-json\/wp\/v2\/types\/post"}],"author":[{"embeddable":true,"href":"https:\/\/www.global-projects.es\/es\/wp-json\/wp\/v2\/users\/4"}],"replies":[{"embeddable":true,"href":"https:\/\/www.global-projects.es\/es\/wp-json\/wp\/v2\/comments?post=3385"}],"version-history":[{"count":0,"href":"https:\/\/www.global-projects.es\/es\/wp-json\/wp\/v2\/posts\/3385\/revisions"}],"wp:featuredmedia":[{"embeddable":true,"href":"https:\/\/www.global-projects.es\/es\/wp-json\/wp\/v2\/media\/2156"}],"wp:attachment":[{"href":"https:\/\/www.global-projects.es\/es\/wp-json\/wp\/v2\/media?parent=3385"}],"wp:term":[{"taxonomy":"category","embeddable":true,"href":"https:\/\/www.global-projects.es\/es\/wp-json\/wp\/v2\/categories?post=3385"},{"taxonomy":"post_tag","embeddable":true,"href":"https:\/\/www.global-projects.es\/es\/wp-json\/wp\/v2\/tags?post=3385"}],"curies":[{"name":"wp","href":"https:\/\/api.w.org\/{rel}","templated":true}]}}