{"id":3384,"date":"2014-04-08T09:56:22","date_gmt":"2014-04-08T08:56:22","guid":{"rendered":"http:\/\/www.global-projects.es\/blog\/?p=2108"},"modified":"2014-04-08T09:56:22","modified_gmt":"2014-04-08T08:56:22","slug":"decoracion-original-creativa-y-unica-estilo-eclectico","status":"publish","type":"post","link":"https:\/\/www.global-projects.es\/es\/decoracion-original-creativa-y-unica-estilo-eclectico\/","title":{"rendered":"Decoraci\u00f3n original, creativa y \u00fanica. Estilo ecl\u00e9ctico"},"content":{"rendered":"<p>\u00bfEres de esas personas que les gusta la diversidad, y que ning\u00fan estilo termina de encajar con tu personalidad?Entonces el estilo ecl\u00e9ctico es perfecto para ti, personas que no se definen por un estilo concreto de decoraci\u00f3n, sino que prefieren mezclar diferentes piezas, a su gusto y sin reglas.<\/p>\n<p>Con este estilo crearas tu propio espacio, creando un conjunto personalizado que responde a\u00a0 tus necesidades m\u00e1s concretas. Con este estilo tendr\u00e1s m\u00faltiples posibilidades a la hora de combinar y mezclar.<\/p>\n<p>Una decoraci\u00f3n libre, sin ninguna regla aunque se debe tener en cuenta las l\u00edneas tem\u00e1ticas. Un estilo d\u00f3nde lo retro puede vivir con piezas coloniales, orientales y minimalistas. Un estilo lleno de personalidad.<\/p>\n<p>En este tipo de decoraci\u00f3n podemos encontrar des de objetos antiguos hasta objetos ex\u00f3ticos, m\u00e1quinas antiguas, colecciones de todo tipo, todo tipo de tesoros como si se tratara de un collage.<\/p>\n<p>Un tipo de decoraci\u00f3n que se adapta a todos los estilos arquitect\u00f3nicos. Un estilo que te permite dejar volar la creatividad, que te da la posibilidad de\u00a0 hacer de tu hogar el espacio perfecto para ti y mostrar todos los elementos que forman parte de tu personalidad.<\/p>\n<p>Un estilo ideal para los inconformistas, los individualistas, los so\u00f1adores\u2026.un estilo que permite combinar y mezclar ideas personales.<\/p>\n<p style=\"text-align: center;\"><a href=\"https:\/\/www.global-projects.es\/blog\/wp-content\/uploads\/2014\/04\/3110378_original.jpg\"><img loading=\"lazy\" decoding=\"async\" class=\"size-medium wp-image-2109 aligncenter\" src=\"https:\/\/www.global-projects.es\/blog\/wp-content\/uploads\/2014\/04\/3110378_original-300x200.jpg\" alt=\"3110378_original\" width=\"300\" height=\"200\" \/><\/a><\/p>\n<p style=\"text-align: center;\"><a href=\"https:\/\/www.global-projects.es\/blog\/wp-content\/uploads\/2014\/04\/3111856_original.jpg\"><img loading=\"lazy\" decoding=\"async\" class=\"size-medium wp-image-2110 aligncenter\" src=\"https:\/\/www.global-projects.es\/blog\/wp-content\/uploads\/2014\/04\/3111856_original-300x200.jpg\" alt=\"3111856_original\" width=\"300\" height=\"200\" \/><\/a><\/p>\n<p style=\"text-align: center;\"><a href=\"https:\/\/www.global-projects.es\/blog\/wp-content\/uploads\/2014\/04\/FentonRugs_blue.jpg\"><img loading=\"lazy\" decoding=\"async\" class=\"size-medium wp-image-2111 aligncenter\" src=\"https:\/\/www.global-projects.es\/blog\/wp-content\/uploads\/2014\/04\/FentonRugs_blue-226x300.jpg\" alt=\"FentonRugs_blue\" width=\"226\" height=\"300\" \/><\/a><\/p>\n<p style=\"text-align: center;\"><a href=\"https:\/\/www.global-projects.es\/blog\/wp-content\/uploads\/2014\/04\/FentonRugs_yellow.jpg\"><img loading=\"lazy\" decoding=\"async\" class=\"size-medium wp-image-2112 aligncenter\" src=\"https:\/\/www.global-projects.es\/blog\/wp-content\/uploads\/2014\/04\/FentonRugs_yellow-225x300.jpg\" alt=\"FentonRugs_yellow\" width=\"225\" height=\"300\" \/><\/a><\/p>\n<p style=\"text-align: center;\"><a href=\"https:\/\/www.global-projects.es\/blog\/wp-content\/uploads\/2014\/04\/Living-room.jpg\"><img loading=\"lazy\" decoding=\"async\" class=\"size-medium wp-image-2113 aligncenter\" src=\"https:\/\/www.global-projects.es\/blog\/wp-content\/uploads\/2014\/04\/Living-room-300x300.jpg\" alt=\"Living-room\" width=\"300\" height=\"300\" \/><\/a><\/p>\n<p style=\"text-align: center;\"><a href=\"https:\/\/www.global-projects.es\/blog\/wp-content\/uploads\/2014\/04\/apartamento-en-nueva-york-02.jpg\"><img loading=\"lazy\" decoding=\"async\" class=\"size-medium wp-image-2119 aligncenter\" src=\"https:\/\/www.global-projects.es\/blog\/wp-content\/uploads\/2014\/04\/apartamento-en-nueva-york-02-300x199.jpg\" alt=\"apartamento-en-nueva-york-02\" width=\"300\" height=\"199\" \/><\/a><\/p>\n<p style=\"text-align: center;\"><a href=\"https:\/\/www.global-projects.es\/blog\/wp-content\/uploads\/2014\/04\/apartamento-en-nueva-york-04.jpg\"><img loading=\"lazy\" decoding=\"async\" class=\"size-medium wp-image-2120 aligncenter\" src=\"https:\/\/www.global-projects.es\/blog\/wp-content\/uploads\/2014\/04\/apartamento-en-nueva-york-04-300x199.jpg\" alt=\"apartamento-en-nueva-york-04\" width=\"300\" height=\"199\" \/><\/a><\/p>\n<p style=\"text-align: center;\"><a href=\"https:\/\/www.global-projects.es\/blog\/wp-content\/uploads\/2014\/04\/apartamento-en-nueva-york-05.jpg\"><img loading=\"lazy\" decoding=\"async\" class=\"size-medium wp-image-2121 aligncenter\" src=\"https:\/\/www.global-projects.es\/blog\/wp-content\/uploads\/2014\/04\/apartamento-en-nueva-york-05-300x199.jpg\" alt=\"apartamento-en-nueva-york-05\" width=\"300\" height=\"199\" \/><\/a><\/p>\n<p style=\"text-align: center;\"><a href=\"https:\/\/www.global-projects.es\/blog\/wp-content\/uploads\/2014\/04\/apartamento-en-nueva-york-09a.jpg\"><img loading=\"lazy\" decoding=\"async\" class=\"size-medium wp-image-2122 aligncenter\" src=\"https:\/\/www.global-projects.es\/blog\/wp-content\/uploads\/2014\/04\/apartamento-en-nueva-york-09a-300x220.jpg\" alt=\"apartamento-en-nueva-york-09a\" width=\"300\" height=\"220\" \/><\/a><\/p>\n<p style=\"text-align: center;\"><a href=\"https:\/\/www.global-projects.es\/blog\/wp-content\/uploads\/2014\/04\/apartamento-en-nueva-york-10.jpg\"><img loading=\"lazy\" decoding=\"async\" class=\"size-medium wp-image-2123 aligncenter\" src=\"https:\/\/www.global-projects.es\/blog\/wp-content\/uploads\/2014\/04\/apartamento-en-nueva-york-10-300x199.jpg\" alt=\"apartamento-en-nueva-york-10\" width=\"300\" height=\"199\" \/><\/a><\/p>\n<p style=\"text-align: center;\"><a href=\"https:\/\/www.global-projects.es\/blog\/wp-content\/uploads\/2014\/04\/DL9.jpg\"><img loading=\"lazy\" decoding=\"async\" class=\"size-medium wp-image-2125 aligncenter\" src=\"https:\/\/www.global-projects.es\/blog\/wp-content\/uploads\/2014\/04\/DL9-300x200.jpg\" alt=\"DL9\" width=\"300\" height=\"200\" \/><\/a><\/p>\n<p style=\"text-align: center;\"><a href=\"https:\/\/www.global-projects.es\/blog\/wp-content\/uploads\/2014\/04\/DL10.jpg\"><img loading=\"lazy\" decoding=\"async\" class=\"size-medium wp-image-2126 aligncenter\" src=\"https:\/\/www.global-projects.es\/blog\/wp-content\/uploads\/2014\/04\/DL10-300x200.jpg\" alt=\"DL10\" width=\"300\" height=\"200\" \/><\/a><\/p>\n<p>En\u00a0<a href=\"http:\/\/www.global-projects.es\"><strong>Global Projects<\/strong><\/a>\u00a0queremos ayudarte en la decoraci\u00f3n de tu hogar, \u00a0por eso ponemos a tu disposici\u00f3n a nuestros mejores profesionales en interiorismo para que te ayuden.<\/p>\n<p>Somos una\u00a0<strong><a href=\"https:\/\/www.global-projects.es\/es\/reformas-global-projects.html\">empresa de reformas<\/a><\/strong>\u00a0en Barcelona con una gran experiencia en el sector.\u00a0Nuestros servicios incluyen\u00a0<strong><a href=\"https:\/\/www.global-projects.es\/es\/reformas-integrales.html\">reformas de viviendas<\/a><\/strong>,\u00a0<strong><a href=\"https:\/\/www.global-projects.es\/es\/locales-comerciales.html\">reformas de locales comerciales<\/a>\u00a0<\/strong>y\u00a0<strong>todo tipo de instalaciones.<\/strong><\/p>\n<p>P\u00eddenos\u00a0<strong><a href=\"https:\/\/www.global-projects.es\/es\/formulario.html\">presupuesto<\/a><\/strong>\u00a0sin compromiso.<\/p>\n","protected":false},"excerpt":{"rendered":"<p>\u00bfEres de esas personas que les gusta la diversidad, y que ning\u00fan estilo termina de encajar con tu personalidad?Entonces el estilo ecl\u00e9ctico es perfecto para ti, personas que no se definen por un estilo concreto de decoraci\u00f3n, sino que prefieren mezclar diferentes piezas, a su gusto y sin reglas. Con este estilo crearas tu propio [&hellip;]<\/p>\n","protected":false},"author":4,"featured_media":2112,"comment_status":"closed","ping_status":"closed","sticky":false,"template":"","format":"standard","meta":{"_et_pb_use_builder":"","_et_pb_old_content":"","_et_gb_content_width":"","footnotes":""},"categories":[36],"tags":[273,280,344,345,346,351,353,354,20,355,23,356,24,357,101,358,127,359,248,360,257,263],"class_list":["post-3384","post","type-post","status-publish","format-standard","has-post-thumbnail","hentry","category-interiorismo-2","tag-interiorista","tag-salon","tag-reformaspisosbarcelona","tag-interiorismobarcelona","tag-disenointeriores","tag-disenointerioresbarcelona","tag-globalprojectsbcn","tag-diseno-de-interiores","tag-interioristaglobalprojects","tag-eclectico","tag-diseno-2","tag-estiloeclectico","tag-interiorismo-3","tag-globalprojects","tag-decoracion","tag-interiorismo-global-projects","tag-diseno-e-interioirsmo","tag-reformasbarcelona","tag-interioristabarcelona","tag-reformasintegrales","tag-interiorista-global-projects-barcelona","tag-interioristas"],"yoast_head":"<!-- This site is optimized with the Yoast SEO plugin v27.5 - https:\/\/yoast.com\/product\/yoast-seo-wordpress\/ -->\n<title>decoraci\u00f3n<\/title>\n<meta name=\"robots\" content=\"index, follow, max-snippet:-1, max-image-preview:large, max-video-preview:-1\" \/>\n<link rel=\"canonical\" href=\"https:\/\/www.global-projects.es\/es\/decoracion-original-creativa-y-unica-estilo-eclectico\/\" \/>\n<meta property=\"og:locale\" content=\"es_ES\" \/>\n<meta property=\"og:type\" content=\"article\" \/>\n<meta property=\"og:title\" content=\"decoraci\u00f3n\" \/>\n<meta property=\"og:description\" content=\"\u00bfEres de esas personas que les gusta la diversidad, y que ning\u00fan estilo termina de encajar con tu personalidad?Entonces el estilo ecl\u00e9ctico es perfecto para ti, personas que no se definen por un estilo concreto de decoraci\u00f3n, sino que prefieren mezclar diferentes piezas, a su gusto y sin reglas. Con este estilo crearas tu propio [&hellip;]\" \/>\n<meta property=\"og:url\" content=\"https:\/\/www.global-projects.es\/es\/decoracion-original-creativa-y-unica-estilo-eclectico\/\" \/>\n<meta property=\"og:site_name\" content=\"Global Projects\" \/>\n<meta property=\"article:publisher\" content=\"https:\/\/www.facebook.com\/gblprojects\" \/>\n<meta property=\"article:published_time\" content=\"2014-04-08T08:56:22+00:00\" \/>\n<meta property=\"og:image\" content=\"https:\/\/www.global-projects.es\/wp-content\/uploads\/2012\/09\/RevesTextiles-3-a.jpg\" \/>\n\t<meta property=\"og:image:width\" content=\"580\" \/>\n\t<meta property=\"og:image:height\" content=\"580\" \/>\n\t<meta property=\"og:image:type\" content=\"image\/jpeg\" \/>\n<meta name=\"author\" content=\"Global\" \/>\n<meta name=\"twitter:card\" content=\"summary_large_image\" \/>\n<meta name=\"twitter:creator\" content=\"@global_projects\" \/>\n<meta name=\"twitter:site\" content=\"@global_projects\" \/>\n<meta name=\"twitter:label1\" content=\"Escrito por\" \/>\n\t<meta name=\"twitter:data1\" content=\"Global\" \/>\n\t<meta name=\"twitter:label2\" content=\"Tiempo de lectura\" \/>\n\t<meta name=\"twitter:data2\" content=\"1 minuto\" \/>\n<script type=\"application\/ld+json\" class=\"yoast-schema-graph\">{\"@context\":\"https:\\\/\\\/schema.org\",\"@graph\":[{\"@type\":\"Article\",\"@id\":\"https:\\\/\\\/www.global-projects.es\\\/es\\\/decoracion-original-creativa-y-unica-estilo-eclectico\\\/#article\",\"isPartOf\":{\"@id\":\"https:\\\/\\\/www.global-projects.es\\\/es\\\/decoracion-original-creativa-y-unica-estilo-eclectico\\\/\"},\"author\":{\"name\":\"Global\",\"@id\":\"https:\\\/\\\/www.global-projects.es\\\/es\\\/#\\\/schema\\\/person\\\/62ec8db1b3b6b0776dc86d00b37c57ff\"},\"headline\":\"Decoraci\u00f3n original, creativa y \u00fanica. Estilo ecl\u00e9ctico\",\"datePublished\":\"2014-04-08T08:56:22+00:00\",\"mainEntityOfPage\":{\"@id\":\"https:\\\/\\\/www.global-projects.es\\\/es\\\/decoracion-original-creativa-y-unica-estilo-eclectico\\\/\"},\"wordCount\":299,\"image\":{\"@id\":\"https:\\\/\\\/www.global-projects.es\\\/es\\\/decoracion-original-creativa-y-unica-estilo-eclectico\\\/#primaryimage\"},\"thumbnailUrl\":\"https:\\\/\\\/www.global-projects.es\\\/wp-content\\\/uploads\\\/2012\\\/09\\\/RevesTextiles-3-a.jpg\",\"keywords\":[\"interiorista\",\"sal\u00f3n\",\"reformaspisosbarcelona\",\"interiorismobarcelona\",\"dise\u00f1ointeriores\",\"dise\u00f1ointerioresbarcelona\",\"globalprojectsbcn\",\"dise\u00f1o de interiores\",\"interioristaglobalprojects\",\"ecl\u00e9ctico\",\"dise\u00f1o\",\"estiloecl\u00e9ctico\",\"interiorismo\",\"globalprojects\",\"decoraci\u00f3n\",\"interiorismo global projects\",\"dise\u00f1o e interioirsmo\",\"reformasbarcelona\",\"interioristabarcelona\",\"reformasintegrales\",\"interiorista global projects barcelona\",\"interioristas\"],\"articleSection\":[\"Interiorismo\"],\"inLanguage\":\"es\"},{\"@type\":\"WebPage\",\"@id\":\"https:\\\/\\\/www.global-projects.es\\\/es\\\/decoracion-original-creativa-y-unica-estilo-eclectico\\\/\",\"url\":\"https:\\\/\\\/www.global-projects.es\\\/es\\\/decoracion-original-creativa-y-unica-estilo-eclectico\\\/\",\"name\":\"decoraci\u00f3n\",\"isPartOf\":{\"@id\":\"https:\\\/\\\/www.global-projects.es\\\/es\\\/#website\"},\"primaryImageOfPage\":{\"@id\":\"https:\\\/\\\/www.global-projects.es\\\/es\\\/decoracion-original-creativa-y-unica-estilo-eclectico\\\/#primaryimage\"},\"image\":{\"@id\":\"https:\\\/\\\/www.global-projects.es\\\/es\\\/decoracion-original-creativa-y-unica-estilo-eclectico\\\/#primaryimage\"},\"thumbnailUrl\":\"https:\\\/\\\/www.global-projects.es\\\/wp-content\\\/uploads\\\/2012\\\/09\\\/RevesTextiles-3-a.jpg\",\"datePublished\":\"2014-04-08T08:56:22+00:00\",\"author\":{\"@id\":\"https:\\\/\\\/www.global-projects.es\\\/es\\\/#\\\/schema\\\/person\\\/62ec8db1b3b6b0776dc86d00b37c57ff\"},\"breadcrumb\":{\"@id\":\"https:\\\/\\\/www.global-projects.es\\\/es\\\/decoracion-original-creativa-y-unica-estilo-eclectico\\\/#breadcrumb\"},\"inLanguage\":\"es\",\"potentialAction\":[{\"@type\":\"ReadAction\",\"target\":[\"https:\\\/\\\/www.global-projects.es\\\/es\\\/decoracion-original-creativa-y-unica-estilo-eclectico\\\/\"]}]},{\"@type\":\"ImageObject\",\"inLanguage\":\"es\",\"@id\":\"https:\\\/\\\/www.global-projects.es\\\/es\\\/decoracion-original-creativa-y-unica-estilo-eclectico\\\/#primaryimage\",\"url\":\"https:\\\/\\\/www.global-projects.es\\\/wp-content\\\/uploads\\\/2012\\\/09\\\/RevesTextiles-3-a.jpg\",\"contentUrl\":\"https:\\\/\\\/www.global-projects.es\\\/wp-content\\\/uploads\\\/2012\\\/09\\\/RevesTextiles-3-a.jpg\",\"width\":580,\"height\":580,\"caption\":\"Reformar locales comerciales\"},{\"@type\":\"BreadcrumbList\",\"@id\":\"https:\\\/\\\/www.global-projects.es\\\/es\\\/decoracion-original-creativa-y-unica-estilo-eclectico\\\/#breadcrumb\",\"itemListElement\":[{\"@type\":\"ListItem\",\"position\":1,\"name\":\"Portada\",\"item\":\"https:\\\/\\\/www.global-projects.es\\\/es\\\/\"},{\"@type\":\"ListItem\",\"position\":2,\"name\":\"Decoraci\u00f3n original, creativa y \u00fanica. Estilo ecl\u00e9ctico\"}]},{\"@type\":\"WebSite\",\"@id\":\"https:\\\/\\\/www.global-projects.es\\\/es\\\/#website\",\"url\":\"https:\\\/\\\/www.global-projects.es\\\/es\\\/\",\"name\":\"Global Projects\",\"description\":\"Reformas Integrales Barcelona\",\"potentialAction\":[{\"@type\":\"SearchAction\",\"target\":{\"@type\":\"EntryPoint\",\"urlTemplate\":\"https:\\\/\\\/www.global-projects.es\\\/es\\\/?s={search_term_string}\"},\"query-input\":{\"@type\":\"PropertyValueSpecification\",\"valueRequired\":true,\"valueName\":\"search_term_string\"}}],\"inLanguage\":\"es\"},{\"@type\":\"Person\",\"@id\":\"https:\\\/\\\/www.global-projects.es\\\/es\\\/#\\\/schema\\\/person\\\/62ec8db1b3b6b0776dc86d00b37c57ff\",\"name\":\"Global\",\"url\":\"https:\\\/\\\/www.global-projects.es\\\/es\\\/author\\\/global\\\/\"}]}<\/script>\n<!-- \/ Yoast SEO plugin. -->","yoast_head_json":{"title":"decoraci\u00f3n","robots":{"index":"index","follow":"follow","max-snippet":"max-snippet:-1","max-image-preview":"max-image-preview:large","max-video-preview":"max-video-preview:-1"},"canonical":"https:\/\/www.global-projects.es\/es\/decoracion-original-creativa-y-unica-estilo-eclectico\/","og_locale":"es_ES","og_type":"article","og_title":"decoraci\u00f3n","og_description":"\u00bfEres de esas personas que les gusta la diversidad, y que ning\u00fan estilo termina de encajar con tu personalidad?Entonces el estilo ecl\u00e9ctico es perfecto para ti, personas que no se definen por un estilo concreto de decoraci\u00f3n, sino que prefieren mezclar diferentes piezas, a su gusto y sin reglas. Con este estilo crearas tu propio [&hellip;]","og_url":"https:\/\/www.global-projects.es\/es\/decoracion-original-creativa-y-unica-estilo-eclectico\/","og_site_name":"Global Projects","article_publisher":"https:\/\/www.facebook.com\/gblprojects","article_published_time":"2014-04-08T08:56:22+00:00","og_image":[{"width":580,"height":580,"url":"https:\/\/www.global-projects.es\/wp-content\/uploads\/2012\/09\/RevesTextiles-3-a.jpg","type":"image\/jpeg"}],"author":"Global","twitter_card":"summary_large_image","twitter_creator":"@global_projects","twitter_site":"@global_projects","twitter_misc":{"Escrito por":"Global","Tiempo de lectura":"1 minuto"},"schema":{"@context":"https:\/\/schema.org","@graph":[{"@type":"Article","@id":"https:\/\/www.global-projects.es\/es\/decoracion-original-creativa-y-unica-estilo-eclectico\/#article","isPartOf":{"@id":"https:\/\/www.global-projects.es\/es\/decoracion-original-creativa-y-unica-estilo-eclectico\/"},"author":{"name":"Global","@id":"https:\/\/www.global-projects.es\/es\/#\/schema\/person\/62ec8db1b3b6b0776dc86d00b37c57ff"},"headline":"Decoraci\u00f3n original, creativa y \u00fanica. Estilo ecl\u00e9ctico","datePublished":"2014-04-08T08:56:22+00:00","mainEntityOfPage":{"@id":"https:\/\/www.global-projects.es\/es\/decoracion-original-creativa-y-unica-estilo-eclectico\/"},"wordCount":299,"image":{"@id":"https:\/\/www.global-projects.es\/es\/decoracion-original-creativa-y-unica-estilo-eclectico\/#primaryimage"},"thumbnailUrl":"https:\/\/www.global-projects.es\/wp-content\/uploads\/2012\/09\/RevesTextiles-3-a.jpg","keywords":["interiorista","sal\u00f3n","reformaspisosbarcelona","interiorismobarcelona","dise\u00f1ointeriores","dise\u00f1ointerioresbarcelona","globalprojectsbcn","dise\u00f1o de interiores","interioristaglobalprojects","ecl\u00e9ctico","dise\u00f1o","estiloecl\u00e9ctico","interiorismo","globalprojects","decoraci\u00f3n","interiorismo global projects","dise\u00f1o e interioirsmo","reformasbarcelona","interioristabarcelona","reformasintegrales","interiorista global projects barcelona","interioristas"],"articleSection":["Interiorismo"],"inLanguage":"es"},{"@type":"WebPage","@id":"https:\/\/www.global-projects.es\/es\/decoracion-original-creativa-y-unica-estilo-eclectico\/","url":"https:\/\/www.global-projects.es\/es\/decoracion-original-creativa-y-unica-estilo-eclectico\/","name":"decoraci\u00f3n","isPartOf":{"@id":"https:\/\/www.global-projects.es\/es\/#website"},"primaryImageOfPage":{"@id":"https:\/\/www.global-projects.es\/es\/decoracion-original-creativa-y-unica-estilo-eclectico\/#primaryimage"},"image":{"@id":"https:\/\/www.global-projects.es\/es\/decoracion-original-creativa-y-unica-estilo-eclectico\/#primaryimage"},"thumbnailUrl":"https:\/\/www.global-projects.es\/wp-content\/uploads\/2012\/09\/RevesTextiles-3-a.jpg","datePublished":"2014-04-08T08:56:22+00:00","author":{"@id":"https:\/\/www.global-projects.es\/es\/#\/schema\/person\/62ec8db1b3b6b0776dc86d00b37c57ff"},"breadcrumb":{"@id":"https:\/\/www.global-projects.es\/es\/decoracion-original-creativa-y-unica-estilo-eclectico\/#breadcrumb"},"inLanguage":"es","potentialAction":[{"@type":"ReadAction","target":["https:\/\/www.global-projects.es\/es\/decoracion-original-creativa-y-unica-estilo-eclectico\/"]}]},{"@type":"ImageObject","inLanguage":"es","@id":"https:\/\/www.global-projects.es\/es\/decoracion-original-creativa-y-unica-estilo-eclectico\/#primaryimage","url":"https:\/\/www.global-projects.es\/wp-content\/uploads\/2012\/09\/RevesTextiles-3-a.jpg","contentUrl":"https:\/\/www.global-projects.es\/wp-content\/uploads\/2012\/09\/RevesTextiles-3-a.jpg","width":580,"height":580,"caption":"Reformar locales comerciales"},{"@type":"BreadcrumbList","@id":"https:\/\/www.global-projects.es\/es\/decoracion-original-creativa-y-unica-estilo-eclectico\/#breadcrumb","itemListElement":[{"@type":"ListItem","position":1,"name":"Portada","item":"https:\/\/www.global-projects.es\/es\/"},{"@type":"ListItem","position":2,"name":"Decoraci\u00f3n original, creativa y \u00fanica. Estilo ecl\u00e9ctico"}]},{"@type":"WebSite","@id":"https:\/\/www.global-projects.es\/es\/#website","url":"https:\/\/www.global-projects.es\/es\/","name":"Global Projects","description":"Reformas Integrales Barcelona","potentialAction":[{"@type":"SearchAction","target":{"@type":"EntryPoint","urlTemplate":"https:\/\/www.global-projects.es\/es\/?s={search_term_string}"},"query-input":{"@type":"PropertyValueSpecification","valueRequired":true,"valueName":"search_term_string"}}],"inLanguage":"es"},{"@type":"Person","@id":"https:\/\/www.global-projects.es\/es\/#\/schema\/person\/62ec8db1b3b6b0776dc86d00b37c57ff","name":"Global","url":"https:\/\/www.global-projects.es\/es\/author\/global\/"}]}},"_links":{"self":[{"href":"https:\/\/www.global-projects.es\/es\/wp-json\/wp\/v2\/posts\/3384","targetHints":{"allow":["GET"]}}],"collection":[{"href":"https:\/\/www.global-projects.es\/es\/wp-json\/wp\/v2\/posts"}],"about":[{"href":"https:\/\/www.global-projects.es\/es\/wp-json\/wp\/v2\/types\/post"}],"author":[{"embeddable":true,"href":"https:\/\/www.global-projects.es\/es\/wp-json\/wp\/v2\/users\/4"}],"replies":[{"embeddable":true,"href":"https:\/\/www.global-projects.es\/es\/wp-json\/wp\/v2\/comments?post=3384"}],"version-history":[{"count":0,"href":"https:\/\/www.global-projects.es\/es\/wp-json\/wp\/v2\/posts\/3384\/revisions"}],"wp:featuredmedia":[{"embeddable":true,"href":"https:\/\/www.global-projects.es\/es\/wp-json\/wp\/v2\/media\/2112"}],"wp:attachment":[{"href":"https:\/\/www.global-projects.es\/es\/wp-json\/wp\/v2\/media?parent=3384"}],"wp:term":[{"taxonomy":"category","embeddable":true,"href":"https:\/\/www.global-projects.es\/es\/wp-json\/wp\/v2\/categories?post=3384"},{"taxonomy":"post_tag","embeddable":true,"href":"https:\/\/www.global-projects.es\/es\/wp-json\/wp\/v2\/tags?post=3384"}],"curies":[{"name":"wp","href":"https:\/\/api.w.org\/{rel}","templated":true}]}}