{"id":3372,"date":"2013-12-19T12:00:33","date_gmt":"2013-12-19T11:00:33","guid":{"rendered":"http:\/\/www.global-projects.es\/blog\/?p=1990"},"modified":"2013-12-19T12:00:33","modified_gmt":"2013-12-19T11:00:33","slug":"al-natural","status":"publish","type":"post","link":"https:\/\/www.global-projects.es\/es\/al-natural\/","title":{"rendered":"Al natural"},"content":{"rendered":"<p style=\"text-align: justify;\">Una tendencia que cada vez se est\u00e1 imponiendo m\u00e1s en muchas tiendas de decoraci\u00f3n es el <strong>estilo r\u00fastico<\/strong>.<\/p>\n<p style=\"text-align: justify;\">Aunque pueda parecer una contradicci\u00f3n, esta tendencia nos permite conservar el <strong>aire moderno<\/strong> de nuestra casa combinando y jugando con las <strong>texturas y los colores<\/strong> caracter\u00edsticos de este estilo.<\/p>\n<p style=\"text-align: justify;\"><a href=\"https:\/\/www.global-projects.es\/blog\/wp-content\/uploads\/2013\/12\/marble-rustic-modern-kitchen.jpg\"><img loading=\"lazy\" decoding=\"async\" class=\"aligncenter size-full wp-image-1991\" alt=\"reformar cocina r\u00fastica\" src=\"https:\/\/www.global-projects.es\/blog\/wp-content\/uploads\/2013\/12\/marble-rustic-modern-kitchen-e1387459480528.jpg\" width=\"500\" height=\"395\" \/><\/a><\/p>\n<p style=\"text-align: justify;\">Inspirado en las caba\u00f1as perdidas en el bosque, la <strong>madera<\/strong> se convierte en la protagonista. Madera sin tratar de diferentes or\u00edgenes y colores <strong>combinados<\/strong> nos aportan un toque muy vanguardista a cualquier estancia.<\/p>\n<p style=\"text-align: justify;\"><a href=\"https:\/\/www.global-projects.es\/blog\/wp-content\/uploads\/2013\/12\/x2-resort-40.jpg\"><img loading=\"lazy\" decoding=\"async\" class=\"aligncenter size-full wp-image-1992\" alt=\"decoracion rustica\" src=\"https:\/\/www.global-projects.es\/blog\/wp-content\/uploads\/2013\/12\/x2-resort-40-e1387459633955.jpg\" width=\"500\" height=\"335\" \/><\/a><\/p>\n<p style=\"text-align: justify;\">Tambi\u00e9n\u00a0 las pieles y las piedras son materiales muy importantes para este estilo de decoraci\u00f3n.<\/p>\n<p style=\"text-align: justify;\"><a href=\"https:\/\/www.global-projects.es\/blog\/wp-content\/uploads\/2013\/12\/piedra16.jpg\"><img loading=\"lazy\" decoding=\"async\" class=\"aligncenter size-full wp-image-1993\" alt=\"reformas en Barcelona\" src=\"https:\/\/www.global-projects.es\/blog\/wp-content\/uploads\/2013\/12\/piedra16-e1387459733582.jpg\" width=\"500\" height=\"375\" \/><\/a><\/p>\n<p style=\"text-align: justify;\">Es importante que los <strong>materiales<\/strong> que utilicemos sean sin tratar, ya que la clave es la<strong> imperfecci\u00f3n<\/strong>.<\/p>\n<p style=\"text-align: justify;\">En\u00a0<strong>Global Project<\/strong>\u00a0nos ponemos a tu disposici\u00f3n para <a href=\"https:\/\/www.global-projects.es\/es\/servicios\/reformas-integrales.html\"><strong>reformar tu vivienda<\/strong><\/a> con las \u00a0<strong>\u00faltimas tendencias<\/strong>\u00a0en decoraci\u00f3n\u00a0para que puedas personalizar tu espacio.<\/p>\n<p style=\"text-align: justify;\">Ponemos a tu disposici\u00f3n todo\u00a0<strong>nuestro equipo<\/strong>\u00a0para que el resultado de la reforma\u00a0sea de tu m\u00e1xima\u00a0 satisfacci\u00f3n.<\/p>\n<p style=\"text-align: justify;\">Somos una <strong>empresa de\u00a0Barcelona<\/strong>, especialistas en\u00a0<strong><a href=\"https:\/\/www.global-projects.es\/es\/servicios\/reformas-integrales.html\">reformas interiores<\/a><\/strong>\u00a0y\u00a0<strong>de exterior<\/strong>.<\/p>\n<p style=\"text-align: justify;\">P\u00eddenos\u00a0<strong><a href=\"https:\/\/www.global-projects.es\/es\/formulario.html\">presupuesto<\/a><\/strong>\u00a0sin compromiso y te haremos llegar\u00a0<strong>nuestra propuesta<\/strong>\u00a0ajust\u00e1ndonos siempre a tus <strong>necesidades y presupuesto<\/strong><b>.<\/b><\/p>\n","protected":false},"excerpt":{"rendered":"<p>Una tendencia que cada vez se est\u00e1 imponiendo m\u00e1s en muchas tiendas de decoraci\u00f3n es el estilo r\u00fastico. Aunque pueda parecer una contradicci\u00f3n, esta tendencia nos permite conservar el aire moderno de nuestra casa combinando y jugando con las texturas y los colores caracter\u00edsticos de este estilo. Inspirado en las caba\u00f1as perdidas en el bosque, [&hellip;]<\/p>\n","protected":false},"author":4,"featured_media":1993,"comment_status":"open","ping_status":"closed","sticky":false,"template":"","format":"standard","meta":{"_et_pb_use_builder":"","_et_pb_old_content":"","_et_gb_content_width":"","footnotes":""},"categories":[21,33,36],"tags":[37,163,181,193,346],"class_list":["post-3372","post","type-post","status-publish","format-standard","has-post-thumbnail","hentry","category-novedades","category-cocinas-modernas","category-interiorismo-2","tag-reformas-integrales-barcelona","tag-reformar-vivienda-barcelona","tag-empresa-de-reformas","tag-living-stones","tag-disenointeriores"],"yoast_head":"<!-- This site is optimized with the Yoast SEO plugin v27.5 - https:\/\/yoast.com\/product\/yoast-seo-wordpress\/ -->\n<title>Al natural - Global Projects<\/title>\n<meta name=\"robots\" content=\"index, follow, max-snippet:-1, max-image-preview:large, max-video-preview:-1\" \/>\n<link rel=\"canonical\" href=\"https:\/\/www.global-projects.es\/es\/al-natural\/\" \/>\n<meta property=\"og:locale\" content=\"es_ES\" \/>\n<meta property=\"og:type\" content=\"article\" \/>\n<meta property=\"og:title\" content=\"Al natural - Global Projects\" \/>\n<meta property=\"og:description\" content=\"Una tendencia que cada vez se est\u00e1 imponiendo m\u00e1s en muchas tiendas de decoraci\u00f3n es el estilo r\u00fastico. Aunque pueda parecer una contradicci\u00f3n, esta tendencia nos permite conservar el aire moderno de nuestra casa combinando y jugando con las texturas y los colores caracter\u00edsticos de este estilo. Inspirado en las caba\u00f1as perdidas en el bosque, [&hellip;]\" \/>\n<meta property=\"og:url\" content=\"https:\/\/www.global-projects.es\/es\/al-natural\/\" \/>\n<meta property=\"og:site_name\" content=\"Global Projects\" \/>\n<meta property=\"article:publisher\" content=\"https:\/\/www.facebook.com\/gblprojects\" \/>\n<meta property=\"article:published_time\" content=\"2013-12-19T11:00:33+00:00\" \/>\n<meta property=\"og:image\" content=\"https:\/\/www.global-projects.es\/wp-content\/uploads\/2012\/06\/ba\u00f1o5.jpg\" \/>\n\t<meta property=\"og:image:width\" content=\"534\" \/>\n\t<meta property=\"og:image:height\" content=\"480\" \/>\n\t<meta property=\"og:image:type\" content=\"image\/jpeg\" \/>\n<meta name=\"author\" content=\"Global\" \/>\n<meta name=\"twitter:card\" content=\"summary_large_image\" \/>\n<meta name=\"twitter:creator\" content=\"@global_projects\" \/>\n<meta name=\"twitter:site\" content=\"@global_projects\" \/>\n<meta name=\"twitter:label1\" content=\"Escrito por\" \/>\n\t<meta name=\"twitter:data1\" content=\"Global\" \/>\n\t<meta name=\"twitter:label2\" content=\"Tiempo de lectura\" \/>\n\t<meta name=\"twitter:data2\" content=\"1 minuto\" \/>\n<script type=\"application\/ld+json\" class=\"yoast-schema-graph\">{\"@context\":\"https:\\\/\\\/schema.org\",\"@graph\":[{\"@type\":\"Article\",\"@id\":\"https:\\\/\\\/www.global-projects.es\\\/es\\\/al-natural\\\/#article\",\"isPartOf\":{\"@id\":\"https:\\\/\\\/www.global-projects.es\\\/es\\\/al-natural\\\/\"},\"author\":{\"name\":\"Global\",\"@id\":\"https:\\\/\\\/www.global-projects.es\\\/es\\\/#\\\/schema\\\/person\\\/62ec8db1b3b6b0776dc86d00b37c57ff\"},\"headline\":\"Al natural\",\"datePublished\":\"2013-12-19T11:00:33+00:00\",\"mainEntityOfPage\":{\"@id\":\"https:\\\/\\\/www.global-projects.es\\\/es\\\/al-natural\\\/\"},\"wordCount\":203,\"commentCount\":0,\"image\":{\"@id\":\"https:\\\/\\\/www.global-projects.es\\\/es\\\/al-natural\\\/#primaryimage\"},\"thumbnailUrl\":\"https:\\\/\\\/www.global-projects.es\\\/wp-content\\\/uploads\\\/2012\\\/06\\\/ba\u00f1o5.jpg\",\"keywords\":[\"reformas integrales barcelona\",\"reformar vivienda barcelona\",\"empresa de reformas\",\"living stones\",\"dise\u00f1ointeriores\"],\"articleSection\":[\"novedades\",\"cocinas modernas\",\"Interiorismo\"],\"inLanguage\":\"es\",\"potentialAction\":[{\"@type\":\"CommentAction\",\"name\":\"Comment\",\"target\":[\"https:\\\/\\\/www.global-projects.es\\\/es\\\/al-natural\\\/#respond\"]}]},{\"@type\":\"WebPage\",\"@id\":\"https:\\\/\\\/www.global-projects.es\\\/es\\\/al-natural\\\/\",\"url\":\"https:\\\/\\\/www.global-projects.es\\\/es\\\/al-natural\\\/\",\"name\":\"Al natural - Global Projects\",\"isPartOf\":{\"@id\":\"https:\\\/\\\/www.global-projects.es\\\/es\\\/#website\"},\"primaryImageOfPage\":{\"@id\":\"https:\\\/\\\/www.global-projects.es\\\/es\\\/al-natural\\\/#primaryimage\"},\"image\":{\"@id\":\"https:\\\/\\\/www.global-projects.es\\\/es\\\/al-natural\\\/#primaryimage\"},\"thumbnailUrl\":\"https:\\\/\\\/www.global-projects.es\\\/wp-content\\\/uploads\\\/2012\\\/06\\\/ba\u00f1o5.jpg\",\"datePublished\":\"2013-12-19T11:00:33+00:00\",\"author\":{\"@id\":\"https:\\\/\\\/www.global-projects.es\\\/es\\\/#\\\/schema\\\/person\\\/62ec8db1b3b6b0776dc86d00b37c57ff\"},\"breadcrumb\":{\"@id\":\"https:\\\/\\\/www.global-projects.es\\\/es\\\/al-natural\\\/#breadcrumb\"},\"inLanguage\":\"es\",\"potentialAction\":[{\"@type\":\"ReadAction\",\"target\":[\"https:\\\/\\\/www.global-projects.es\\\/es\\\/al-natural\\\/\"]}]},{\"@type\":\"ImageObject\",\"inLanguage\":\"es\",\"@id\":\"https:\\\/\\\/www.global-projects.es\\\/es\\\/al-natural\\\/#primaryimage\",\"url\":\"https:\\\/\\\/www.global-projects.es\\\/wp-content\\\/uploads\\\/2012\\\/06\\\/ba\u00f1o5.jpg\",\"contentUrl\":\"https:\\\/\\\/www.global-projects.es\\\/wp-content\\\/uploads\\\/2012\\\/06\\\/ba\u00f1o5.jpg\",\"width\":534,\"height\":480},{\"@type\":\"BreadcrumbList\",\"@id\":\"https:\\\/\\\/www.global-projects.es\\\/es\\\/al-natural\\\/#breadcrumb\",\"itemListElement\":[{\"@type\":\"ListItem\",\"position\":1,\"name\":\"Portada\",\"item\":\"https:\\\/\\\/www.global-projects.es\\\/es\\\/\"},{\"@type\":\"ListItem\",\"position\":2,\"name\":\"Al natural\"}]},{\"@type\":\"WebSite\",\"@id\":\"https:\\\/\\\/www.global-projects.es\\\/es\\\/#website\",\"url\":\"https:\\\/\\\/www.global-projects.es\\\/es\\\/\",\"name\":\"Global Projects\",\"description\":\"Reformas Integrales Barcelona\",\"potentialAction\":[{\"@type\":\"SearchAction\",\"target\":{\"@type\":\"EntryPoint\",\"urlTemplate\":\"https:\\\/\\\/www.global-projects.es\\\/es\\\/?s={search_term_string}\"},\"query-input\":{\"@type\":\"PropertyValueSpecification\",\"valueRequired\":true,\"valueName\":\"search_term_string\"}}],\"inLanguage\":\"es\"},{\"@type\":\"Person\",\"@id\":\"https:\\\/\\\/www.global-projects.es\\\/es\\\/#\\\/schema\\\/person\\\/62ec8db1b3b6b0776dc86d00b37c57ff\",\"name\":\"Global\",\"url\":\"https:\\\/\\\/www.global-projects.es\\\/es\\\/author\\\/global\\\/\"}]}<\/script>\n<!-- \/ Yoast SEO plugin. -->","yoast_head_json":{"title":"Al natural - Global Projects","robots":{"index":"index","follow":"follow","max-snippet":"max-snippet:-1","max-image-preview":"max-image-preview:large","max-video-preview":"max-video-preview:-1"},"canonical":"https:\/\/www.global-projects.es\/es\/al-natural\/","og_locale":"es_ES","og_type":"article","og_title":"Al natural - Global Projects","og_description":"Una tendencia que cada vez se est\u00e1 imponiendo m\u00e1s en muchas tiendas de decoraci\u00f3n es el estilo r\u00fastico. Aunque pueda parecer una contradicci\u00f3n, esta tendencia nos permite conservar el aire moderno de nuestra casa combinando y jugando con las texturas y los colores caracter\u00edsticos de este estilo. Inspirado en las caba\u00f1as perdidas en el bosque, [&hellip;]","og_url":"https:\/\/www.global-projects.es\/es\/al-natural\/","og_site_name":"Global Projects","article_publisher":"https:\/\/www.facebook.com\/gblprojects","article_published_time":"2013-12-19T11:00:33+00:00","og_image":[{"width":534,"height":480,"url":"https:\/\/www.global-projects.es\/wp-content\/uploads\/2012\/06\/ba\u00f1o5.jpg","type":"image\/jpeg"}],"author":"Global","twitter_card":"summary_large_image","twitter_creator":"@global_projects","twitter_site":"@global_projects","twitter_misc":{"Escrito por":"Global","Tiempo de lectura":"1 minuto"},"schema":{"@context":"https:\/\/schema.org","@graph":[{"@type":"Article","@id":"https:\/\/www.global-projects.es\/es\/al-natural\/#article","isPartOf":{"@id":"https:\/\/www.global-projects.es\/es\/al-natural\/"},"author":{"name":"Global","@id":"https:\/\/www.global-projects.es\/es\/#\/schema\/person\/62ec8db1b3b6b0776dc86d00b37c57ff"},"headline":"Al natural","datePublished":"2013-12-19T11:00:33+00:00","mainEntityOfPage":{"@id":"https:\/\/www.global-projects.es\/es\/al-natural\/"},"wordCount":203,"commentCount":0,"image":{"@id":"https:\/\/www.global-projects.es\/es\/al-natural\/#primaryimage"},"thumbnailUrl":"https:\/\/www.global-projects.es\/wp-content\/uploads\/2012\/06\/ba\u00f1o5.jpg","keywords":["reformas integrales barcelona","reformar vivienda barcelona","empresa de reformas","living stones","dise\u00f1ointeriores"],"articleSection":["novedades","cocinas modernas","Interiorismo"],"inLanguage":"es","potentialAction":[{"@type":"CommentAction","name":"Comment","target":["https:\/\/www.global-projects.es\/es\/al-natural\/#respond"]}]},{"@type":"WebPage","@id":"https:\/\/www.global-projects.es\/es\/al-natural\/","url":"https:\/\/www.global-projects.es\/es\/al-natural\/","name":"Al natural - Global Projects","isPartOf":{"@id":"https:\/\/www.global-projects.es\/es\/#website"},"primaryImageOfPage":{"@id":"https:\/\/www.global-projects.es\/es\/al-natural\/#primaryimage"},"image":{"@id":"https:\/\/www.global-projects.es\/es\/al-natural\/#primaryimage"},"thumbnailUrl":"https:\/\/www.global-projects.es\/wp-content\/uploads\/2012\/06\/ba\u00f1o5.jpg","datePublished":"2013-12-19T11:00:33+00:00","author":{"@id":"https:\/\/www.global-projects.es\/es\/#\/schema\/person\/62ec8db1b3b6b0776dc86d00b37c57ff"},"breadcrumb":{"@id":"https:\/\/www.global-projects.es\/es\/al-natural\/#breadcrumb"},"inLanguage":"es","potentialAction":[{"@type":"ReadAction","target":["https:\/\/www.global-projects.es\/es\/al-natural\/"]}]},{"@type":"ImageObject","inLanguage":"es","@id":"https:\/\/www.global-projects.es\/es\/al-natural\/#primaryimage","url":"https:\/\/www.global-projects.es\/wp-content\/uploads\/2012\/06\/ba\u00f1o5.jpg","contentUrl":"https:\/\/www.global-projects.es\/wp-content\/uploads\/2012\/06\/ba\u00f1o5.jpg","width":534,"height":480},{"@type":"BreadcrumbList","@id":"https:\/\/www.global-projects.es\/es\/al-natural\/#breadcrumb","itemListElement":[{"@type":"ListItem","position":1,"name":"Portada","item":"https:\/\/www.global-projects.es\/es\/"},{"@type":"ListItem","position":2,"name":"Al natural"}]},{"@type":"WebSite","@id":"https:\/\/www.global-projects.es\/es\/#website","url":"https:\/\/www.global-projects.es\/es\/","name":"Global Projects","description":"Reformas Integrales Barcelona","potentialAction":[{"@type":"SearchAction","target":{"@type":"EntryPoint","urlTemplate":"https:\/\/www.global-projects.es\/es\/?s={search_term_string}"},"query-input":{"@type":"PropertyValueSpecification","valueRequired":true,"valueName":"search_term_string"}}],"inLanguage":"es"},{"@type":"Person","@id":"https:\/\/www.global-projects.es\/es\/#\/schema\/person\/62ec8db1b3b6b0776dc86d00b37c57ff","name":"Global","url":"https:\/\/www.global-projects.es\/es\/author\/global\/"}]}},"_links":{"self":[{"href":"https:\/\/www.global-projects.es\/es\/wp-json\/wp\/v2\/posts\/3372","targetHints":{"allow":["GET"]}}],"collection":[{"href":"https:\/\/www.global-projects.es\/es\/wp-json\/wp\/v2\/posts"}],"about":[{"href":"https:\/\/www.global-projects.es\/es\/wp-json\/wp\/v2\/types\/post"}],"author":[{"embeddable":true,"href":"https:\/\/www.global-projects.es\/es\/wp-json\/wp\/v2\/users\/4"}],"replies":[{"embeddable":true,"href":"https:\/\/www.global-projects.es\/es\/wp-json\/wp\/v2\/comments?post=3372"}],"version-history":[{"count":0,"href":"https:\/\/www.global-projects.es\/es\/wp-json\/wp\/v2\/posts\/3372\/revisions"}],"wp:featuredmedia":[{"embeddable":true,"href":"https:\/\/www.global-projects.es\/es\/wp-json\/wp\/v2\/media\/1993"}],"wp:attachment":[{"href":"https:\/\/www.global-projects.es\/es\/wp-json\/wp\/v2\/media?parent=3372"}],"wp:term":[{"taxonomy":"category","embeddable":true,"href":"https:\/\/www.global-projects.es\/es\/wp-json\/wp\/v2\/categories?post=3372"},{"taxonomy":"post_tag","embeddable":true,"href":"https:\/\/www.global-projects.es\/es\/wp-json\/wp\/v2\/tags?post=3372"}],"curies":[{"name":"wp","href":"https:\/\/api.w.org\/{rel}","templated":true}]}}