{"id":3366,"date":"2013-11-05T12:00:26","date_gmt":"2013-11-05T11:00:26","guid":{"rendered":"http:\/\/www.global-projects.es\/blog\/?p=1937"},"modified":"2013-11-05T12:00:26","modified_gmt":"2013-11-05T11:00:26","slug":"vuelven-los-70s","status":"publish","type":"post","link":"https:\/\/www.global-projects.es\/es\/vuelven-los-70s\/","title":{"rendered":"Vuelven los 70\u2019s"},"content":{"rendered":"<p style=\"text-align: justify;\">Existen muchos <strong>estilos de decoraci\u00f3n<\/strong>, por eso es muy f\u00e1cil encontrar alguno que se ajuste a nuestros gustos y estilo.<\/p>\n<p style=\"text-align: justify;\">A la hora de decorar nuestra vivienda, podemos decantarnos por un solo estilo, o por la mezcla de varios. Uno de los estilos que m\u00e1s se est\u00e1 imponiendo en tendencias decorativas es el de los <strong>a\u00f1os setenta<\/strong>.<\/p>\n<p style=\"text-align: justify;\"><a href=\"https:\/\/www.global-projects.es\/blog\/wp-content\/uploads\/2013\/11\/decoracion_setentera.jpg\"><img loading=\"lazy\" decoding=\"async\" class=\"aligncenter size-full wp-image-1938\" title=\"reformas e interiorismo\" src=\"https:\/\/www.global-projects.es\/blog\/wp-content\/uploads\/2013\/11\/decoracion_setentera.jpg\" alt=\"reformas e interiorismo\" width=\"500\" height=\"366\" \/><\/a><\/p>\n<p style=\"text-align: justify;\">Este estilo no es apto para aquellos que no les gustan los <strong>colores<\/strong>, ya que se caracteriza por la explosi\u00f3n de colores y <strong>formas<\/strong>.<\/p>\n<p style=\"text-align: justify;\"><a href=\"https:\/\/www.global-projects.es\/blog\/wp-content\/uploads\/2013\/11\/Colorful-Loft-by-Karim-Rashid-1.jpg\"><img loading=\"lazy\" decoding=\"async\" class=\"aligncenter size-full wp-image-1939\" title=\"cocinas modernas\" src=\"https:\/\/www.global-projects.es\/blog\/wp-content\/uploads\/2013\/11\/Colorful-Loft-by-Karim-Rashid-1-e1383649446241.jpg\" alt=\"cocinas modernas\" width=\"500\" height=\"312\" \/><\/a><\/p>\n<p style=\"text-align: justify;\">El <strong>mobiliario retro<\/strong> de la \u00e9poca presenta formas <strong>sencillas y redondeadas<\/strong>, que pueden encajar con otros estilos m\u00e1s sobrios y austeros, consiguiendo as\u00ed una vivienda con un aire ecl\u00e9ctico.<\/p>\n<p style=\"text-align: justify;\"><a href=\"https:\/\/www.global-projects.es\/blog\/wp-content\/uploads\/2013\/11\/Wm-estilo-vintage-Mod-in-Srta.Jara-0.jpg\"><img loading=\"lazy\" decoding=\"async\" class=\"aligncenter size-full wp-image-1940\" title=\"Reformas integrales\" src=\"https:\/\/www.global-projects.es\/blog\/wp-content\/uploads\/2013\/11\/Wm-estilo-vintage-Mod-in-Srta.Jara-0.jpg\" alt=\"Reformas integrales\" width=\"500\" height=\"664\" \/><\/a><\/p>\n<p style=\"text-align: justify;\">Decora tu vivienda con las \u00faltimas tend\u00e9ncias. En\u00a0<strong>Global Project<\/strong>\u00a0contamos con los\u00a0<strong>mejores interioristas<\/strong>\u00a0para <strong>personalizar tu espacio<\/strong>..<\/p>\n<p style=\"text-align: justify;\"><strong>Global Project<\/strong>\u00a0somos una\u00a0<strong><a href=\"https:\/\/www.global-projects.es\/es\/reformas-global-projects.html\">empresa de reformas,<\/a><\/strong>\u00a0especializados en\u00a0<strong>reformas interiores<\/strong>\u00a0e interiorismo.<\/p>\n<p style=\"text-align: justify;\">P\u00eddenos<strong><a href=\"https:\/\/www.global-projects.es\/es\/formulario.html\">\u00a0presupuesto<\/a><\/strong>\u00a0sin compromiso y te haremos la mejor propuesta.<\/p>\n","protected":false},"excerpt":{"rendered":"<p>Existen muchos estilos de decoraci\u00f3n, por eso es muy f\u00e1cil encontrar alguno que se ajuste a nuestros gustos y estilo. A la hora de decorar nuestra vivienda, podemos decantarnos por un solo estilo, o por la mezcla de varios. Uno de los estilos que m\u00e1s se est\u00e1 imponiendo en tendencias decorativas es el de los [&hellip;]<\/p>\n","protected":false},"author":4,"featured_media":1938,"comment_status":"closed","ping_status":"closed","sticky":false,"template":"","format":"standard","meta":{"_et_pb_use_builder":"","_et_pb_old_content":"","_et_gb_content_width":"","footnotes":""},"categories":[19,21,36],"tags":[24,101,181],"class_list":["post-3366","post","type-post","status-publish","format-standard","has-post-thumbnail","hentry","category-diseno-2","category-novedades","category-interiorismo-2","tag-interiorismo-3","tag-decoracion","tag-empresa-de-reformas"],"yoast_head":"<!-- This site is optimized with the Yoast SEO plugin v27.5 - https:\/\/yoast.com\/product\/yoast-seo-wordpress\/ -->\n<title>Vuelven los 70\u2019s - Global Projects<\/title>\n<meta name=\"robots\" content=\"index, follow, max-snippet:-1, max-image-preview:large, max-video-preview:-1\" \/>\n<link rel=\"canonical\" href=\"https:\/\/www.global-projects.es\/es\/vuelven-los-70s\/\" \/>\n<meta property=\"og:locale\" content=\"es_ES\" \/>\n<meta property=\"og:type\" content=\"article\" \/>\n<meta property=\"og:title\" content=\"Vuelven los 70\u2019s - Global Projects\" \/>\n<meta property=\"og:description\" content=\"Existen muchos estilos de decoraci\u00f3n, por eso es muy f\u00e1cil encontrar alguno que se ajuste a nuestros gustos y estilo. A la hora de decorar nuestra vivienda, podemos decantarnos por un solo estilo, o por la mezcla de varios. Uno de los estilos que m\u00e1s se est\u00e1 imponiendo en tendencias decorativas es el de los [&hellip;]\" \/>\n<meta property=\"og:url\" content=\"https:\/\/www.global-projects.es\/es\/vuelven-los-70s\/\" \/>\n<meta property=\"og:site_name\" content=\"Global Projects\" \/>\n<meta property=\"article:publisher\" content=\"https:\/\/www.facebook.com\/gblprojects\" \/>\n<meta property=\"article:published_time\" content=\"2013-11-05T11:00:26+00:00\" \/>\n<meta property=\"og:image\" content=\"https:\/\/www.global-projects.es\/wp-content\/uploads\/2012\/04\/file_39.jpg\" \/>\n\t<meta property=\"og:image:width\" content=\"576\" \/>\n\t<meta property=\"og:image:height\" content=\"768\" \/>\n\t<meta property=\"og:image:type\" content=\"image\/jpeg\" \/>\n<meta name=\"author\" content=\"Global\" \/>\n<meta name=\"twitter:card\" content=\"summary_large_image\" \/>\n<meta name=\"twitter:creator\" content=\"@global_projects\" \/>\n<meta name=\"twitter:site\" content=\"@global_projects\" \/>\n<meta name=\"twitter:label1\" content=\"Escrito por\" \/>\n\t<meta name=\"twitter:data1\" content=\"Global\" \/>\n\t<meta name=\"twitter:label2\" content=\"Tiempo de lectura\" \/>\n\t<meta name=\"twitter:data2\" content=\"1 minuto\" \/>\n<script type=\"application\/ld+json\" class=\"yoast-schema-graph\">{\"@context\":\"https:\\\/\\\/schema.org\",\"@graph\":[{\"@type\":\"Article\",\"@id\":\"https:\\\/\\\/www.global-projects.es\\\/es\\\/vuelven-los-70s\\\/#article\",\"isPartOf\":{\"@id\":\"https:\\\/\\\/www.global-projects.es\\\/es\\\/vuelven-los-70s\\\/\"},\"author\":{\"name\":\"Global\",\"@id\":\"https:\\\/\\\/www.global-projects.es\\\/es\\\/#\\\/schema\\\/person\\\/62ec8db1b3b6b0776dc86d00b37c57ff\"},\"headline\":\"Vuelven los 70\u2019s\",\"datePublished\":\"2013-11-05T11:00:26+00:00\",\"mainEntityOfPage\":{\"@id\":\"https:\\\/\\\/www.global-projects.es\\\/es\\\/vuelven-los-70s\\\/\"},\"wordCount\":164,\"image\":{\"@id\":\"https:\\\/\\\/www.global-projects.es\\\/es\\\/vuelven-los-70s\\\/#primaryimage\"},\"thumbnailUrl\":\"https:\\\/\\\/www.global-projects.es\\\/wp-content\\\/uploads\\\/2012\\\/04\\\/file_39.jpg\",\"keywords\":[\"interiorismo\",\"decoraci\u00f3n\",\"empresa de reformas\"],\"articleSection\":[\"dise\u00f1o\",\"novedades\",\"Interiorismo\"],\"inLanguage\":\"es\"},{\"@type\":\"WebPage\",\"@id\":\"https:\\\/\\\/www.global-projects.es\\\/es\\\/vuelven-los-70s\\\/\",\"url\":\"https:\\\/\\\/www.global-projects.es\\\/es\\\/vuelven-los-70s\\\/\",\"name\":\"Vuelven los 70\u2019s - Global Projects\",\"isPartOf\":{\"@id\":\"https:\\\/\\\/www.global-projects.es\\\/es\\\/#website\"},\"primaryImageOfPage\":{\"@id\":\"https:\\\/\\\/www.global-projects.es\\\/es\\\/vuelven-los-70s\\\/#primaryimage\"},\"image\":{\"@id\":\"https:\\\/\\\/www.global-projects.es\\\/es\\\/vuelven-los-70s\\\/#primaryimage\"},\"thumbnailUrl\":\"https:\\\/\\\/www.global-projects.es\\\/wp-content\\\/uploads\\\/2012\\\/04\\\/file_39.jpg\",\"datePublished\":\"2013-11-05T11:00:26+00:00\",\"author\":{\"@id\":\"https:\\\/\\\/www.global-projects.es\\\/es\\\/#\\\/schema\\\/person\\\/62ec8db1b3b6b0776dc86d00b37c57ff\"},\"breadcrumb\":{\"@id\":\"https:\\\/\\\/www.global-projects.es\\\/es\\\/vuelven-los-70s\\\/#breadcrumb\"},\"inLanguage\":\"es\",\"potentialAction\":[{\"@type\":\"ReadAction\",\"target\":[\"https:\\\/\\\/www.global-projects.es\\\/es\\\/vuelven-los-70s\\\/\"]}]},{\"@type\":\"ImageObject\",\"inLanguage\":\"es\",\"@id\":\"https:\\\/\\\/www.global-projects.es\\\/es\\\/vuelven-los-70s\\\/#primaryimage\",\"url\":\"https:\\\/\\\/www.global-projects.es\\\/wp-content\\\/uploads\\\/2012\\\/04\\\/file_39.jpg\",\"contentUrl\":\"https:\\\/\\\/www.global-projects.es\\\/wp-content\\\/uploads\\\/2012\\\/04\\\/file_39.jpg\",\"width\":576,\"height\":768},{\"@type\":\"BreadcrumbList\",\"@id\":\"https:\\\/\\\/www.global-projects.es\\\/es\\\/vuelven-los-70s\\\/#breadcrumb\",\"itemListElement\":[{\"@type\":\"ListItem\",\"position\":1,\"name\":\"Portada\",\"item\":\"https:\\\/\\\/www.global-projects.es\\\/es\\\/\"},{\"@type\":\"ListItem\",\"position\":2,\"name\":\"Vuelven los 70\u2019s\"}]},{\"@type\":\"WebSite\",\"@id\":\"https:\\\/\\\/www.global-projects.es\\\/es\\\/#website\",\"url\":\"https:\\\/\\\/www.global-projects.es\\\/es\\\/\",\"name\":\"Global Projects\",\"description\":\"Reformas Integrales Barcelona\",\"potentialAction\":[{\"@type\":\"SearchAction\",\"target\":{\"@type\":\"EntryPoint\",\"urlTemplate\":\"https:\\\/\\\/www.global-projects.es\\\/es\\\/?s={search_term_string}\"},\"query-input\":{\"@type\":\"PropertyValueSpecification\",\"valueRequired\":true,\"valueName\":\"search_term_string\"}}],\"inLanguage\":\"es\"},{\"@type\":\"Person\",\"@id\":\"https:\\\/\\\/www.global-projects.es\\\/es\\\/#\\\/schema\\\/person\\\/62ec8db1b3b6b0776dc86d00b37c57ff\",\"name\":\"Global\",\"url\":\"https:\\\/\\\/www.global-projects.es\\\/es\\\/author\\\/global\\\/\"}]}<\/script>\n<!-- \/ Yoast SEO plugin. -->","yoast_head_json":{"title":"Vuelven los 70\u2019s - Global Projects","robots":{"index":"index","follow":"follow","max-snippet":"max-snippet:-1","max-image-preview":"max-image-preview:large","max-video-preview":"max-video-preview:-1"},"canonical":"https:\/\/www.global-projects.es\/es\/vuelven-los-70s\/","og_locale":"es_ES","og_type":"article","og_title":"Vuelven los 70\u2019s - Global Projects","og_description":"Existen muchos estilos de decoraci\u00f3n, por eso es muy f\u00e1cil encontrar alguno que se ajuste a nuestros gustos y estilo. A la hora de decorar nuestra vivienda, podemos decantarnos por un solo estilo, o por la mezcla de varios. Uno de los estilos que m\u00e1s se est\u00e1 imponiendo en tendencias decorativas es el de los [&hellip;]","og_url":"https:\/\/www.global-projects.es\/es\/vuelven-los-70s\/","og_site_name":"Global Projects","article_publisher":"https:\/\/www.facebook.com\/gblprojects","article_published_time":"2013-11-05T11:00:26+00:00","og_image":[{"width":576,"height":768,"url":"https:\/\/www.global-projects.es\/wp-content\/uploads\/2012\/04\/file_39.jpg","type":"image\/jpeg"}],"author":"Global","twitter_card":"summary_large_image","twitter_creator":"@global_projects","twitter_site":"@global_projects","twitter_misc":{"Escrito por":"Global","Tiempo de lectura":"1 minuto"},"schema":{"@context":"https:\/\/schema.org","@graph":[{"@type":"Article","@id":"https:\/\/www.global-projects.es\/es\/vuelven-los-70s\/#article","isPartOf":{"@id":"https:\/\/www.global-projects.es\/es\/vuelven-los-70s\/"},"author":{"name":"Global","@id":"https:\/\/www.global-projects.es\/es\/#\/schema\/person\/62ec8db1b3b6b0776dc86d00b37c57ff"},"headline":"Vuelven los 70\u2019s","datePublished":"2013-11-05T11:00:26+00:00","mainEntityOfPage":{"@id":"https:\/\/www.global-projects.es\/es\/vuelven-los-70s\/"},"wordCount":164,"image":{"@id":"https:\/\/www.global-projects.es\/es\/vuelven-los-70s\/#primaryimage"},"thumbnailUrl":"https:\/\/www.global-projects.es\/wp-content\/uploads\/2012\/04\/file_39.jpg","keywords":["interiorismo","decoraci\u00f3n","empresa de reformas"],"articleSection":["dise\u00f1o","novedades","Interiorismo"],"inLanguage":"es"},{"@type":"WebPage","@id":"https:\/\/www.global-projects.es\/es\/vuelven-los-70s\/","url":"https:\/\/www.global-projects.es\/es\/vuelven-los-70s\/","name":"Vuelven los 70\u2019s - Global Projects","isPartOf":{"@id":"https:\/\/www.global-projects.es\/es\/#website"},"primaryImageOfPage":{"@id":"https:\/\/www.global-projects.es\/es\/vuelven-los-70s\/#primaryimage"},"image":{"@id":"https:\/\/www.global-projects.es\/es\/vuelven-los-70s\/#primaryimage"},"thumbnailUrl":"https:\/\/www.global-projects.es\/wp-content\/uploads\/2012\/04\/file_39.jpg","datePublished":"2013-11-05T11:00:26+00:00","author":{"@id":"https:\/\/www.global-projects.es\/es\/#\/schema\/person\/62ec8db1b3b6b0776dc86d00b37c57ff"},"breadcrumb":{"@id":"https:\/\/www.global-projects.es\/es\/vuelven-los-70s\/#breadcrumb"},"inLanguage":"es","potentialAction":[{"@type":"ReadAction","target":["https:\/\/www.global-projects.es\/es\/vuelven-los-70s\/"]}]},{"@type":"ImageObject","inLanguage":"es","@id":"https:\/\/www.global-projects.es\/es\/vuelven-los-70s\/#primaryimage","url":"https:\/\/www.global-projects.es\/wp-content\/uploads\/2012\/04\/file_39.jpg","contentUrl":"https:\/\/www.global-projects.es\/wp-content\/uploads\/2012\/04\/file_39.jpg","width":576,"height":768},{"@type":"BreadcrumbList","@id":"https:\/\/www.global-projects.es\/es\/vuelven-los-70s\/#breadcrumb","itemListElement":[{"@type":"ListItem","position":1,"name":"Portada","item":"https:\/\/www.global-projects.es\/es\/"},{"@type":"ListItem","position":2,"name":"Vuelven los 70\u2019s"}]},{"@type":"WebSite","@id":"https:\/\/www.global-projects.es\/es\/#website","url":"https:\/\/www.global-projects.es\/es\/","name":"Global Projects","description":"Reformas Integrales Barcelona","potentialAction":[{"@type":"SearchAction","target":{"@type":"EntryPoint","urlTemplate":"https:\/\/www.global-projects.es\/es\/?s={search_term_string}"},"query-input":{"@type":"PropertyValueSpecification","valueRequired":true,"valueName":"search_term_string"}}],"inLanguage":"es"},{"@type":"Person","@id":"https:\/\/www.global-projects.es\/es\/#\/schema\/person\/62ec8db1b3b6b0776dc86d00b37c57ff","name":"Global","url":"https:\/\/www.global-projects.es\/es\/author\/global\/"}]}},"_links":{"self":[{"href":"https:\/\/www.global-projects.es\/es\/wp-json\/wp\/v2\/posts\/3366","targetHints":{"allow":["GET"]}}],"collection":[{"href":"https:\/\/www.global-projects.es\/es\/wp-json\/wp\/v2\/posts"}],"about":[{"href":"https:\/\/www.global-projects.es\/es\/wp-json\/wp\/v2\/types\/post"}],"author":[{"embeddable":true,"href":"https:\/\/www.global-projects.es\/es\/wp-json\/wp\/v2\/users\/4"}],"replies":[{"embeddable":true,"href":"https:\/\/www.global-projects.es\/es\/wp-json\/wp\/v2\/comments?post=3366"}],"version-history":[{"count":0,"href":"https:\/\/www.global-projects.es\/es\/wp-json\/wp\/v2\/posts\/3366\/revisions"}],"wp:featuredmedia":[{"embeddable":true,"href":"https:\/\/www.global-projects.es\/es\/wp-json\/wp\/v2\/media\/1938"}],"wp:attachment":[{"href":"https:\/\/www.global-projects.es\/es\/wp-json\/wp\/v2\/media?parent=3366"}],"wp:term":[{"taxonomy":"category","embeddable":true,"href":"https:\/\/www.global-projects.es\/es\/wp-json\/wp\/v2\/categories?post=3366"},{"taxonomy":"post_tag","embeddable":true,"href":"https:\/\/www.global-projects.es\/es\/wp-json\/wp\/v2\/tags?post=3366"}],"curies":[{"name":"wp","href":"https:\/\/api.w.org\/{rel}","templated":true}]}}