{"id":3364,"date":"2013-10-26T10:00:20","date_gmt":"2013-10-26T09:00:20","guid":{"rendered":"http:\/\/www.global-projects.es\/blog\/?p=1921"},"modified":"2013-10-26T10:00:20","modified_gmt":"2013-10-26T09:00:20","slug":"bano-en-blanco-y-negro","status":"publish","type":"post","link":"https:\/\/www.global-projects.es\/es\/bano-en-blanco-y-negro\/","title":{"rendered":"Ba\u00f1o en blanco y negro"},"content":{"rendered":"<p style=\"text-align: justify;\">Aunque los colores claros son los que siempre se asocian a los <strong>cuartos de ba\u00f1o<\/strong>, sobretodo colores que nos significan limpieza e higiene como pueden ser los blancos y azules, los dise\u00f1os m\u00e1s atrevidos est\u00e1n empezando a apostar por otros colores para esta estancia.<\/p>\n<p style=\"text-align: justify;\">\u00a0Uno de los colores que se est\u00e1 imponiendo \u00a0para el ba\u00f1o por la <strong>elegancia<\/strong> que imprime es el color negro.<\/p>\n<p style=\"text-align: justify;\">Puedes elegir el <strong>inodoro, lavabo y ducha<\/strong> en color negro eligiendo siempre las paredes y el suelo en colores claros. Le dar\u00e1s un toque sofisticado a tu cuarto de ba\u00f1o.<\/p>\n<p style=\"text-align: justify;\"><a href=\"https:\/\/www.global-projects.es\/blog\/wp-content\/uploads\/2013\/10\/memento.jpg\"><img loading=\"lazy\" decoding=\"async\" class=\"aligncenter size-full wp-image-1922\" title=\"Reformar ba\u00f1o moderno\" src=\"https:\/\/www.global-projects.es\/blog\/wp-content\/uploads\/2013\/10\/memento-e1382977583212.jpg\" alt=\"Reformar ba\u00f1o moderno\" width=\"500\" height=\"302\" \/><\/a><\/p>\n<p style=\"text-align: justify;\">Tambi\u00e9n puedes invertir la combinaci\u00f3n y optar por los elementos en blanco e instalar <strong>azulejos en negro<\/strong> tanto en paredes como en el suelo si la estancia es amplia. Si el espacio es reducido, combina estos dos colores en los azulejos.<\/p>\n<p style=\"text-align: justify;\"><a href=\"https:\/\/www.global-projects.es\/blog\/wp-content\/uploads\/2013\/10\/Ba\u00f1os-03.jpg\"><img loading=\"lazy\" decoding=\"async\" class=\"aligncenter size-full wp-image-1923\" title=\"Ba\u00f1os con azulejos negros\" src=\"https:\/\/www.global-projects.es\/blog\/wp-content\/uploads\/2013\/10\/Ba\u00f1os-03-e1382977811992.jpg\" alt=\"Ba\u00f1os con azulejos negros\" width=\"500\" height=\"374\" \/><\/a><\/p>\n<p style=\"text-align: justify;\">Los complementos como<strong> toallas y cortinas<\/strong> en negro \u00a0conseguir\u00e1n dar un <strong>toque vanguardista<\/strong> a la estancia.<\/p>\n<p style=\"text-align: justify;\"><a href=\"https:\/\/www.global-projects.es\/blog\/wp-content\/uploads\/2013\/10\/bano_1.jpg\"><img loading=\"lazy\" decoding=\"async\" class=\"aligncenter size-full wp-image-1924\" title=\"Reformas integrales de dise\u00f1o\" src=\"https:\/\/www.global-projects.es\/blog\/wp-content\/uploads\/2013\/10\/bano_1-e1382977944762.jpg\" alt=\"Reformas integrales de dise\u00f1o\" width=\"500\" height=\"344\" \/><\/a><\/p>\n<p style=\"text-align: justify;\"><strong><a href=\"https:\/\/www.global-projects.es\/es\/reformas-integrales\/reforma-banos.html\">Reforma el ba\u00f1o<\/a><\/strong>\u00a0con las \u00faltimas novedades en dise\u00f1o gracias a\u00a0<strong>Global Project<\/strong>.<\/p>\n<p style=\"text-align: justify;\">Somos una\u00a0<strong><a href=\"https:\/\/www.global-projects.es\/\">empresa de reformas integrales<\/a> <\/strong>en Barcelona, con<strong> experiencia y reputaci\u00f3n<\/strong>\u00a0en el sector de la construcci\u00f3n.<\/p>\n<p style=\"text-align: justify;\">Contamos con un\u00a0<strong>equipo de profesionales<\/strong> altamente cualificados que trabajar\u00e1n en tu proyecto para que no tengas que preocuparte de nada y puedas disfrutar de una\u00a0<strong>reforma <\/strong>que cumpla con tus <strong>expectativas y necesidades<\/strong>.<\/p>\n<p style=\"text-align: justify;\"><strong>Contacta con nosotros<\/strong>\u00a0y p\u00eddenos \u00a0<strong><a href=\"http:\/\/www.imagotechnics.com\/es\/contacta.html\">presupuesto<\/a><\/strong>\u00a0sin compromiso.<\/p>\n<p>&nbsp;<\/p>\n","protected":false},"excerpt":{"rendered":"<p>Aunque los colores claros son los que siempre se asocian a los cuartos de ba\u00f1o, sobretodo colores que nos significan limpieza e higiene como pueden ser los blancos y azules, los dise\u00f1os m\u00e1s atrevidos est\u00e1n empezando a apostar por otros colores para esta estancia. \u00a0Uno de los colores que se est\u00e1 imponiendo \u00a0para el ba\u00f1o [&hellip;]<\/p>\n","protected":false},"author":4,"featured_media":1922,"comment_status":"open","ping_status":"closed","sticky":false,"template":"","format":"standard","meta":{"_et_pb_use_builder":"","_et_pb_old_content":"","_et_gb_content_width":"","footnotes":""},"categories":[19,21,38],"tags":[25,39,148,182],"class_list":["post-3364","post","type-post","status-publish","format-standard","has-post-thumbnail","hentry","category-diseno-2","category-novedades","category-banos-modernos","tag-reformas-integrales","tag-banos-modernos-2","tag-rehabilitacion-de-banos","tag-reformas-bano-moderno"],"yoast_head":"<!-- This site is optimized with the Yoast SEO plugin v27.5 - https:\/\/yoast.com\/product\/yoast-seo-wordpress\/ -->\n<title>Ba\u00f1o en blanco y negro - Global Projects<\/title>\n<meta name=\"robots\" content=\"index, follow, max-snippet:-1, max-image-preview:large, max-video-preview:-1\" \/>\n<link rel=\"canonical\" href=\"https:\/\/www.global-projects.es\/es\/bano-en-blanco-y-negro\/\" \/>\n<meta property=\"og:locale\" content=\"es_ES\" \/>\n<meta property=\"og:type\" content=\"article\" \/>\n<meta property=\"og:title\" content=\"Ba\u00f1o en blanco y negro - Global Projects\" \/>\n<meta property=\"og:description\" content=\"Aunque los colores claros son los que siempre se asocian a los cuartos de ba\u00f1o, sobretodo colores que nos significan limpieza e higiene como pueden ser los blancos y azules, los dise\u00f1os m\u00e1s atrevidos est\u00e1n empezando a apostar por otros colores para esta estancia. \u00a0Uno de los colores que se est\u00e1 imponiendo \u00a0para el ba\u00f1o [&hellip;]\" \/>\n<meta property=\"og:url\" content=\"https:\/\/www.global-projects.es\/es\/bano-en-blanco-y-negro\/\" \/>\n<meta property=\"og:site_name\" content=\"Global Projects\" \/>\n<meta property=\"article:publisher\" content=\"https:\/\/www.facebook.com\/gblprojects\" \/>\n<meta property=\"article:published_time\" content=\"2013-10-26T09:00:20+00:00\" \/>\n<meta property=\"og:image\" content=\"https:\/\/www.global-projects.es\/wp-content\/uploads\/2012\/03\/ibizasusp.jpg\" \/>\n\t<meta property=\"og:image:width\" content=\"499\" \/>\n\t<meta property=\"og:image:height\" content=\"499\" \/>\n\t<meta property=\"og:image:type\" content=\"image\/jpeg\" \/>\n<meta name=\"author\" content=\"Global\" \/>\n<meta name=\"twitter:card\" content=\"summary_large_image\" \/>\n<meta name=\"twitter:creator\" content=\"@global_projects\" \/>\n<meta name=\"twitter:site\" content=\"@global_projects\" \/>\n<meta name=\"twitter:label1\" content=\"Escrito por\" \/>\n\t<meta name=\"twitter:data1\" content=\"Global\" \/>\n\t<meta name=\"twitter:label2\" content=\"Tiempo de lectura\" \/>\n\t<meta name=\"twitter:data2\" content=\"1 minuto\" \/>\n<script type=\"application\/ld+json\" class=\"yoast-schema-graph\">{\"@context\":\"https:\\\/\\\/schema.org\",\"@graph\":[{\"@type\":\"Article\",\"@id\":\"https:\\\/\\\/www.global-projects.es\\\/es\\\/bano-en-blanco-y-negro\\\/#article\",\"isPartOf\":{\"@id\":\"https:\\\/\\\/www.global-projects.es\\\/es\\\/bano-en-blanco-y-negro\\\/\"},\"author\":{\"name\":\"Global\",\"@id\":\"https:\\\/\\\/www.global-projects.es\\\/es\\\/#\\\/schema\\\/person\\\/62ec8db1b3b6b0776dc86d00b37c57ff\"},\"headline\":\"Ba\u00f1o en blanco y negro\",\"datePublished\":\"2013-10-26T09:00:20+00:00\",\"mainEntityOfPage\":{\"@id\":\"https:\\\/\\\/www.global-projects.es\\\/es\\\/bano-en-blanco-y-negro\\\/\"},\"wordCount\":247,\"commentCount\":0,\"image\":{\"@id\":\"https:\\\/\\\/www.global-projects.es\\\/es\\\/bano-en-blanco-y-negro\\\/#primaryimage\"},\"thumbnailUrl\":\"https:\\\/\\\/www.global-projects.es\\\/wp-content\\\/uploads\\\/2012\\\/03\\\/ibizasusp.jpg\",\"keywords\":[\"reformas integrales\",\"ba\u00f1os modernos\",\"rehabilitacion de ba\u00f1os\",\"reformas ba\u00f1o moderno\"],\"articleSection\":[\"dise\u00f1o\",\"novedades\",\"Ba\u00f1os Modernos\"],\"inLanguage\":\"es\",\"potentialAction\":[{\"@type\":\"CommentAction\",\"name\":\"Comment\",\"target\":[\"https:\\\/\\\/www.global-projects.es\\\/es\\\/bano-en-blanco-y-negro\\\/#respond\"]}]},{\"@type\":\"WebPage\",\"@id\":\"https:\\\/\\\/www.global-projects.es\\\/es\\\/bano-en-blanco-y-negro\\\/\",\"url\":\"https:\\\/\\\/www.global-projects.es\\\/es\\\/bano-en-blanco-y-negro\\\/\",\"name\":\"Ba\u00f1o en blanco y negro - Global Projects\",\"isPartOf\":{\"@id\":\"https:\\\/\\\/www.global-projects.es\\\/es\\\/#website\"},\"primaryImageOfPage\":{\"@id\":\"https:\\\/\\\/www.global-projects.es\\\/es\\\/bano-en-blanco-y-negro\\\/#primaryimage\"},\"image\":{\"@id\":\"https:\\\/\\\/www.global-projects.es\\\/es\\\/bano-en-blanco-y-negro\\\/#primaryimage\"},\"thumbnailUrl\":\"https:\\\/\\\/www.global-projects.es\\\/wp-content\\\/uploads\\\/2012\\\/03\\\/ibizasusp.jpg\",\"datePublished\":\"2013-10-26T09:00:20+00:00\",\"author\":{\"@id\":\"https:\\\/\\\/www.global-projects.es\\\/es\\\/#\\\/schema\\\/person\\\/62ec8db1b3b6b0776dc86d00b37c57ff\"},\"breadcrumb\":{\"@id\":\"https:\\\/\\\/www.global-projects.es\\\/es\\\/bano-en-blanco-y-negro\\\/#breadcrumb\"},\"inLanguage\":\"es\",\"potentialAction\":[{\"@type\":\"ReadAction\",\"target\":[\"https:\\\/\\\/www.global-projects.es\\\/es\\\/bano-en-blanco-y-negro\\\/\"]}]},{\"@type\":\"ImageObject\",\"inLanguage\":\"es\",\"@id\":\"https:\\\/\\\/www.global-projects.es\\\/es\\\/bano-en-blanco-y-negro\\\/#primaryimage\",\"url\":\"https:\\\/\\\/www.global-projects.es\\\/wp-content\\\/uploads\\\/2012\\\/03\\\/ibizasusp.jpg\",\"contentUrl\":\"https:\\\/\\\/www.global-projects.es\\\/wp-content\\\/uploads\\\/2012\\\/03\\\/ibizasusp.jpg\",\"width\":499,\"height\":499},{\"@type\":\"BreadcrumbList\",\"@id\":\"https:\\\/\\\/www.global-projects.es\\\/es\\\/bano-en-blanco-y-negro\\\/#breadcrumb\",\"itemListElement\":[{\"@type\":\"ListItem\",\"position\":1,\"name\":\"Portada\",\"item\":\"https:\\\/\\\/www.global-projects.es\\\/es\\\/\"},{\"@type\":\"ListItem\",\"position\":2,\"name\":\"Ba\u00f1o en blanco y negro\"}]},{\"@type\":\"WebSite\",\"@id\":\"https:\\\/\\\/www.global-projects.es\\\/es\\\/#website\",\"url\":\"https:\\\/\\\/www.global-projects.es\\\/es\\\/\",\"name\":\"Global Projects\",\"description\":\"Reformas Integrales Barcelona\",\"potentialAction\":[{\"@type\":\"SearchAction\",\"target\":{\"@type\":\"EntryPoint\",\"urlTemplate\":\"https:\\\/\\\/www.global-projects.es\\\/es\\\/?s={search_term_string}\"},\"query-input\":{\"@type\":\"PropertyValueSpecification\",\"valueRequired\":true,\"valueName\":\"search_term_string\"}}],\"inLanguage\":\"es\"},{\"@type\":\"Person\",\"@id\":\"https:\\\/\\\/www.global-projects.es\\\/es\\\/#\\\/schema\\\/person\\\/62ec8db1b3b6b0776dc86d00b37c57ff\",\"name\":\"Global\",\"url\":\"https:\\\/\\\/www.global-projects.es\\\/es\\\/author\\\/global\\\/\"}]}<\/script>\n<!-- \/ Yoast SEO plugin. -->","yoast_head_json":{"title":"Ba\u00f1o en blanco y negro - Global Projects","robots":{"index":"index","follow":"follow","max-snippet":"max-snippet:-1","max-image-preview":"max-image-preview:large","max-video-preview":"max-video-preview:-1"},"canonical":"https:\/\/www.global-projects.es\/es\/bano-en-blanco-y-negro\/","og_locale":"es_ES","og_type":"article","og_title":"Ba\u00f1o en blanco y negro - Global Projects","og_description":"Aunque los colores claros son los que siempre se asocian a los cuartos de ba\u00f1o, sobretodo colores que nos significan limpieza e higiene como pueden ser los blancos y azules, los dise\u00f1os m\u00e1s atrevidos est\u00e1n empezando a apostar por otros colores para esta estancia. \u00a0Uno de los colores que se est\u00e1 imponiendo \u00a0para el ba\u00f1o [&hellip;]","og_url":"https:\/\/www.global-projects.es\/es\/bano-en-blanco-y-negro\/","og_site_name":"Global Projects","article_publisher":"https:\/\/www.facebook.com\/gblprojects","article_published_time":"2013-10-26T09:00:20+00:00","og_image":[{"width":499,"height":499,"url":"https:\/\/www.global-projects.es\/wp-content\/uploads\/2012\/03\/ibizasusp.jpg","type":"image\/jpeg"}],"author":"Global","twitter_card":"summary_large_image","twitter_creator":"@global_projects","twitter_site":"@global_projects","twitter_misc":{"Escrito por":"Global","Tiempo de lectura":"1 minuto"},"schema":{"@context":"https:\/\/schema.org","@graph":[{"@type":"Article","@id":"https:\/\/www.global-projects.es\/es\/bano-en-blanco-y-negro\/#article","isPartOf":{"@id":"https:\/\/www.global-projects.es\/es\/bano-en-blanco-y-negro\/"},"author":{"name":"Global","@id":"https:\/\/www.global-projects.es\/es\/#\/schema\/person\/62ec8db1b3b6b0776dc86d00b37c57ff"},"headline":"Ba\u00f1o en blanco y negro","datePublished":"2013-10-26T09:00:20+00:00","mainEntityOfPage":{"@id":"https:\/\/www.global-projects.es\/es\/bano-en-blanco-y-negro\/"},"wordCount":247,"commentCount":0,"image":{"@id":"https:\/\/www.global-projects.es\/es\/bano-en-blanco-y-negro\/#primaryimage"},"thumbnailUrl":"https:\/\/www.global-projects.es\/wp-content\/uploads\/2012\/03\/ibizasusp.jpg","keywords":["reformas integrales","ba\u00f1os modernos","rehabilitacion de ba\u00f1os","reformas ba\u00f1o moderno"],"articleSection":["dise\u00f1o","novedades","Ba\u00f1os Modernos"],"inLanguage":"es","potentialAction":[{"@type":"CommentAction","name":"Comment","target":["https:\/\/www.global-projects.es\/es\/bano-en-blanco-y-negro\/#respond"]}]},{"@type":"WebPage","@id":"https:\/\/www.global-projects.es\/es\/bano-en-blanco-y-negro\/","url":"https:\/\/www.global-projects.es\/es\/bano-en-blanco-y-negro\/","name":"Ba\u00f1o en blanco y negro - Global Projects","isPartOf":{"@id":"https:\/\/www.global-projects.es\/es\/#website"},"primaryImageOfPage":{"@id":"https:\/\/www.global-projects.es\/es\/bano-en-blanco-y-negro\/#primaryimage"},"image":{"@id":"https:\/\/www.global-projects.es\/es\/bano-en-blanco-y-negro\/#primaryimage"},"thumbnailUrl":"https:\/\/www.global-projects.es\/wp-content\/uploads\/2012\/03\/ibizasusp.jpg","datePublished":"2013-10-26T09:00:20+00:00","author":{"@id":"https:\/\/www.global-projects.es\/es\/#\/schema\/person\/62ec8db1b3b6b0776dc86d00b37c57ff"},"breadcrumb":{"@id":"https:\/\/www.global-projects.es\/es\/bano-en-blanco-y-negro\/#breadcrumb"},"inLanguage":"es","potentialAction":[{"@type":"ReadAction","target":["https:\/\/www.global-projects.es\/es\/bano-en-blanco-y-negro\/"]}]},{"@type":"ImageObject","inLanguage":"es","@id":"https:\/\/www.global-projects.es\/es\/bano-en-blanco-y-negro\/#primaryimage","url":"https:\/\/www.global-projects.es\/wp-content\/uploads\/2012\/03\/ibizasusp.jpg","contentUrl":"https:\/\/www.global-projects.es\/wp-content\/uploads\/2012\/03\/ibizasusp.jpg","width":499,"height":499},{"@type":"BreadcrumbList","@id":"https:\/\/www.global-projects.es\/es\/bano-en-blanco-y-negro\/#breadcrumb","itemListElement":[{"@type":"ListItem","position":1,"name":"Portada","item":"https:\/\/www.global-projects.es\/es\/"},{"@type":"ListItem","position":2,"name":"Ba\u00f1o en blanco y negro"}]},{"@type":"WebSite","@id":"https:\/\/www.global-projects.es\/es\/#website","url":"https:\/\/www.global-projects.es\/es\/","name":"Global Projects","description":"Reformas Integrales Barcelona","potentialAction":[{"@type":"SearchAction","target":{"@type":"EntryPoint","urlTemplate":"https:\/\/www.global-projects.es\/es\/?s={search_term_string}"},"query-input":{"@type":"PropertyValueSpecification","valueRequired":true,"valueName":"search_term_string"}}],"inLanguage":"es"},{"@type":"Person","@id":"https:\/\/www.global-projects.es\/es\/#\/schema\/person\/62ec8db1b3b6b0776dc86d00b37c57ff","name":"Global","url":"https:\/\/www.global-projects.es\/es\/author\/global\/"}]}},"_links":{"self":[{"href":"https:\/\/www.global-projects.es\/es\/wp-json\/wp\/v2\/posts\/3364","targetHints":{"allow":["GET"]}}],"collection":[{"href":"https:\/\/www.global-projects.es\/es\/wp-json\/wp\/v2\/posts"}],"about":[{"href":"https:\/\/www.global-projects.es\/es\/wp-json\/wp\/v2\/types\/post"}],"author":[{"embeddable":true,"href":"https:\/\/www.global-projects.es\/es\/wp-json\/wp\/v2\/users\/4"}],"replies":[{"embeddable":true,"href":"https:\/\/www.global-projects.es\/es\/wp-json\/wp\/v2\/comments?post=3364"}],"version-history":[{"count":0,"href":"https:\/\/www.global-projects.es\/es\/wp-json\/wp\/v2\/posts\/3364\/revisions"}],"wp:featuredmedia":[{"embeddable":true,"href":"https:\/\/www.global-projects.es\/es\/wp-json\/wp\/v2\/media\/1922"}],"wp:attachment":[{"href":"https:\/\/www.global-projects.es\/es\/wp-json\/wp\/v2\/media?parent=3364"}],"wp:term":[{"taxonomy":"category","embeddable":true,"href":"https:\/\/www.global-projects.es\/es\/wp-json\/wp\/v2\/categories?post=3364"},{"taxonomy":"post_tag","embeddable":true,"href":"https:\/\/www.global-projects.es\/es\/wp-json\/wp\/v2\/tags?post=3364"}],"curies":[{"name":"wp","href":"https:\/\/api.w.org\/{rel}","templated":true}]}}