{"id":3342,"date":"2012-12-20T10:07:20","date_gmt":"2012-12-20T10:07:20","guid":{"rendered":"http:\/\/www.global-projects.es\/blog\/?p=1699"},"modified":"2012-12-20T10:07:20","modified_gmt":"2012-12-20T10:07:20","slug":"1699","status":"publish","type":"post","link":"https:\/\/www.global-projects.es\/es\/1699\/","title":{"rendered":"\u00bfAzul\u2026? \u00a1Ahora puedes!"},"content":{"rendered":"<p style=\"text-align: justify;\">Como siempre decimos, a la hora de iniciar una<strong> reforma<\/strong> hay muchos <strong>elementos<\/strong> que hay que tener en cuenta. Debemos elegir <strong>cada rinc\u00f3n<\/strong> de nuestro hogar a nuestro gusto, reflejando as\u00ed el <strong>car\u00e1cter y personalidad<\/strong> que nos caracteriza.<\/p>\n<p style=\"text-align: justify;\">Hoy queremos hablarte de un <strong>color<\/strong> muy poco com\u00fan en decoraci\u00f3n pero que cada vez esta mas presente en las <strong>\u00faltimas tendencias<\/strong> m\u00e1s atrevidas, el color <strong>azul<\/strong>.<\/p>\n<p style=\"text-align: justify;\">Este color siempre se ha elegido en <strong>ba\u00f1os, cocinas y habitaciones<\/strong>, pero muy poco en <strong>salones<\/strong>.<\/p>\n<p style=\"text-align: justify;\"><a href=\"https:\/\/www.global-projects.es\/blog\/wp-content\/uploads\/2012\/12\/salon_azul_super_chulo.jpg\"><img loading=\"lazy\" decoding=\"async\" class=\"aligncenter size-full wp-image-1700\" title=\"Interiorismo sal\u00f3n azul\" src=\"https:\/\/www.global-projects.es\/blog\/wp-content\/uploads\/2012\/12\/salon_azul_super_chulo.jpg\" alt=\"Interiorismo sal\u00f3n azul\" width=\"500\" height=\"344\" \/><\/a><br \/>\nDentro de su <strong>amplia gama crom\u00e1tica<\/strong> el azul puede quedar genial en algunas de las paredes del sal\u00f3n.<\/p>\n<p style=\"text-align: center;\"><a href=\"https:\/\/www.global-projects.es\/blog\/wp-content\/uploads\/2012\/12\/casadiez-salon_azul.jpg\"><img loading=\"lazy\" decoding=\"async\" class=\"aligncenter size-full wp-image-1702\" title=\"Reformar vivienda\" src=\"https:\/\/www.global-projects.es\/blog\/wp-content\/uploads\/2012\/12\/casadiez-salon_azul.jpg\" alt=\"Reformar vivienda\" width=\"500\" height=\"400\" \/><\/a><\/p>\n<p style=\"text-align: justify;\">Tambi\u00e9n puede <strong>quedar de maravilla<\/strong> combinado con<strong> colores neutros<\/strong> en muebles y peque\u00f1os detalles decorativos, como <strong>jarrones, cojines o cortinas<\/strong>.<\/p>\n<p style=\"text-align: justify;\"><a href=\"https:\/\/www.global-projects.es\/blog\/wp-content\/uploads\/2012\/12\/azul-decoracion-salones-4.jpg\"><img loading=\"lazy\" decoding=\"async\" class=\"aligncenter size-full wp-image-1703\" title=\"Reformas integrales con color azul\" src=\"https:\/\/www.global-projects.es\/blog\/wp-content\/uploads\/2012\/12\/azul-decoracion-salones-4.jpg\" alt=\"Reformas integrales con color azul\" width=\"500\" height=\"333\" \/><\/a><br \/>\n<strong>Atr\u00e9vete con el azul<\/strong> y consigue un aire <strong>atrevido y vanguardista<\/strong> para tu sal\u00f3n.<\/p>\n<p style=\"text-align: justify;\">Si estas pensando <strong><a href=\"https:\/\/www.global-projects.es\/es\/servicios\/reformas-integrales.html\">reformar tu vivienda<\/a><\/strong> <strong>Global Project<\/strong> somos la empresa ideal para hacerlo.<\/p>\n<p style=\"text-align: justify;\"><strong><a href=\"https:\/\/www.global-projects.es\/es\/reformas-global-projects.html\">Empresa de reformas<\/a><\/strong> en Barcelona somos expertos en <strong><a href=\"https:\/\/www.global-projects.es\/es\/reformas-integrales.html\">reformas integrales<\/a><\/strong>.<\/p>\n<p style=\"text-align: justify;\">Nuestro <strong>equipo de profesionales<\/strong>, altamente cualificado, realizara la <strong>mejor reforma<\/strong> cumpliendo los <strong>plazos marcados<\/strong>.<\/p>\n<p style=\"text-align: justify;\">Pide <strong><a href=\"https:\/\/www.global-projects.es\/es\/formulario.html\">aqu\u00ed presupuesto<\/a><\/strong> sin ning\u00fan compromiso.<\/p>\n","protected":false},"excerpt":{"rendered":"<p>Como siempre decimos, a la hora de iniciar una reforma hay muchos elementos que hay que tener en cuenta. Debemos elegir cada rinc\u00f3n de nuestro hogar a nuestro gusto, reflejando as\u00ed el car\u00e1cter y personalidad que nos caracteriza. Hoy queremos hablarte de un color muy poco com\u00fan en decoraci\u00f3n pero que cada vez esta mas [&hellip;]<\/p>\n","protected":false},"author":4,"featured_media":1700,"comment_status":"open","ping_status":"closed","sticky":false,"template":"","format":"standard","meta":{"_et_pb_use_builder":"","_et_pb_old_content":"","_et_gb_content_width":"","footnotes":""},"categories":[19,21,36],"tags":[25,37,163,181,183],"class_list":["post-3342","post","type-post","status-publish","format-standard","has-post-thumbnail","hentry","category-diseno-2","category-novedades","category-interiorismo-2","tag-reformas-integrales","tag-reformas-integrales-barcelona","tag-reformar-vivienda-barcelona","tag-empresa-de-reformas","tag-reformas-viviendas"],"yoast_head":"<!-- This site is optimized with the Yoast SEO plugin v27.5 - https:\/\/yoast.com\/product\/yoast-seo-wordpress\/ -->\n<title>\u00bfAzul\u2026? \u00a1Ahora puedes! - Global Projects<\/title>\n<meta name=\"robots\" content=\"index, follow, max-snippet:-1, max-image-preview:large, max-video-preview:-1\" \/>\n<link rel=\"canonical\" href=\"https:\/\/www.global-projects.es\/es\/1699\/\" \/>\n<meta property=\"og:locale\" content=\"es_ES\" \/>\n<meta property=\"og:type\" content=\"article\" \/>\n<meta property=\"og:title\" content=\"\u00bfAzul\u2026? \u00a1Ahora puedes! - Global Projects\" \/>\n<meta property=\"og:description\" content=\"Como siempre decimos, a la hora de iniciar una reforma hay muchos elementos que hay que tener en cuenta. Debemos elegir cada rinc\u00f3n de nuestro hogar a nuestro gusto, reflejando as\u00ed el car\u00e1cter y personalidad que nos caracteriza. Hoy queremos hablarte de un color muy poco com\u00fan en decoraci\u00f3n pero que cada vez esta mas [&hellip;]\" \/>\n<meta property=\"og:url\" content=\"https:\/\/www.global-projects.es\/es\/1699\/\" \/>\n<meta property=\"og:site_name\" content=\"Global Projects\" \/>\n<meta property=\"article:publisher\" content=\"https:\/\/www.facebook.com\/gblprojects\" \/>\n<meta property=\"article:published_time\" content=\"2012-12-20T10:07:20+00:00\" \/>\n<meta name=\"author\" content=\"Global\" \/>\n<meta name=\"twitter:card\" content=\"summary_large_image\" \/>\n<meta name=\"twitter:creator\" content=\"@global_projects\" \/>\n<meta name=\"twitter:site\" content=\"@global_projects\" \/>\n<meta name=\"twitter:label1\" content=\"Escrito por\" \/>\n\t<meta name=\"twitter:data1\" content=\"Global\" \/>\n\t<meta name=\"twitter:label2\" content=\"Tiempo de lectura\" \/>\n\t<meta name=\"twitter:data2\" content=\"1 minuto\" \/>\n<script type=\"application\/ld+json\" class=\"yoast-schema-graph\">{\"@context\":\"https:\\\/\\\/schema.org\",\"@graph\":[{\"@type\":\"Article\",\"@id\":\"https:\\\/\\\/www.global-projects.es\\\/es\\\/1699\\\/#article\",\"isPartOf\":{\"@id\":\"https:\\\/\\\/www.global-projects.es\\\/es\\\/1699\\\/\"},\"author\":{\"name\":\"Global\",\"@id\":\"https:\\\/\\\/www.global-projects.es\\\/es\\\/#\\\/schema\\\/person\\\/62ec8db1b3b6b0776dc86d00b37c57ff\"},\"headline\":\"\u00bfAzul\u2026? \u00a1Ahora puedes!\",\"datePublished\":\"2012-12-20T10:07:20+00:00\",\"mainEntityOfPage\":{\"@id\":\"https:\\\/\\\/www.global-projects.es\\\/es\\\/1699\\\/\"},\"wordCount\":193,\"commentCount\":0,\"image\":{\"@id\":\"https:\\\/\\\/www.global-projects.es\\\/es\\\/1699\\\/#primaryimage\"},\"thumbnailUrl\":\"\",\"keywords\":[\"reformas integrales\",\"reformas integrales barcelona\",\"reformar vivienda barcelona\",\"empresa de reformas\",\"reformas viviendas\"],\"articleSection\":[\"dise\u00f1o\",\"novedades\",\"Interiorismo\"],\"inLanguage\":\"es\",\"potentialAction\":[{\"@type\":\"CommentAction\",\"name\":\"Comment\",\"target\":[\"https:\\\/\\\/www.global-projects.es\\\/es\\\/1699\\\/#respond\"]}]},{\"@type\":\"WebPage\",\"@id\":\"https:\\\/\\\/www.global-projects.es\\\/es\\\/1699\\\/\",\"url\":\"https:\\\/\\\/www.global-projects.es\\\/es\\\/1699\\\/\",\"name\":\"\u00bfAzul\u2026? \u00a1Ahora puedes! - Global Projects\",\"isPartOf\":{\"@id\":\"https:\\\/\\\/www.global-projects.es\\\/es\\\/#website\"},\"primaryImageOfPage\":{\"@id\":\"https:\\\/\\\/www.global-projects.es\\\/es\\\/1699\\\/#primaryimage\"},\"image\":{\"@id\":\"https:\\\/\\\/www.global-projects.es\\\/es\\\/1699\\\/#primaryimage\"},\"thumbnailUrl\":\"\",\"datePublished\":\"2012-12-20T10:07:20+00:00\",\"author\":{\"@id\":\"https:\\\/\\\/www.global-projects.es\\\/es\\\/#\\\/schema\\\/person\\\/62ec8db1b3b6b0776dc86d00b37c57ff\"},\"breadcrumb\":{\"@id\":\"https:\\\/\\\/www.global-projects.es\\\/es\\\/1699\\\/#breadcrumb\"},\"inLanguage\":\"es\",\"potentialAction\":[{\"@type\":\"ReadAction\",\"target\":[\"https:\\\/\\\/www.global-projects.es\\\/es\\\/1699\\\/\"]}]},{\"@type\":\"ImageObject\",\"inLanguage\":\"es\",\"@id\":\"https:\\\/\\\/www.global-projects.es\\\/es\\\/1699\\\/#primaryimage\",\"url\":\"\",\"contentUrl\":\"\"},{\"@type\":\"BreadcrumbList\",\"@id\":\"https:\\\/\\\/www.global-projects.es\\\/es\\\/1699\\\/#breadcrumb\",\"itemListElement\":[{\"@type\":\"ListItem\",\"position\":1,\"name\":\"Portada\",\"item\":\"https:\\\/\\\/www.global-projects.es\\\/es\\\/\"},{\"@type\":\"ListItem\",\"position\":2,\"name\":\"\u00bfAzul\u2026? \u00a1Ahora puedes!\"}]},{\"@type\":\"WebSite\",\"@id\":\"https:\\\/\\\/www.global-projects.es\\\/es\\\/#website\",\"url\":\"https:\\\/\\\/www.global-projects.es\\\/es\\\/\",\"name\":\"Global Projects\",\"description\":\"Reformas Integrales Barcelona\",\"potentialAction\":[{\"@type\":\"SearchAction\",\"target\":{\"@type\":\"EntryPoint\",\"urlTemplate\":\"https:\\\/\\\/www.global-projects.es\\\/es\\\/?s={search_term_string}\"},\"query-input\":{\"@type\":\"PropertyValueSpecification\",\"valueRequired\":true,\"valueName\":\"search_term_string\"}}],\"inLanguage\":\"es\"},{\"@type\":\"Person\",\"@id\":\"https:\\\/\\\/www.global-projects.es\\\/es\\\/#\\\/schema\\\/person\\\/62ec8db1b3b6b0776dc86d00b37c57ff\",\"name\":\"Global\",\"url\":\"https:\\\/\\\/www.global-projects.es\\\/es\\\/author\\\/global\\\/\"}]}<\/script>\n<!-- \/ Yoast SEO plugin. -->","yoast_head_json":{"title":"\u00bfAzul\u2026? \u00a1Ahora puedes! - Global Projects","robots":{"index":"index","follow":"follow","max-snippet":"max-snippet:-1","max-image-preview":"max-image-preview:large","max-video-preview":"max-video-preview:-1"},"canonical":"https:\/\/www.global-projects.es\/es\/1699\/","og_locale":"es_ES","og_type":"article","og_title":"\u00bfAzul\u2026? \u00a1Ahora puedes! - Global Projects","og_description":"Como siempre decimos, a la hora de iniciar una reforma hay muchos elementos que hay que tener en cuenta. Debemos elegir cada rinc\u00f3n de nuestro hogar a nuestro gusto, reflejando as\u00ed el car\u00e1cter y personalidad que nos caracteriza. Hoy queremos hablarte de un color muy poco com\u00fan en decoraci\u00f3n pero que cada vez esta mas [&hellip;]","og_url":"https:\/\/www.global-projects.es\/es\/1699\/","og_site_name":"Global Projects","article_publisher":"https:\/\/www.facebook.com\/gblprojects","article_published_time":"2012-12-20T10:07:20+00:00","author":"Global","twitter_card":"summary_large_image","twitter_creator":"@global_projects","twitter_site":"@global_projects","twitter_misc":{"Escrito por":"Global","Tiempo de lectura":"1 minuto"},"schema":{"@context":"https:\/\/schema.org","@graph":[{"@type":"Article","@id":"https:\/\/www.global-projects.es\/es\/1699\/#article","isPartOf":{"@id":"https:\/\/www.global-projects.es\/es\/1699\/"},"author":{"name":"Global","@id":"https:\/\/www.global-projects.es\/es\/#\/schema\/person\/62ec8db1b3b6b0776dc86d00b37c57ff"},"headline":"\u00bfAzul\u2026? \u00a1Ahora puedes!","datePublished":"2012-12-20T10:07:20+00:00","mainEntityOfPage":{"@id":"https:\/\/www.global-projects.es\/es\/1699\/"},"wordCount":193,"commentCount":0,"image":{"@id":"https:\/\/www.global-projects.es\/es\/1699\/#primaryimage"},"thumbnailUrl":"","keywords":["reformas integrales","reformas integrales barcelona","reformar vivienda barcelona","empresa de reformas","reformas viviendas"],"articleSection":["dise\u00f1o","novedades","Interiorismo"],"inLanguage":"es","potentialAction":[{"@type":"CommentAction","name":"Comment","target":["https:\/\/www.global-projects.es\/es\/1699\/#respond"]}]},{"@type":"WebPage","@id":"https:\/\/www.global-projects.es\/es\/1699\/","url":"https:\/\/www.global-projects.es\/es\/1699\/","name":"\u00bfAzul\u2026? \u00a1Ahora puedes! - Global Projects","isPartOf":{"@id":"https:\/\/www.global-projects.es\/es\/#website"},"primaryImageOfPage":{"@id":"https:\/\/www.global-projects.es\/es\/1699\/#primaryimage"},"image":{"@id":"https:\/\/www.global-projects.es\/es\/1699\/#primaryimage"},"thumbnailUrl":"","datePublished":"2012-12-20T10:07:20+00:00","author":{"@id":"https:\/\/www.global-projects.es\/es\/#\/schema\/person\/62ec8db1b3b6b0776dc86d00b37c57ff"},"breadcrumb":{"@id":"https:\/\/www.global-projects.es\/es\/1699\/#breadcrumb"},"inLanguage":"es","potentialAction":[{"@type":"ReadAction","target":["https:\/\/www.global-projects.es\/es\/1699\/"]}]},{"@type":"ImageObject","inLanguage":"es","@id":"https:\/\/www.global-projects.es\/es\/1699\/#primaryimage","url":"","contentUrl":""},{"@type":"BreadcrumbList","@id":"https:\/\/www.global-projects.es\/es\/1699\/#breadcrumb","itemListElement":[{"@type":"ListItem","position":1,"name":"Portada","item":"https:\/\/www.global-projects.es\/es\/"},{"@type":"ListItem","position":2,"name":"\u00bfAzul\u2026? \u00a1Ahora puedes!"}]},{"@type":"WebSite","@id":"https:\/\/www.global-projects.es\/es\/#website","url":"https:\/\/www.global-projects.es\/es\/","name":"Global Projects","description":"Reformas Integrales Barcelona","potentialAction":[{"@type":"SearchAction","target":{"@type":"EntryPoint","urlTemplate":"https:\/\/www.global-projects.es\/es\/?s={search_term_string}"},"query-input":{"@type":"PropertyValueSpecification","valueRequired":true,"valueName":"search_term_string"}}],"inLanguage":"es"},{"@type":"Person","@id":"https:\/\/www.global-projects.es\/es\/#\/schema\/person\/62ec8db1b3b6b0776dc86d00b37c57ff","name":"Global","url":"https:\/\/www.global-projects.es\/es\/author\/global\/"}]}},"_links":{"self":[{"href":"https:\/\/www.global-projects.es\/es\/wp-json\/wp\/v2\/posts\/3342","targetHints":{"allow":["GET"]}}],"collection":[{"href":"https:\/\/www.global-projects.es\/es\/wp-json\/wp\/v2\/posts"}],"about":[{"href":"https:\/\/www.global-projects.es\/es\/wp-json\/wp\/v2\/types\/post"}],"author":[{"embeddable":true,"href":"https:\/\/www.global-projects.es\/es\/wp-json\/wp\/v2\/users\/4"}],"replies":[{"embeddable":true,"href":"https:\/\/www.global-projects.es\/es\/wp-json\/wp\/v2\/comments?post=3342"}],"version-history":[{"count":0,"href":"https:\/\/www.global-projects.es\/es\/wp-json\/wp\/v2\/posts\/3342\/revisions"}],"wp:featuredmedia":[{"embeddable":true,"href":"https:\/\/www.global-projects.es\/es\/wp-json\/"}],"wp:attachment":[{"href":"https:\/\/www.global-projects.es\/es\/wp-json\/wp\/v2\/media?parent=3342"}],"wp:term":[{"taxonomy":"category","embeddable":true,"href":"https:\/\/www.global-projects.es\/es\/wp-json\/wp\/v2\/categories?post=3342"},{"taxonomy":"post_tag","embeddable":true,"href":"https:\/\/www.global-projects.es\/es\/wp-json\/wp\/v2\/tags?post=3342"}],"curies":[{"name":"wp","href":"https:\/\/api.w.org\/{rel}","templated":true}]}}