{"id":3340,"date":"2012-12-17T10:00:44","date_gmt":"2012-12-17T09:00:44","guid":{"rendered":"http:\/\/www.global-projects.es\/blog\/?p=1678"},"modified":"2012-12-17T10:00:44","modified_gmt":"2012-12-17T09:00:44","slug":"un-aire-industrial","status":"publish","type":"post","link":"https:\/\/www.global-projects.es\/es\/un-aire-industrial\/","title":{"rendered":"Un aire industrial"},"content":{"rendered":"<p style=\"text-align: justify;\">La<strong> \u00faltima tendencia<\/strong> en decoraci\u00f3n es el <strong>estilo industrial<\/strong>. Es ideal para <strong>peque\u00f1os pisos, lofts y casas antiguas<\/strong>.<\/p>\n<p style=\"text-align: justify;\">Las <strong>claves<\/strong> para conseguir esta tendencia en tu hogar radican en <strong>peque\u00f1os detalles<\/strong> que conseguir\u00e1n aportar ese aire industrial a nuestro espacio.<\/p>\n<p style=\"text-align: justify;\">Se impone en <strong>espacios di\u00e1fanos<\/strong>, con elementos estructurales como <strong>columnas y paredes<\/strong> que se puedan integrar en la <strong>decoraci\u00f3n<\/strong>.<\/p>\n<p style=\"text-align: justify;\">Los <strong>techos altos<\/strong> son ideales para esta tendencia decorativa ya que permite colocar una <strong>escalera met\u00e1lica<\/strong> e instalar un <strong>altillo<\/strong> para poner un <strong>despacho o una habitaci\u00f3n<\/strong>.<\/p>\n<p style=\"text-align: center;\"><a href=\"https:\/\/www.global-projects.es\/blog\/wp-content\/uploads\/2012\/12\/Stunning-loft.jpg\"><img loading=\"lazy\" decoding=\"async\" class=\"aligncenter size-large wp-image-1679\" title=\"Reformar vivienda con estilo industrial\" src=\"https:\/\/www.global-projects.es\/blog\/wp-content\/uploads\/2012\/12\/Stunning-loft-1024x648.jpg\" alt=\"Reformar vivienda con estilo industrial\" width=\"524\" height=\"348\" \/><\/a><\/p>\n<p style=\"text-align: justify;\">Los <strong>materiales<\/strong> que impone este estilo son el <strong>cemento, el metal, vidrio y aluminio<\/strong>. Tambi\u00e9n se caracteriza por <strong>colores fr\u00edos<\/strong> en paredes y muebles.<\/p>\n<p style=\"text-align: justify;\"><a href=\"https:\/\/www.global-projects.es\/blog\/wp-content\/uploads\/2012\/12\/industrial-loft-design-ideas.jpg\"><img loading=\"lazy\" decoding=\"async\" class=\"aligncenter size-full wp-image-1681\" title=\"Reformas integrales Barcelona, loft industrial\" src=\"https:\/\/www.global-projects.es\/blog\/wp-content\/uploads\/2012\/12\/industrial-loft-design-ideas.jpg\" alt=\"Reformas integrales Barcelona, loft industrial\" width=\"600\" height=\"390\" \/><\/a><\/p>\n<p style=\"text-align: justify;\">Los espacios deben <strong>prescindir<\/strong> de casi todo <strong>elemento decorativo<\/strong>. Es imprescindible que la vivienda se vea <strong>limpia de elementos<\/strong> para conseguir este espacio industrial que prima la <strong>estructura<\/strong> frente al contenido.<\/p>\n<p style=\"text-align: justify;\"><a href=\"https:\/\/www.global-projects.es\/blog\/wp-content\/uploads\/2012\/12\/industrial.jpg\"><img loading=\"lazy\" decoding=\"async\" class=\"aligncenter size-full wp-image-1683\" title=\"Reformar cocina moderna estilo industrial\" src=\"https:\/\/www.global-projects.es\/blog\/wp-content\/uploads\/2012\/12\/industrial.jpg\" alt=\"Reformar cocina moderna estilo industrial\" width=\"600\" height=\"398\" \/><\/a><\/p>\n<p style=\"text-align: justify;\">Si necesitas emprender una <strong><a href=\"https:\/\/www.global-projects.es\/es\/servicios\/reformas-integrales.html\">reforma integral<\/a>,<\/strong> <strong>Global Project<\/strong> somos la empresa ideal para llevarla a cabo.<\/p>\n<p style=\"text-align: justify;\">Nuestra empresa de <strong><a href=\"https:\/\/www.global-projects.es\/es\/reformas-global-projects.html\">reformas integrales en Barcelona<\/a><\/strong> es especialistas en <strong><a href=\"https:\/\/www.global-projects.es\/es\/reformas-integrales\/interiorismo.html\">reformar viviendas<\/a>, <a href=\"https:\/\/www.global-projects.es\/es\/rehabilitacion-fachadas.html\">rehabilitar fachadas<\/a> y comunidades o <a href=\"https:\/\/www.global-projects.es\/es\/locales-comerciales.html\">reformar locales<\/a> y negocios<\/strong>.<\/p>\n<p style=\"text-align: justify;\">Nuestro <strong>equipo<\/strong> humano, <strong>altamente cualificado<\/strong>, realizara la <strong>mejor reforma<\/strong> cumpliendo los <strong>plazos<\/strong> marcados.<\/p>\n<p style=\"text-align: justify;\">Pide <strong><a href=\"https:\/\/www.global-projects.es\/es\/formulario.html\">aqu\u00ed<\/a><\/strong> presupuesto sin ning\u00fan compromiso.<\/p>\n","protected":false},"excerpt":{"rendered":"<p>La \u00faltima tendencia en decoraci\u00f3n es el estilo industrial. Es ideal para peque\u00f1os pisos, lofts y casas antiguas. Las claves para conseguir esta tendencia en tu hogar radican en peque\u00f1os detalles que conseguir\u00e1n aportar ese aire industrial a nuestro espacio. Se impone en espacios di\u00e1fanos, con elementos estructurales como columnas y paredes que se puedan [&hellip;]<\/p>\n","protected":false},"author":4,"featured_media":1679,"comment_status":"open","ping_status":"closed","sticky":false,"template":"","format":"standard","meta":{"_et_pb_use_builder":"","_et_pb_old_content":"","_et_gb_content_width":"","footnotes":""},"categories":[21,36],"tags":[237,25,37,163,181,183],"class_list":["post-3340","post","type-post","status-publish","format-standard","has-post-thumbnail","hentry","category-novedades","category-interiorismo-2","tag-barandilla","tag-reformas-integrales","tag-reformas-integrales-barcelona","tag-reformar-vivienda-barcelona","tag-empresa-de-reformas","tag-reformas-viviendas"],"yoast_head":"<!-- This site is optimized with the Yoast SEO plugin v27.5 - https:\/\/yoast.com\/product\/yoast-seo-wordpress\/ -->\n<title>Un aire industrial - Global Projects<\/title>\n<meta name=\"robots\" content=\"index, follow, max-snippet:-1, max-image-preview:large, max-video-preview:-1\" \/>\n<link rel=\"canonical\" href=\"https:\/\/www.global-projects.es\/es\/un-aire-industrial\/\" \/>\n<meta property=\"og:locale\" content=\"es_ES\" \/>\n<meta property=\"og:type\" content=\"article\" \/>\n<meta property=\"og:title\" content=\"Un aire industrial - Global Projects\" \/>\n<meta property=\"og:description\" content=\"La \u00faltima tendencia en decoraci\u00f3n es el estilo industrial. Es ideal para peque\u00f1os pisos, lofts y casas antiguas. Las claves para conseguir esta tendencia en tu hogar radican en peque\u00f1os detalles que conseguir\u00e1n aportar ese aire industrial a nuestro espacio. Se impone en espacios di\u00e1fanos, con elementos estructurales como columnas y paredes que se puedan [&hellip;]\" \/>\n<meta property=\"og:url\" content=\"https:\/\/www.global-projects.es\/es\/un-aire-industrial\/\" \/>\n<meta property=\"og:site_name\" content=\"Global Projects\" \/>\n<meta property=\"article:publisher\" content=\"https:\/\/www.facebook.com\/gblprojects\" \/>\n<meta property=\"article:published_time\" content=\"2012-12-17T09:00:44+00:00\" \/>\n<meta name=\"author\" content=\"Global\" \/>\n<meta name=\"twitter:card\" content=\"summary_large_image\" \/>\n<meta name=\"twitter:creator\" content=\"@global_projects\" \/>\n<meta name=\"twitter:site\" content=\"@global_projects\" \/>\n<meta name=\"twitter:label1\" content=\"Escrito por\" \/>\n\t<meta name=\"twitter:data1\" content=\"Global\" \/>\n\t<meta name=\"twitter:label2\" content=\"Tiempo de lectura\" \/>\n\t<meta name=\"twitter:data2\" content=\"1 minuto\" \/>\n<script type=\"application\/ld+json\" class=\"yoast-schema-graph\">{\"@context\":\"https:\\\/\\\/schema.org\",\"@graph\":[{\"@type\":\"Article\",\"@id\":\"https:\\\/\\\/www.global-projects.es\\\/es\\\/un-aire-industrial\\\/#article\",\"isPartOf\":{\"@id\":\"https:\\\/\\\/www.global-projects.es\\\/es\\\/un-aire-industrial\\\/\"},\"author\":{\"name\":\"Global\",\"@id\":\"https:\\\/\\\/www.global-projects.es\\\/es\\\/#\\\/schema\\\/person\\\/62ec8db1b3b6b0776dc86d00b37c57ff\"},\"headline\":\"Un aire industrial\",\"datePublished\":\"2012-12-17T09:00:44+00:00\",\"mainEntityOfPage\":{\"@id\":\"https:\\\/\\\/www.global-projects.es\\\/es\\\/un-aire-industrial\\\/\"},\"wordCount\":211,\"commentCount\":0,\"image\":{\"@id\":\"https:\\\/\\\/www.global-projects.es\\\/es\\\/un-aire-industrial\\\/#primaryimage\"},\"thumbnailUrl\":\"\",\"keywords\":[\"barandilla\",\"reformas integrales\",\"reformas integrales barcelona\",\"reformar vivienda barcelona\",\"empresa de reformas\",\"reformas viviendas\"],\"articleSection\":[\"novedades\",\"Interiorismo\"],\"inLanguage\":\"es\",\"potentialAction\":[{\"@type\":\"CommentAction\",\"name\":\"Comment\",\"target\":[\"https:\\\/\\\/www.global-projects.es\\\/es\\\/un-aire-industrial\\\/#respond\"]}]},{\"@type\":\"WebPage\",\"@id\":\"https:\\\/\\\/www.global-projects.es\\\/es\\\/un-aire-industrial\\\/\",\"url\":\"https:\\\/\\\/www.global-projects.es\\\/es\\\/un-aire-industrial\\\/\",\"name\":\"Un aire industrial - Global Projects\",\"isPartOf\":{\"@id\":\"https:\\\/\\\/www.global-projects.es\\\/es\\\/#website\"},\"primaryImageOfPage\":{\"@id\":\"https:\\\/\\\/www.global-projects.es\\\/es\\\/un-aire-industrial\\\/#primaryimage\"},\"image\":{\"@id\":\"https:\\\/\\\/www.global-projects.es\\\/es\\\/un-aire-industrial\\\/#primaryimage\"},\"thumbnailUrl\":\"\",\"datePublished\":\"2012-12-17T09:00:44+00:00\",\"author\":{\"@id\":\"https:\\\/\\\/www.global-projects.es\\\/es\\\/#\\\/schema\\\/person\\\/62ec8db1b3b6b0776dc86d00b37c57ff\"},\"breadcrumb\":{\"@id\":\"https:\\\/\\\/www.global-projects.es\\\/es\\\/un-aire-industrial\\\/#breadcrumb\"},\"inLanguage\":\"es\",\"potentialAction\":[{\"@type\":\"ReadAction\",\"target\":[\"https:\\\/\\\/www.global-projects.es\\\/es\\\/un-aire-industrial\\\/\"]}]},{\"@type\":\"ImageObject\",\"inLanguage\":\"es\",\"@id\":\"https:\\\/\\\/www.global-projects.es\\\/es\\\/un-aire-industrial\\\/#primaryimage\",\"url\":\"\",\"contentUrl\":\"\"},{\"@type\":\"BreadcrumbList\",\"@id\":\"https:\\\/\\\/www.global-projects.es\\\/es\\\/un-aire-industrial\\\/#breadcrumb\",\"itemListElement\":[{\"@type\":\"ListItem\",\"position\":1,\"name\":\"Portada\",\"item\":\"https:\\\/\\\/www.global-projects.es\\\/es\\\/\"},{\"@type\":\"ListItem\",\"position\":2,\"name\":\"Un aire industrial\"}]},{\"@type\":\"WebSite\",\"@id\":\"https:\\\/\\\/www.global-projects.es\\\/es\\\/#website\",\"url\":\"https:\\\/\\\/www.global-projects.es\\\/es\\\/\",\"name\":\"Global Projects\",\"description\":\"Reformas Integrales Barcelona\",\"potentialAction\":[{\"@type\":\"SearchAction\",\"target\":{\"@type\":\"EntryPoint\",\"urlTemplate\":\"https:\\\/\\\/www.global-projects.es\\\/es\\\/?s={search_term_string}\"},\"query-input\":{\"@type\":\"PropertyValueSpecification\",\"valueRequired\":true,\"valueName\":\"search_term_string\"}}],\"inLanguage\":\"es\"},{\"@type\":\"Person\",\"@id\":\"https:\\\/\\\/www.global-projects.es\\\/es\\\/#\\\/schema\\\/person\\\/62ec8db1b3b6b0776dc86d00b37c57ff\",\"name\":\"Global\",\"url\":\"https:\\\/\\\/www.global-projects.es\\\/es\\\/author\\\/global\\\/\"}]}<\/script>\n<!-- \/ Yoast SEO plugin. -->","yoast_head_json":{"title":"Un aire industrial - Global Projects","robots":{"index":"index","follow":"follow","max-snippet":"max-snippet:-1","max-image-preview":"max-image-preview:large","max-video-preview":"max-video-preview:-1"},"canonical":"https:\/\/www.global-projects.es\/es\/un-aire-industrial\/","og_locale":"es_ES","og_type":"article","og_title":"Un aire industrial - Global Projects","og_description":"La \u00faltima tendencia en decoraci\u00f3n es el estilo industrial. Es ideal para peque\u00f1os pisos, lofts y casas antiguas. Las claves para conseguir esta tendencia en tu hogar radican en peque\u00f1os detalles que conseguir\u00e1n aportar ese aire industrial a nuestro espacio. Se impone en espacios di\u00e1fanos, con elementos estructurales como columnas y paredes que se puedan [&hellip;]","og_url":"https:\/\/www.global-projects.es\/es\/un-aire-industrial\/","og_site_name":"Global Projects","article_publisher":"https:\/\/www.facebook.com\/gblprojects","article_published_time":"2012-12-17T09:00:44+00:00","author":"Global","twitter_card":"summary_large_image","twitter_creator":"@global_projects","twitter_site":"@global_projects","twitter_misc":{"Escrito por":"Global","Tiempo de lectura":"1 minuto"},"schema":{"@context":"https:\/\/schema.org","@graph":[{"@type":"Article","@id":"https:\/\/www.global-projects.es\/es\/un-aire-industrial\/#article","isPartOf":{"@id":"https:\/\/www.global-projects.es\/es\/un-aire-industrial\/"},"author":{"name":"Global","@id":"https:\/\/www.global-projects.es\/es\/#\/schema\/person\/62ec8db1b3b6b0776dc86d00b37c57ff"},"headline":"Un aire industrial","datePublished":"2012-12-17T09:00:44+00:00","mainEntityOfPage":{"@id":"https:\/\/www.global-projects.es\/es\/un-aire-industrial\/"},"wordCount":211,"commentCount":0,"image":{"@id":"https:\/\/www.global-projects.es\/es\/un-aire-industrial\/#primaryimage"},"thumbnailUrl":"","keywords":["barandilla","reformas integrales","reformas integrales barcelona","reformar vivienda barcelona","empresa de reformas","reformas viviendas"],"articleSection":["novedades","Interiorismo"],"inLanguage":"es","potentialAction":[{"@type":"CommentAction","name":"Comment","target":["https:\/\/www.global-projects.es\/es\/un-aire-industrial\/#respond"]}]},{"@type":"WebPage","@id":"https:\/\/www.global-projects.es\/es\/un-aire-industrial\/","url":"https:\/\/www.global-projects.es\/es\/un-aire-industrial\/","name":"Un aire industrial - Global Projects","isPartOf":{"@id":"https:\/\/www.global-projects.es\/es\/#website"},"primaryImageOfPage":{"@id":"https:\/\/www.global-projects.es\/es\/un-aire-industrial\/#primaryimage"},"image":{"@id":"https:\/\/www.global-projects.es\/es\/un-aire-industrial\/#primaryimage"},"thumbnailUrl":"","datePublished":"2012-12-17T09:00:44+00:00","author":{"@id":"https:\/\/www.global-projects.es\/es\/#\/schema\/person\/62ec8db1b3b6b0776dc86d00b37c57ff"},"breadcrumb":{"@id":"https:\/\/www.global-projects.es\/es\/un-aire-industrial\/#breadcrumb"},"inLanguage":"es","potentialAction":[{"@type":"ReadAction","target":["https:\/\/www.global-projects.es\/es\/un-aire-industrial\/"]}]},{"@type":"ImageObject","inLanguage":"es","@id":"https:\/\/www.global-projects.es\/es\/un-aire-industrial\/#primaryimage","url":"","contentUrl":""},{"@type":"BreadcrumbList","@id":"https:\/\/www.global-projects.es\/es\/un-aire-industrial\/#breadcrumb","itemListElement":[{"@type":"ListItem","position":1,"name":"Portada","item":"https:\/\/www.global-projects.es\/es\/"},{"@type":"ListItem","position":2,"name":"Un aire industrial"}]},{"@type":"WebSite","@id":"https:\/\/www.global-projects.es\/es\/#website","url":"https:\/\/www.global-projects.es\/es\/","name":"Global Projects","description":"Reformas Integrales Barcelona","potentialAction":[{"@type":"SearchAction","target":{"@type":"EntryPoint","urlTemplate":"https:\/\/www.global-projects.es\/es\/?s={search_term_string}"},"query-input":{"@type":"PropertyValueSpecification","valueRequired":true,"valueName":"search_term_string"}}],"inLanguage":"es"},{"@type":"Person","@id":"https:\/\/www.global-projects.es\/es\/#\/schema\/person\/62ec8db1b3b6b0776dc86d00b37c57ff","name":"Global","url":"https:\/\/www.global-projects.es\/es\/author\/global\/"}]}},"_links":{"self":[{"href":"https:\/\/www.global-projects.es\/es\/wp-json\/wp\/v2\/posts\/3340","targetHints":{"allow":["GET"]}}],"collection":[{"href":"https:\/\/www.global-projects.es\/es\/wp-json\/wp\/v2\/posts"}],"about":[{"href":"https:\/\/www.global-projects.es\/es\/wp-json\/wp\/v2\/types\/post"}],"author":[{"embeddable":true,"href":"https:\/\/www.global-projects.es\/es\/wp-json\/wp\/v2\/users\/4"}],"replies":[{"embeddable":true,"href":"https:\/\/www.global-projects.es\/es\/wp-json\/wp\/v2\/comments?post=3340"}],"version-history":[{"count":0,"href":"https:\/\/www.global-projects.es\/es\/wp-json\/wp\/v2\/posts\/3340\/revisions"}],"wp:featuredmedia":[{"embeddable":true,"href":"https:\/\/www.global-projects.es\/es\/wp-json\/"}],"wp:attachment":[{"href":"https:\/\/www.global-projects.es\/es\/wp-json\/wp\/v2\/media?parent=3340"}],"wp:term":[{"taxonomy":"category","embeddable":true,"href":"https:\/\/www.global-projects.es\/es\/wp-json\/wp\/v2\/categories?post=3340"},{"taxonomy":"post_tag","embeddable":true,"href":"https:\/\/www.global-projects.es\/es\/wp-json\/wp\/v2\/tags?post=3340"}],"curies":[{"name":"wp","href":"https:\/\/api.w.org\/{rel}","templated":true}]}}