{"id":3329,"date":"2012-11-13T10:00:25","date_gmt":"2012-11-13T09:00:25","guid":{"rendered":"http:\/\/www.global-projects.es\/blog\/?p=1552"},"modified":"2012-11-13T10:00:25","modified_gmt":"2012-11-13T09:00:25","slug":"banos-muy-zen","status":"publish","type":"post","link":"https:\/\/www.global-projects.es\/es\/banos-muy-zen\/","title":{"rendered":"Ba\u00f1os muy Zen"},"content":{"rendered":"<p style=\"text-align: justify;\">Si nos apasiona la <strong>cultura oriental<\/strong>, podemos <strong><a href=\"https:\/\/www.global-projects.es\/es\/reformas-integrales\/reforma-banos.html\">reformar nuestro ba\u00f1o<\/a><\/strong> con una clara <strong>inspiraci\u00f3n Zen<\/strong>.\u00a0Acertar con los <strong>colores, textiles y complementos<\/strong> nos ayudar\u00e1 a transformar nuestro ba\u00f1o en la estancia ideal para la <strong>relajaci\u00f3n y la meditaci\u00f3n<\/strong>.<\/p>\n<p style=\"text-align: justify;\">Incorporar <strong>materiales naturales<\/strong> a nuestro ba\u00f1o conseguir\u00e1 conferir el estilo zen que estamos buscando. Instalar <strong>piedra natura<\/strong>l en las paredes es siempre un acierto. Si nuestro presupuesto no nos lo permite, revestir las paredes con <strong>baldosas de tonalidad similar<\/strong> a la piedra o colocar <strong>piedra sint\u00e9tica<\/strong> son una buena soluci\u00f3n.<\/p>\n<p style=\"text-align: justify;\"><a href=\"https:\/\/www.global-projects.es\/blog\/wp-content\/uploads\/2012\/11\/banozen3.jpg\"><img loading=\"lazy\" decoding=\"async\" class=\"aligncenter size-full wp-image-1553\" title=\"Reformar ba\u00f1o Zen\" src=\"https:\/\/www.global-projects.es\/blog\/wp-content\/uploads\/2012\/11\/banozen3.jpg\" alt=\"Reformar ba\u00f1o Zen\" width=\"555\" height=\"360\" \/><\/a><br \/>\n<strong>Madera y troncos<\/strong> son otro de los elementos naturales que podemos utilizar a la hora de reformar el ba\u00f1o.<\/p>\n<p style=\"text-align: justify;\">Viste la habitaci\u00f3n con <strong>muebles modernos y austeros<\/strong>. Bas\u00e1ndote siempre en la premisa \u201c<strong>menos es m\u00e1s<\/strong>\u201d conseguir\u00e1s crear el ambiente Zen.<\/p>\n<p style=\"text-align: justify;\"><a href=\"https:\/\/www.global-projects.es\/blog\/wp-content\/uploads\/2012\/11\/banozen2.jpg\"><img loading=\"lazy\" decoding=\"async\" class=\"aligncenter size-full wp-image-1555\" title=\"Reformas integrales -  Ba\u00f1o Zen\" src=\"https:\/\/www.global-projects.es\/blog\/wp-content\/uploads\/2012\/11\/banozen2.jpg\" alt=\"Reformas integrales -  Ba\u00f1o Zen\" width=\"555\" height=\"360\" \/><\/a><br \/>\nLos <strong>complementos<\/strong> perfectos para este tipo de cuartos de ba\u00f1o ser\u00e1n a base de <strong>productos orientales naturales<\/strong>, como <strong>bamb\u00fa verde, jarrones altos de cristal, velas arom\u00e1ticas y esteras de algas<\/strong>.<\/p>\n<p style=\"text-align: justify;\"><a href=\"https:\/\/www.global-projects.es\/blog\/wp-content\/uploads\/2012\/11\/ba\u00f1o-zen.jpg\"><img loading=\"lazy\" decoding=\"async\" class=\"aligncenter size-full wp-image-1556\" title=\"Reformar vivienda - Ba\u00f1os Zen\" src=\"https:\/\/www.global-projects.es\/blog\/wp-content\/uploads\/2012\/11\/ba\u00f1o-zen.jpg\" alt=\"Reformar vivienda - Ba\u00f1os Zen\" width=\"570\" height=\"374\" \/><\/a><br \/>\n<strong><a href=\"https:\/\/www.global-projects.es\/es\/reformas-integrales\/reforma-banos.html\">Reforma tu ba\u00f1o<\/a><\/strong> con elementos Zen para conseguir ese <strong>espacio<\/strong> perfecto para <strong>relajarte<\/strong> despu\u00e9s de una dura jornada.<\/p>\n<p style=\"text-align: justify;\">Para ello <strong>ponemos a tu disposici\u00f3n<\/strong> nuestro equipo de <strong>t\u00e9cnicos<\/strong> que te asesorar\u00e1n de forma <strong>gratuita y sin compromiso<\/strong>.<\/p>\n<p style=\"text-align: justify;\"><strong>Global Projects<\/strong>\u00a0somos una <strong><a href=\"https:\/\/www.global-projects.es\/\">empresa de reformas<\/a><\/strong> y estamos a tu disposici\u00f3n para ayudarte con tus<strong><a href=\"https:\/\/www.global-projects.es\/es\/servicios\/reformas-integrales.html\"> reformas integrales<\/a><\/strong> sin que tengas que preocuparte de nada.<br \/>\nP\u00eddenos <strong><a href=\"https:\/\/www.global-projects.es\/es\/formulario.html\">presupuesto<\/a><\/strong> y disfruta tu nuevo ba\u00f1o.<\/p>\n","protected":false},"excerpt":{"rendered":"<p>Si nos apasiona la cultura oriental, podemos reformar nuestro ba\u00f1o con una clara inspiraci\u00f3n Zen.\u00a0Acertar con los colores, textiles y complementos nos ayudar\u00e1 a transformar nuestro ba\u00f1o en la estancia ideal para la relajaci\u00f3n y la meditaci\u00f3n. Incorporar materiales naturales a nuestro ba\u00f1o conseguir\u00e1 conferir el estilo zen que estamos buscando. Instalar piedra natural en [&hellip;]<\/p>\n","protected":false},"author":4,"featured_media":1553,"comment_status":"open","ping_status":"closed","sticky":false,"template":"","format":"standard","meta":{"_et_pb_use_builder":"","_et_pb_old_content":"","_et_gb_content_width":"","footnotes":""},"categories":[19,21,38],"tags":[25,163,181,182,190,286],"class_list":["post-3329","post","type-post","status-publish","format-standard","has-post-thumbnail","hentry","category-diseno-2","category-novedades","category-banos-modernos","tag-reformas-integrales","tag-reformar-vivienda-barcelona","tag-empresa-de-reformas","tag-reformas-bano-moderno","tag-reformar-bano-adaptado","tag-reforma-de-banos"],"yoast_head":"<!-- This site is optimized with the Yoast SEO plugin v27.5 - https:\/\/yoast.com\/product\/yoast-seo-wordpress\/ -->\n<title>Ba\u00f1os muy Zen - Global Projects<\/title>\n<meta name=\"robots\" content=\"index, follow, max-snippet:-1, max-image-preview:large, max-video-preview:-1\" \/>\n<link rel=\"canonical\" href=\"https:\/\/www.global-projects.es\/es\/banos-muy-zen\/\" \/>\n<meta property=\"og:locale\" content=\"es_ES\" \/>\n<meta property=\"og:type\" content=\"article\" \/>\n<meta property=\"og:title\" content=\"Ba\u00f1os muy Zen - Global Projects\" \/>\n<meta property=\"og:description\" content=\"Si nos apasiona la cultura oriental, podemos reformar nuestro ba\u00f1o con una clara inspiraci\u00f3n Zen.\u00a0Acertar con los colores, textiles y complementos nos ayudar\u00e1 a transformar nuestro ba\u00f1o en la estancia ideal para la relajaci\u00f3n y la meditaci\u00f3n. Incorporar materiales naturales a nuestro ba\u00f1o conseguir\u00e1 conferir el estilo zen que estamos buscando. Instalar piedra natural en [&hellip;]\" \/>\n<meta property=\"og:url\" content=\"https:\/\/www.global-projects.es\/es\/banos-muy-zen\/\" \/>\n<meta property=\"og:site_name\" content=\"Global Projects\" \/>\n<meta property=\"article:publisher\" content=\"https:\/\/www.facebook.com\/gblprojects\" \/>\n<meta property=\"article:published_time\" content=\"2012-11-13T09:00:25+00:00\" \/>\n<meta property=\"og:image\" content=\"https:\/\/www.global-projects.es\/wp-content\/uploads\/2014\/08\/RectorTriad\u00a23.jpg\" \/>\n\t<meta property=\"og:image:width\" content=\"1080\" \/>\n\t<meta property=\"og:image:height\" content=\"675\" \/>\n\t<meta property=\"og:image:type\" content=\"image\/jpeg\" \/>\n<meta name=\"author\" content=\"Global\" \/>\n<meta name=\"twitter:card\" content=\"summary_large_image\" \/>\n<meta name=\"twitter:creator\" content=\"@global_projects\" \/>\n<meta name=\"twitter:site\" content=\"@global_projects\" \/>\n<meta name=\"twitter:label1\" content=\"Escrito por\" \/>\n\t<meta name=\"twitter:data1\" content=\"Global\" \/>\n\t<meta name=\"twitter:label2\" content=\"Tiempo de lectura\" \/>\n\t<meta name=\"twitter:data2\" content=\"1 minuto\" \/>\n<script type=\"application\/ld+json\" class=\"yoast-schema-graph\">{\"@context\":\"https:\\\/\\\/schema.org\",\"@graph\":[{\"@type\":\"Article\",\"@id\":\"https:\\\/\\\/www.global-projects.es\\\/es\\\/banos-muy-zen\\\/#article\",\"isPartOf\":{\"@id\":\"https:\\\/\\\/www.global-projects.es\\\/es\\\/banos-muy-zen\\\/\"},\"author\":{\"name\":\"Global\",\"@id\":\"https:\\\/\\\/www.global-projects.es\\\/es\\\/#\\\/schema\\\/person\\\/62ec8db1b3b6b0776dc86d00b37c57ff\"},\"headline\":\"Ba\u00f1os muy Zen\",\"datePublished\":\"2012-11-13T09:00:25+00:00\",\"mainEntityOfPage\":{\"@id\":\"https:\\\/\\\/www.global-projects.es\\\/es\\\/banos-muy-zen\\\/\"},\"wordCount\":255,\"commentCount\":0,\"image\":{\"@id\":\"https:\\\/\\\/www.global-projects.es\\\/es\\\/banos-muy-zen\\\/#primaryimage\"},\"thumbnailUrl\":\"https:\\\/\\\/www.global-projects.es\\\/wp-content\\\/uploads\\\/2014\\\/08\\\/RectorTriad\u00a23.jpg\",\"keywords\":[\"reformas integrales\",\"reformar vivienda barcelona\",\"empresa de reformas\",\"reformas ba\u00f1o moderno\",\"reformar ba\u00f1o adaptado\",\"reforma de ba\u00f1os\"],\"articleSection\":[\"dise\u00f1o\",\"novedades\",\"Ba\u00f1os Modernos\"],\"inLanguage\":\"es\",\"potentialAction\":[{\"@type\":\"CommentAction\",\"name\":\"Comment\",\"target\":[\"https:\\\/\\\/www.global-projects.es\\\/es\\\/banos-muy-zen\\\/#respond\"]}]},{\"@type\":\"WebPage\",\"@id\":\"https:\\\/\\\/www.global-projects.es\\\/es\\\/banos-muy-zen\\\/\",\"url\":\"https:\\\/\\\/www.global-projects.es\\\/es\\\/banos-muy-zen\\\/\",\"name\":\"Ba\u00f1os muy Zen - Global Projects\",\"isPartOf\":{\"@id\":\"https:\\\/\\\/www.global-projects.es\\\/es\\\/#website\"},\"primaryImageOfPage\":{\"@id\":\"https:\\\/\\\/www.global-projects.es\\\/es\\\/banos-muy-zen\\\/#primaryimage\"},\"image\":{\"@id\":\"https:\\\/\\\/www.global-projects.es\\\/es\\\/banos-muy-zen\\\/#primaryimage\"},\"thumbnailUrl\":\"https:\\\/\\\/www.global-projects.es\\\/wp-content\\\/uploads\\\/2014\\\/08\\\/RectorTriad\u00a23.jpg\",\"datePublished\":\"2012-11-13T09:00:25+00:00\",\"author\":{\"@id\":\"https:\\\/\\\/www.global-projects.es\\\/es\\\/#\\\/schema\\\/person\\\/62ec8db1b3b6b0776dc86d00b37c57ff\"},\"breadcrumb\":{\"@id\":\"https:\\\/\\\/www.global-projects.es\\\/es\\\/banos-muy-zen\\\/#breadcrumb\"},\"inLanguage\":\"es\",\"potentialAction\":[{\"@type\":\"ReadAction\",\"target\":[\"https:\\\/\\\/www.global-projects.es\\\/es\\\/banos-muy-zen\\\/\"]}]},{\"@type\":\"ImageObject\",\"inLanguage\":\"es\",\"@id\":\"https:\\\/\\\/www.global-projects.es\\\/es\\\/banos-muy-zen\\\/#primaryimage\",\"url\":\"https:\\\/\\\/www.global-projects.es\\\/wp-content\\\/uploads\\\/2014\\\/08\\\/RectorTriad\u00a23.jpg\",\"contentUrl\":\"https:\\\/\\\/www.global-projects.es\\\/wp-content\\\/uploads\\\/2014\\\/08\\\/RectorTriad\u00a23.jpg\",\"width\":1080,\"height\":675,\"caption\":\"Reformas cocina\"},{\"@type\":\"BreadcrumbList\",\"@id\":\"https:\\\/\\\/www.global-projects.es\\\/es\\\/banos-muy-zen\\\/#breadcrumb\",\"itemListElement\":[{\"@type\":\"ListItem\",\"position\":1,\"name\":\"Portada\",\"item\":\"https:\\\/\\\/www.global-projects.es\\\/es\\\/\"},{\"@type\":\"ListItem\",\"position\":2,\"name\":\"Ba\u00f1os muy Zen\"}]},{\"@type\":\"WebSite\",\"@id\":\"https:\\\/\\\/www.global-projects.es\\\/es\\\/#website\",\"url\":\"https:\\\/\\\/www.global-projects.es\\\/es\\\/\",\"name\":\"Global Projects\",\"description\":\"Reformas Integrales Barcelona\",\"potentialAction\":[{\"@type\":\"SearchAction\",\"target\":{\"@type\":\"EntryPoint\",\"urlTemplate\":\"https:\\\/\\\/www.global-projects.es\\\/es\\\/?s={search_term_string}\"},\"query-input\":{\"@type\":\"PropertyValueSpecification\",\"valueRequired\":true,\"valueName\":\"search_term_string\"}}],\"inLanguage\":\"es\"},{\"@type\":\"Person\",\"@id\":\"https:\\\/\\\/www.global-projects.es\\\/es\\\/#\\\/schema\\\/person\\\/62ec8db1b3b6b0776dc86d00b37c57ff\",\"name\":\"Global\",\"url\":\"https:\\\/\\\/www.global-projects.es\\\/es\\\/author\\\/global\\\/\"}]}<\/script>\n<!-- \/ Yoast SEO plugin. -->","yoast_head_json":{"title":"Ba\u00f1os muy Zen - Global Projects","robots":{"index":"index","follow":"follow","max-snippet":"max-snippet:-1","max-image-preview":"max-image-preview:large","max-video-preview":"max-video-preview:-1"},"canonical":"https:\/\/www.global-projects.es\/es\/banos-muy-zen\/","og_locale":"es_ES","og_type":"article","og_title":"Ba\u00f1os muy Zen - Global Projects","og_description":"Si nos apasiona la cultura oriental, podemos reformar nuestro ba\u00f1o con una clara inspiraci\u00f3n Zen.\u00a0Acertar con los colores, textiles y complementos nos ayudar\u00e1 a transformar nuestro ba\u00f1o en la estancia ideal para la relajaci\u00f3n y la meditaci\u00f3n. Incorporar materiales naturales a nuestro ba\u00f1o conseguir\u00e1 conferir el estilo zen que estamos buscando. Instalar piedra natural en [&hellip;]","og_url":"https:\/\/www.global-projects.es\/es\/banos-muy-zen\/","og_site_name":"Global Projects","article_publisher":"https:\/\/www.facebook.com\/gblprojects","article_published_time":"2012-11-13T09:00:25+00:00","og_image":[{"width":1080,"height":675,"url":"https:\/\/www.global-projects.es\/wp-content\/uploads\/2014\/08\/RectorTriad\u00a23.jpg","type":"image\/jpeg"}],"author":"Global","twitter_card":"summary_large_image","twitter_creator":"@global_projects","twitter_site":"@global_projects","twitter_misc":{"Escrito por":"Global","Tiempo de lectura":"1 minuto"},"schema":{"@context":"https:\/\/schema.org","@graph":[{"@type":"Article","@id":"https:\/\/www.global-projects.es\/es\/banos-muy-zen\/#article","isPartOf":{"@id":"https:\/\/www.global-projects.es\/es\/banos-muy-zen\/"},"author":{"name":"Global","@id":"https:\/\/www.global-projects.es\/es\/#\/schema\/person\/62ec8db1b3b6b0776dc86d00b37c57ff"},"headline":"Ba\u00f1os muy Zen","datePublished":"2012-11-13T09:00:25+00:00","mainEntityOfPage":{"@id":"https:\/\/www.global-projects.es\/es\/banos-muy-zen\/"},"wordCount":255,"commentCount":0,"image":{"@id":"https:\/\/www.global-projects.es\/es\/banos-muy-zen\/#primaryimage"},"thumbnailUrl":"https:\/\/www.global-projects.es\/wp-content\/uploads\/2014\/08\/RectorTriad\u00a23.jpg","keywords":["reformas integrales","reformar vivienda barcelona","empresa de reformas","reformas ba\u00f1o moderno","reformar ba\u00f1o adaptado","reforma de ba\u00f1os"],"articleSection":["dise\u00f1o","novedades","Ba\u00f1os Modernos"],"inLanguage":"es","potentialAction":[{"@type":"CommentAction","name":"Comment","target":["https:\/\/www.global-projects.es\/es\/banos-muy-zen\/#respond"]}]},{"@type":"WebPage","@id":"https:\/\/www.global-projects.es\/es\/banos-muy-zen\/","url":"https:\/\/www.global-projects.es\/es\/banos-muy-zen\/","name":"Ba\u00f1os muy Zen - Global Projects","isPartOf":{"@id":"https:\/\/www.global-projects.es\/es\/#website"},"primaryImageOfPage":{"@id":"https:\/\/www.global-projects.es\/es\/banos-muy-zen\/#primaryimage"},"image":{"@id":"https:\/\/www.global-projects.es\/es\/banos-muy-zen\/#primaryimage"},"thumbnailUrl":"https:\/\/www.global-projects.es\/wp-content\/uploads\/2014\/08\/RectorTriad\u00a23.jpg","datePublished":"2012-11-13T09:00:25+00:00","author":{"@id":"https:\/\/www.global-projects.es\/es\/#\/schema\/person\/62ec8db1b3b6b0776dc86d00b37c57ff"},"breadcrumb":{"@id":"https:\/\/www.global-projects.es\/es\/banos-muy-zen\/#breadcrumb"},"inLanguage":"es","potentialAction":[{"@type":"ReadAction","target":["https:\/\/www.global-projects.es\/es\/banos-muy-zen\/"]}]},{"@type":"ImageObject","inLanguage":"es","@id":"https:\/\/www.global-projects.es\/es\/banos-muy-zen\/#primaryimage","url":"https:\/\/www.global-projects.es\/wp-content\/uploads\/2014\/08\/RectorTriad\u00a23.jpg","contentUrl":"https:\/\/www.global-projects.es\/wp-content\/uploads\/2014\/08\/RectorTriad\u00a23.jpg","width":1080,"height":675,"caption":"Reformas cocina"},{"@type":"BreadcrumbList","@id":"https:\/\/www.global-projects.es\/es\/banos-muy-zen\/#breadcrumb","itemListElement":[{"@type":"ListItem","position":1,"name":"Portada","item":"https:\/\/www.global-projects.es\/es\/"},{"@type":"ListItem","position":2,"name":"Ba\u00f1os muy Zen"}]},{"@type":"WebSite","@id":"https:\/\/www.global-projects.es\/es\/#website","url":"https:\/\/www.global-projects.es\/es\/","name":"Global Projects","description":"Reformas Integrales Barcelona","potentialAction":[{"@type":"SearchAction","target":{"@type":"EntryPoint","urlTemplate":"https:\/\/www.global-projects.es\/es\/?s={search_term_string}"},"query-input":{"@type":"PropertyValueSpecification","valueRequired":true,"valueName":"search_term_string"}}],"inLanguage":"es"},{"@type":"Person","@id":"https:\/\/www.global-projects.es\/es\/#\/schema\/person\/62ec8db1b3b6b0776dc86d00b37c57ff","name":"Global","url":"https:\/\/www.global-projects.es\/es\/author\/global\/"}]}},"_links":{"self":[{"href":"https:\/\/www.global-projects.es\/es\/wp-json\/wp\/v2\/posts\/3329","targetHints":{"allow":["GET"]}}],"collection":[{"href":"https:\/\/www.global-projects.es\/es\/wp-json\/wp\/v2\/posts"}],"about":[{"href":"https:\/\/www.global-projects.es\/es\/wp-json\/wp\/v2\/types\/post"}],"author":[{"embeddable":true,"href":"https:\/\/www.global-projects.es\/es\/wp-json\/wp\/v2\/users\/4"}],"replies":[{"embeddable":true,"href":"https:\/\/www.global-projects.es\/es\/wp-json\/wp\/v2\/comments?post=3329"}],"version-history":[{"count":0,"href":"https:\/\/www.global-projects.es\/es\/wp-json\/wp\/v2\/posts\/3329\/revisions"}],"wp:featuredmedia":[{"embeddable":true,"href":"https:\/\/www.global-projects.es\/es\/wp-json\/wp\/v2\/media\/1553"}],"wp:attachment":[{"href":"https:\/\/www.global-projects.es\/es\/wp-json\/wp\/v2\/media?parent=3329"}],"wp:term":[{"taxonomy":"category","embeddable":true,"href":"https:\/\/www.global-projects.es\/es\/wp-json\/wp\/v2\/categories?post=3329"},{"taxonomy":"post_tag","embeddable":true,"href":"https:\/\/www.global-projects.es\/es\/wp-json\/wp\/v2\/tags?post=3329"}],"curies":[{"name":"wp","href":"https:\/\/api.w.org\/{rel}","templated":true}]}}