{"id":3320,"date":"2012-10-02T10:00:22","date_gmt":"2012-10-02T09:00:22","guid":{"rendered":"http:\/\/www.global-projects.es\/blog\/?p=1461"},"modified":"2012-10-02T10:00:22","modified_gmt":"2012-10-02T09:00:22","slug":"crear-ambiente","status":"publish","type":"post","link":"https:\/\/www.global-projects.es\/es\/crear-ambiente\/","title":{"rendered":"Crear ambiente"},"content":{"rendered":"<p style=\"text-align: justify;\">A la hora de hacer la instalaci\u00f3n luminosa en una <strong>reforma<\/strong>, debemos tener en cuenta donde colocaremos cada elemento para poder hacer la distribuci\u00f3n exacta de los distintos <strong>puntos de luz<\/strong> que vamos a necesitar. Y cada estancia, debe tener la luz<strong> justa y necesaria<\/strong>.<\/p>\n<p style=\"text-align: justify;\">Sobre la <strong>mesa del comedor<\/strong> es muy importante la iluminaci\u00f3n que queremos instalar. Debe ser una luz suficiente para iluminar a los <strong>comensales y la comida<\/strong>, pero debemos evitar un exceso de ella.<\/p>\n<p style=\"text-align: justify;\">La \u00faltima tendencia en luces para comedor son<strong> l\u00e1mparas suspendidas<\/strong> con un dise\u00f1o delicado y elegante.<\/p>\n<p style=\"text-align: justify;\"><a href=\"https:\/\/www.global-projects.es\/blog\/wp-content\/uploads\/2012\/09\/lampara2.jpg\"><img loading=\"lazy\" decoding=\"async\" class=\"aligncenter size-full wp-image-1462\" title=\"Reformas integrales - lamparas\" src=\"https:\/\/www.global-projects.es\/blog\/wp-content\/uploads\/2012\/09\/lampara2.jpg\" alt=\"Reformas integrales - lamparas\" width=\"580\" height=\"580\" \/><\/a><br \/>\nCon <strong>formas redondeadas<\/strong>, encontramos l\u00e1mparas suspendidas con una est\u00e9tica suave y fluida, que evocan a elementos de la <strong>naturaleza<\/strong>.<\/p>\n<p style=\"text-align: justify;\">El estilo <strong>vintage<\/strong> vuelve con fuerza. Compuesta con materiales como la fibra de cristal lacado, encontramos diferentes colores para una l\u00e1mpara que es una apuesta segura.<\/p>\n<p style=\"text-align: justify;\"><a href=\"https:\/\/www.global-projects.es\/blog\/wp-content\/uploads\/2012\/09\/lampara3.jpg\"><img loading=\"lazy\" decoding=\"async\" class=\"aligncenter size-full wp-image-1463\" title=\"Lamparas\" src=\"https:\/\/www.global-projects.es\/blog\/wp-content\/uploads\/2012\/09\/lampara3.jpg\" alt=\"Lamparas\" width=\"600\" height=\"600\" \/><\/a><br \/>\nSi lo que buscamos es un estilo m\u00e1s <strong>minimalista<\/strong> podemos decantarnos por l\u00e1mparas de l\u00edneas m\u00e1s simples y puras. Estas \u00faltimas l\u00e1mparas reducen el <strong>volumen<\/strong> a la m\u00ednima expresi\u00f3n para convertir a la <strong>luz<\/strong> en s\u00ed misma en el elemento principal.<\/p>\n<p style=\"text-align: justify;\"><a href=\"https:\/\/www.global-projects.es\/blog\/wp-content\/uploads\/2012\/09\/lamparas1.jpg\"><img loading=\"lazy\" decoding=\"async\" class=\"aligncenter size-full wp-image-1464\" title=\"Reformas interiores\" src=\"https:\/\/www.global-projects.es\/blog\/wp-content\/uploads\/2012\/09\/lamparas1.jpg\" alt=\"Reformas interiores\" width=\"580\" height=\"580\" \/><\/a><br \/>\nSi quieres realizar una <strong><a href=\"https:\/\/www.global-projects.es\/es\/reformas-integrales.html\">reforma integral<\/a><\/strong>, cada elemento es importante para conseguir una <strong>reforma perfecta<\/strong>.<\/p>\n<p style=\"text-align: justify;\">En <strong>Global Project<\/strong> contamos con los mejores profesionales que te ayudaran a conseguir la <strong><a href=\"https:\/\/www.global-projects.es\/es\/reformas-integrales.html\">reforma integral<\/a><\/strong> que necesites.<\/p>\n<p style=\"text-align: justify;\">Con una amplia experiencia en <strong>reformas en Barcelona<\/strong>, somos especialistas en <strong><a href=\"https:\/\/www.global-projects.es\/es\/reformas-integrales\/reforma-banos.html\">reformar ba\u00f1os<\/a>, <a href=\"https:\/\/www.global-projects.es\/es\/reformas-integrales\/reforma-cocinas.html\">reformar cocinas<\/a>, reformar viviendas en general o <a href=\"https:\/\/www.global-projects.es\/es\/locales-comerciales.html\">reformar locales<\/a>.<\/strong><\/p>\n<p style=\"text-align: justify;\">\u00a1Apuesta por <strong>Global Project<\/strong>! Pide ya tu <strong><a href=\"https:\/\/www.global-projects.es\/es\/formulario.html\">presupuesto<\/a>.<\/strong><\/p>\n","protected":false},"excerpt":{"rendered":"<p>A la hora de hacer la instalaci\u00f3n luminosa en una reforma, debemos tener en cuenta donde colocaremos cada elemento para poder hacer la distribuci\u00f3n exacta de los distintos puntos de luz que vamos a necesitar. Y cada estancia, debe tener la luz justa y necesaria. Sobre la mesa del comedor es muy importante la iluminaci\u00f3n [&hellip;]<\/p>\n","protected":false},"author":4,"featured_media":1462,"comment_status":"closed","ping_status":"closed","sticky":false,"template":"","format":"standard","meta":{"_et_pb_use_builder":"","_et_pb_old_content":"","_et_gb_content_width":"","footnotes":""},"categories":[19,21,36],"tags":[18,25,37,181,184,185,274,331,343],"class_list":["post-3320","post","type-post","status-publish","format-standard","has-post-thumbnail","hentry","category-diseno-2","category-novedades","category-interiorismo-2","tag-design-de-interiores","tag-reformas-integrales","tag-reformas-integrales-barcelona","tag-empresa-de-reformas","tag-rehabilitacion-fachada","tag-restauracion-fachadas","tag-la-iluminacion","tag-minimalismo","tag-minimalimo"],"yoast_head":"<!-- This site is optimized with the Yoast SEO plugin v27.5 - https:\/\/yoast.com\/product\/yoast-seo-wordpress\/ -->\n<title>Crear ambiente - Global Projects<\/title>\n<meta name=\"robots\" content=\"index, follow, max-snippet:-1, max-image-preview:large, max-video-preview:-1\" \/>\n<link rel=\"canonical\" href=\"https:\/\/www.global-projects.es\/es\/crear-ambiente\/\" \/>\n<meta property=\"og:locale\" content=\"es_ES\" \/>\n<meta property=\"og:type\" content=\"article\" \/>\n<meta property=\"og:title\" content=\"Crear ambiente - Global Projects\" \/>\n<meta property=\"og:description\" content=\"A la hora de hacer la instalaci\u00f3n luminosa en una reforma, debemos tener en cuenta donde colocaremos cada elemento para poder hacer la distribuci\u00f3n exacta de los distintos puntos de luz que vamos a necesitar. Y cada estancia, debe tener la luz justa y necesaria. Sobre la mesa del comedor es muy importante la iluminaci\u00f3n [&hellip;]\" \/>\n<meta property=\"og:url\" content=\"https:\/\/www.global-projects.es\/es\/crear-ambiente\/\" \/>\n<meta property=\"og:site_name\" content=\"Global Projects\" \/>\n<meta property=\"article:publisher\" content=\"https:\/\/www.facebook.com\/gblprojects\" \/>\n<meta property=\"article:published_time\" content=\"2012-10-02T09:00:22+00:00\" \/>\n<meta name=\"author\" content=\"Global\" \/>\n<meta name=\"twitter:card\" content=\"summary_large_image\" \/>\n<meta name=\"twitter:creator\" content=\"@global_projects\" \/>\n<meta name=\"twitter:site\" content=\"@global_projects\" \/>\n<meta name=\"twitter:label1\" content=\"Escrito por\" \/>\n\t<meta name=\"twitter:data1\" content=\"Global\" \/>\n\t<meta name=\"twitter:label2\" content=\"Tiempo de lectura\" \/>\n\t<meta name=\"twitter:data2\" content=\"1 minuto\" \/>\n<script type=\"application\/ld+json\" class=\"yoast-schema-graph\">{\"@context\":\"https:\\\/\\\/schema.org\",\"@graph\":[{\"@type\":\"Article\",\"@id\":\"https:\\\/\\\/www.global-projects.es\\\/es\\\/crear-ambiente\\\/#article\",\"isPartOf\":{\"@id\":\"https:\\\/\\\/www.global-projects.es\\\/es\\\/crear-ambiente\\\/\"},\"author\":{\"name\":\"Global\",\"@id\":\"https:\\\/\\\/www.global-projects.es\\\/es\\\/#\\\/schema\\\/person\\\/62ec8db1b3b6b0776dc86d00b37c57ff\"},\"headline\":\"Crear ambiente\",\"datePublished\":\"2012-10-02T09:00:22+00:00\",\"mainEntityOfPage\":{\"@id\":\"https:\\\/\\\/www.global-projects.es\\\/es\\\/crear-ambiente\\\/\"},\"wordCount\":261,\"image\":{\"@id\":\"https:\\\/\\\/www.global-projects.es\\\/es\\\/crear-ambiente\\\/#primaryimage\"},\"thumbnailUrl\":\"\",\"keywords\":[\"design de interiores\",\"reformas integrales\",\"reformas integrales barcelona\",\"empresa de reformas\",\"rehabilitaci\u00f3n fachada\",\"restauraci\u00f3n fachadas\",\"la iluminaci\u00f3n\",\"minimalismo\",\"minimalimo\"],\"articleSection\":[\"dise\u00f1o\",\"novedades\",\"Interiorismo\"],\"inLanguage\":\"es\"},{\"@type\":\"WebPage\",\"@id\":\"https:\\\/\\\/www.global-projects.es\\\/es\\\/crear-ambiente\\\/\",\"url\":\"https:\\\/\\\/www.global-projects.es\\\/es\\\/crear-ambiente\\\/\",\"name\":\"Crear ambiente - Global Projects\",\"isPartOf\":{\"@id\":\"https:\\\/\\\/www.global-projects.es\\\/es\\\/#website\"},\"primaryImageOfPage\":{\"@id\":\"https:\\\/\\\/www.global-projects.es\\\/es\\\/crear-ambiente\\\/#primaryimage\"},\"image\":{\"@id\":\"https:\\\/\\\/www.global-projects.es\\\/es\\\/crear-ambiente\\\/#primaryimage\"},\"thumbnailUrl\":\"\",\"datePublished\":\"2012-10-02T09:00:22+00:00\",\"author\":{\"@id\":\"https:\\\/\\\/www.global-projects.es\\\/es\\\/#\\\/schema\\\/person\\\/62ec8db1b3b6b0776dc86d00b37c57ff\"},\"breadcrumb\":{\"@id\":\"https:\\\/\\\/www.global-projects.es\\\/es\\\/crear-ambiente\\\/#breadcrumb\"},\"inLanguage\":\"es\",\"potentialAction\":[{\"@type\":\"ReadAction\",\"target\":[\"https:\\\/\\\/www.global-projects.es\\\/es\\\/crear-ambiente\\\/\"]}]},{\"@type\":\"ImageObject\",\"inLanguage\":\"es\",\"@id\":\"https:\\\/\\\/www.global-projects.es\\\/es\\\/crear-ambiente\\\/#primaryimage\",\"url\":\"\",\"contentUrl\":\"\"},{\"@type\":\"BreadcrumbList\",\"@id\":\"https:\\\/\\\/www.global-projects.es\\\/es\\\/crear-ambiente\\\/#breadcrumb\",\"itemListElement\":[{\"@type\":\"ListItem\",\"position\":1,\"name\":\"Portada\",\"item\":\"https:\\\/\\\/www.global-projects.es\\\/es\\\/\"},{\"@type\":\"ListItem\",\"position\":2,\"name\":\"Crear ambiente\"}]},{\"@type\":\"WebSite\",\"@id\":\"https:\\\/\\\/www.global-projects.es\\\/es\\\/#website\",\"url\":\"https:\\\/\\\/www.global-projects.es\\\/es\\\/\",\"name\":\"Global Projects\",\"description\":\"Reformas Integrales Barcelona\",\"potentialAction\":[{\"@type\":\"SearchAction\",\"target\":{\"@type\":\"EntryPoint\",\"urlTemplate\":\"https:\\\/\\\/www.global-projects.es\\\/es\\\/?s={search_term_string}\"},\"query-input\":{\"@type\":\"PropertyValueSpecification\",\"valueRequired\":true,\"valueName\":\"search_term_string\"}}],\"inLanguage\":\"es\"},{\"@type\":\"Person\",\"@id\":\"https:\\\/\\\/www.global-projects.es\\\/es\\\/#\\\/schema\\\/person\\\/62ec8db1b3b6b0776dc86d00b37c57ff\",\"name\":\"Global\",\"url\":\"https:\\\/\\\/www.global-projects.es\\\/es\\\/author\\\/global\\\/\"}]}<\/script>\n<!-- \/ Yoast SEO plugin. -->","yoast_head_json":{"title":"Crear ambiente - Global Projects","robots":{"index":"index","follow":"follow","max-snippet":"max-snippet:-1","max-image-preview":"max-image-preview:large","max-video-preview":"max-video-preview:-1"},"canonical":"https:\/\/www.global-projects.es\/es\/crear-ambiente\/","og_locale":"es_ES","og_type":"article","og_title":"Crear ambiente - Global Projects","og_description":"A la hora de hacer la instalaci\u00f3n luminosa en una reforma, debemos tener en cuenta donde colocaremos cada elemento para poder hacer la distribuci\u00f3n exacta de los distintos puntos de luz que vamos a necesitar. Y cada estancia, debe tener la luz justa y necesaria. Sobre la mesa del comedor es muy importante la iluminaci\u00f3n [&hellip;]","og_url":"https:\/\/www.global-projects.es\/es\/crear-ambiente\/","og_site_name":"Global Projects","article_publisher":"https:\/\/www.facebook.com\/gblprojects","article_published_time":"2012-10-02T09:00:22+00:00","author":"Global","twitter_card":"summary_large_image","twitter_creator":"@global_projects","twitter_site":"@global_projects","twitter_misc":{"Escrito por":"Global","Tiempo de lectura":"1 minuto"},"schema":{"@context":"https:\/\/schema.org","@graph":[{"@type":"Article","@id":"https:\/\/www.global-projects.es\/es\/crear-ambiente\/#article","isPartOf":{"@id":"https:\/\/www.global-projects.es\/es\/crear-ambiente\/"},"author":{"name":"Global","@id":"https:\/\/www.global-projects.es\/es\/#\/schema\/person\/62ec8db1b3b6b0776dc86d00b37c57ff"},"headline":"Crear ambiente","datePublished":"2012-10-02T09:00:22+00:00","mainEntityOfPage":{"@id":"https:\/\/www.global-projects.es\/es\/crear-ambiente\/"},"wordCount":261,"image":{"@id":"https:\/\/www.global-projects.es\/es\/crear-ambiente\/#primaryimage"},"thumbnailUrl":"","keywords":["design de interiores","reformas integrales","reformas integrales barcelona","empresa de reformas","rehabilitaci\u00f3n fachada","restauraci\u00f3n fachadas","la iluminaci\u00f3n","minimalismo","minimalimo"],"articleSection":["dise\u00f1o","novedades","Interiorismo"],"inLanguage":"es"},{"@type":"WebPage","@id":"https:\/\/www.global-projects.es\/es\/crear-ambiente\/","url":"https:\/\/www.global-projects.es\/es\/crear-ambiente\/","name":"Crear ambiente - Global Projects","isPartOf":{"@id":"https:\/\/www.global-projects.es\/es\/#website"},"primaryImageOfPage":{"@id":"https:\/\/www.global-projects.es\/es\/crear-ambiente\/#primaryimage"},"image":{"@id":"https:\/\/www.global-projects.es\/es\/crear-ambiente\/#primaryimage"},"thumbnailUrl":"","datePublished":"2012-10-02T09:00:22+00:00","author":{"@id":"https:\/\/www.global-projects.es\/es\/#\/schema\/person\/62ec8db1b3b6b0776dc86d00b37c57ff"},"breadcrumb":{"@id":"https:\/\/www.global-projects.es\/es\/crear-ambiente\/#breadcrumb"},"inLanguage":"es","potentialAction":[{"@type":"ReadAction","target":["https:\/\/www.global-projects.es\/es\/crear-ambiente\/"]}]},{"@type":"ImageObject","inLanguage":"es","@id":"https:\/\/www.global-projects.es\/es\/crear-ambiente\/#primaryimage","url":"","contentUrl":""},{"@type":"BreadcrumbList","@id":"https:\/\/www.global-projects.es\/es\/crear-ambiente\/#breadcrumb","itemListElement":[{"@type":"ListItem","position":1,"name":"Portada","item":"https:\/\/www.global-projects.es\/es\/"},{"@type":"ListItem","position":2,"name":"Crear ambiente"}]},{"@type":"WebSite","@id":"https:\/\/www.global-projects.es\/es\/#website","url":"https:\/\/www.global-projects.es\/es\/","name":"Global Projects","description":"Reformas Integrales Barcelona","potentialAction":[{"@type":"SearchAction","target":{"@type":"EntryPoint","urlTemplate":"https:\/\/www.global-projects.es\/es\/?s={search_term_string}"},"query-input":{"@type":"PropertyValueSpecification","valueRequired":true,"valueName":"search_term_string"}}],"inLanguage":"es"},{"@type":"Person","@id":"https:\/\/www.global-projects.es\/es\/#\/schema\/person\/62ec8db1b3b6b0776dc86d00b37c57ff","name":"Global","url":"https:\/\/www.global-projects.es\/es\/author\/global\/"}]}},"_links":{"self":[{"href":"https:\/\/www.global-projects.es\/es\/wp-json\/wp\/v2\/posts\/3320","targetHints":{"allow":["GET"]}}],"collection":[{"href":"https:\/\/www.global-projects.es\/es\/wp-json\/wp\/v2\/posts"}],"about":[{"href":"https:\/\/www.global-projects.es\/es\/wp-json\/wp\/v2\/types\/post"}],"author":[{"embeddable":true,"href":"https:\/\/www.global-projects.es\/es\/wp-json\/wp\/v2\/users\/4"}],"replies":[{"embeddable":true,"href":"https:\/\/www.global-projects.es\/es\/wp-json\/wp\/v2\/comments?post=3320"}],"version-history":[{"count":0,"href":"https:\/\/www.global-projects.es\/es\/wp-json\/wp\/v2\/posts\/3320\/revisions"}],"wp:featuredmedia":[{"embeddable":true,"href":"https:\/\/www.global-projects.es\/es\/wp-json\/"}],"wp:attachment":[{"href":"https:\/\/www.global-projects.es\/es\/wp-json\/wp\/v2\/media?parent=3320"}],"wp:term":[{"taxonomy":"category","embeddable":true,"href":"https:\/\/www.global-projects.es\/es\/wp-json\/wp\/v2\/categories?post=3320"},{"taxonomy":"post_tag","embeddable":true,"href":"https:\/\/www.global-projects.es\/es\/wp-json\/wp\/v2\/tags?post=3320"}],"curies":[{"name":"wp","href":"https:\/\/api.w.org\/{rel}","templated":true}]}}