{"id":3310,"date":"2012-09-12T11:44:59","date_gmt":"2012-09-12T10:44:59","guid":{"rendered":"http:\/\/www.global-projects.es\/blog\/?p=1347"},"modified":"2012-09-12T11:44:59","modified_gmt":"2012-09-12T10:44:59","slug":"paredes-de-vidrio-mas-espacio-mas-luz","status":"publish","type":"post","link":"https:\/\/www.global-projects.es\/es\/paredes-de-vidrio-mas-espacio-mas-luz\/","title":{"rendered":"Paredes de vidrio, m\u00e1s espacio, m\u00e1s luz"},"content":{"rendered":"<p style=\"text-align: justify;\">Las <strong>paredes de vidrio<\/strong> son, adem\u00e1s de los espejos, una forma perfecta para dar la sensaci\u00f3n de <strong>espacios amplios<\/strong>. Son muy \u00fatiles en espacios peque\u00f1os que queremos independizar, pero no por ello renunciar a la amplitud.<\/p>\n<p style=\"text-align: justify;\">Separar el pasillo de la cocina, la cocina del comedor, la sala de estar del estudio, crear un peque\u00f1o vest\u00edbulo\u2026 todas estas salas son agradecidas en el momento que decidimos usar cristal para independizarlas.<\/p>\n<p><a href=\"https:\/\/www.global-projects.es\/blog\/wp-content\/uploads\/2012\/09\/paredes-cristal-3-12.9.2012.jpg\"><img loading=\"lazy\" decoding=\"async\" class=\"size-large wp-image-1349 aligncenter\" title=\"paredes cristal\" src=\"https:\/\/www.global-projects.es\/blog\/wp-content\/uploads\/2012\/09\/paredes-cristal-3-12.9.2012-1024x740.jpg\" alt=\"\" width=\"819\" height=\"592\" \/><\/a><\/p>\n<p style=\"text-align: justify;\">Adem\u00e1s, las paredes de vidrio nos aportan el valor m\u00e1s importante en un hogar: luz. Permiten el paso de la luz solar, haciendo que los espacios que no tocan directamente con nuestra fachada tengan m\u00e1s vida.<\/p>\n<p><a href=\"https:\/\/www.global-projects.es\/blog\/wp-content\/uploads\/2012\/09\/paredes-cristal-12.9.20121.jpg\"><img loading=\"lazy\" decoding=\"async\" class=\"size-full wp-image-1351 aligncenter\" title=\"paredes cristal 12.9.2012\" src=\"https:\/\/www.global-projects.es\/blog\/wp-content\/uploads\/2012\/09\/paredes-cristal-12.9.20121.jpg\" alt=\"\" width=\"827\" height=\"537\" \/><\/a><\/p>\n<p><a href=\"https:\/\/www.global-projects.es\/blog\/wp-content\/uploads\/2012\/09\/paredes-cristal-2-12.9.2012.jpg\"><img loading=\"lazy\" decoding=\"async\" class=\"size-large wp-image-1348 aligncenter\" title=\"division cristal\" src=\"https:\/\/www.global-projects.es\/blog\/wp-content\/uploads\/2012\/09\/paredes-cristal-2-12.9.2012-1024x586.jpg\" alt=\"\" width=\"819\" height=\"469\" \/><\/a><\/p>\n<p style=\"text-align: justify;\">Por \u00faltimo, las divisiones con vidrio hacen que sea una <strong>reforma limpia<\/strong> y no necesitan de grandes obras para su instalaci\u00f3n.<\/p>\n<p style=\"text-align: justify;\">Si quieres redistribuir tu hogar, somos expertos en <a title=\"reformas integrales\" href=\"https:\/\/www.global-projects.es\/es\/reformas-integrales.html\">reformas integrales<\/a>, nos encargaremos de estudiar tu proyecto y adaptar tu casa a tus necesidades.\u00a0 No dudes en solicitar un presupuesto <a title=\"Contacto\" href=\"https:\/\/www.global-projects.es\/es\/contacto.html\">aqu\u00ed<\/a>.<\/p>\n<p style=\"text-align: justify;\">Tambi\u00e9n nos dedicamos a las <a title=\"reformas cocinas\" href=\"https:\/\/www.global-projects.es\/es\/reformas-integrales\/reforma-cocinas.html\">reformas de cocinas<\/a>, <a title=\"reformas ba\u00f1os\" href=\"https:\/\/www.global-projects.es\/es\/reformas-integrales\/reforma-banos.html\">reformas de ba\u00f1os<\/a>, renovaci\u00f3n de <a title=\"Parquets\" href=\"https:\/\/www.global-projects.es\/es\/reformas-integrales\/parquet.html\">pavimentos<\/a>\u00a0e\u00a0\u00a0<a title=\"Instalaciones\" href=\"https:\/\/www.global-projects.es\/es\/reformas-integrales\/instalaciones.html\">instalaciones<\/a>. Visita nuestra <a title=\"Global Projects\" href=\"https:\/\/www.global-projects.es\/\">web<\/a> y an\u00edmate a renovar tu hogar con nosotros!<\/p>\n","protected":false},"excerpt":{"rendered":"<p>Las paredes de vidrio son, adem\u00e1s de los espejos, una forma perfecta para dar la sensaci\u00f3n de espacios amplios. Son muy \u00fatiles en espacios peque\u00f1os que queremos independizar, pero no por ello renunciar a la amplitud. Separar el pasillo de la cocina, la cocina del comedor, la sala de estar del estudio, crear un peque\u00f1o [&hellip;]<\/p>\n","protected":false},"author":4,"featured_media":1351,"comment_status":"open","ping_status":"closed","sticky":false,"template":"","format":"standard","meta":{"_et_pb_use_builder":"","_et_pb_old_content":"","_et_gb_content_width":"","footnotes":""},"categories":[41],"tags":[25,37,44,102,118,167,233,337],"class_list":["post-3310","post","type-post","status-publish","format-standard","has-post-thumbnail","hentry","category-materiales","tag-reformas-integrales","tag-reformas-integrales-barcelona","tag-reformas-barcelona","tag-espacio-amplio","tag-reformas-cocinas","tag-reformas-banos","tag-cristal","tag-paredes-vidrio"],"yoast_head":"<!-- This site is optimized with the Yoast SEO plugin v27.5 - https:\/\/yoast.com\/product\/yoast-seo-wordpress\/ -->\n<title>Paredes de vidrio, m\u00e1s espacio, m\u00e1s luz - Global Projects<\/title>\n<meta name=\"robots\" content=\"index, follow, max-snippet:-1, max-image-preview:large, max-video-preview:-1\" \/>\n<link rel=\"canonical\" href=\"https:\/\/www.global-projects.es\/es\/paredes-de-vidrio-mas-espacio-mas-luz\/\" \/>\n<meta property=\"og:locale\" content=\"es_ES\" \/>\n<meta property=\"og:type\" content=\"article\" \/>\n<meta property=\"og:title\" content=\"Paredes de vidrio, m\u00e1s espacio, m\u00e1s luz - Global Projects\" \/>\n<meta property=\"og:description\" content=\"Las paredes de vidrio son, adem\u00e1s de los espejos, una forma perfecta para dar la sensaci\u00f3n de espacios amplios. Son muy \u00fatiles en espacios peque\u00f1os que queremos independizar, pero no por ello renunciar a la amplitud. Separar el pasillo de la cocina, la cocina del comedor, la sala de estar del estudio, crear un peque\u00f1o [&hellip;]\" \/>\n<meta property=\"og:url\" content=\"https:\/\/www.global-projects.es\/es\/paredes-de-vidrio-mas-espacio-mas-luz\/\" \/>\n<meta property=\"og:site_name\" content=\"Global Projects\" \/>\n<meta property=\"article:publisher\" content=\"https:\/\/www.facebook.com\/gblprojects\" \/>\n<meta property=\"article:published_time\" content=\"2012-09-12T10:44:59+00:00\" \/>\n<meta name=\"author\" content=\"Global\" \/>\n<meta name=\"twitter:card\" content=\"summary_large_image\" \/>\n<meta name=\"twitter:creator\" content=\"@global_projects\" \/>\n<meta name=\"twitter:site\" content=\"@global_projects\" \/>\n<meta name=\"twitter:label1\" content=\"Escrito por\" \/>\n\t<meta name=\"twitter:data1\" content=\"Global\" \/>\n\t<meta name=\"twitter:label2\" content=\"Tiempo de lectura\" \/>\n\t<meta name=\"twitter:data2\" content=\"1 minuto\" \/>\n<script type=\"application\/ld+json\" class=\"yoast-schema-graph\">{\"@context\":\"https:\\\/\\\/schema.org\",\"@graph\":[{\"@type\":\"Article\",\"@id\":\"https:\\\/\\\/www.global-projects.es\\\/es\\\/paredes-de-vidrio-mas-espacio-mas-luz\\\/#article\",\"isPartOf\":{\"@id\":\"https:\\\/\\\/www.global-projects.es\\\/es\\\/paredes-de-vidrio-mas-espacio-mas-luz\\\/\"},\"author\":{\"name\":\"Global\",\"@id\":\"https:\\\/\\\/www.global-projects.es\\\/es\\\/#\\\/schema\\\/person\\\/62ec8db1b3b6b0776dc86d00b37c57ff\"},\"headline\":\"Paredes de vidrio, m\u00e1s espacio, m\u00e1s luz\",\"datePublished\":\"2012-09-12T10:44:59+00:00\",\"mainEntityOfPage\":{\"@id\":\"https:\\\/\\\/www.global-projects.es\\\/es\\\/paredes-de-vidrio-mas-espacio-mas-luz\\\/\"},\"wordCount\":206,\"commentCount\":0,\"image\":{\"@id\":\"https:\\\/\\\/www.global-projects.es\\\/es\\\/paredes-de-vidrio-mas-espacio-mas-luz\\\/#primaryimage\"},\"thumbnailUrl\":\"\",\"keywords\":[\"reformas integrales\",\"reformas integrales barcelona\",\"reformas Barcelona\",\"espacio amplio\",\"reformas cocinas\",\"reformas ba\u00f1os\",\"cristal\",\"paredes vidrio\"],\"articleSection\":[\"Materiales\"],\"inLanguage\":\"es\",\"potentialAction\":[{\"@type\":\"CommentAction\",\"name\":\"Comment\",\"target\":[\"https:\\\/\\\/www.global-projects.es\\\/es\\\/paredes-de-vidrio-mas-espacio-mas-luz\\\/#respond\"]}]},{\"@type\":\"WebPage\",\"@id\":\"https:\\\/\\\/www.global-projects.es\\\/es\\\/paredes-de-vidrio-mas-espacio-mas-luz\\\/\",\"url\":\"https:\\\/\\\/www.global-projects.es\\\/es\\\/paredes-de-vidrio-mas-espacio-mas-luz\\\/\",\"name\":\"Paredes de vidrio, m\u00e1s espacio, m\u00e1s luz - Global Projects\",\"isPartOf\":{\"@id\":\"https:\\\/\\\/www.global-projects.es\\\/es\\\/#website\"},\"primaryImageOfPage\":{\"@id\":\"https:\\\/\\\/www.global-projects.es\\\/es\\\/paredes-de-vidrio-mas-espacio-mas-luz\\\/#primaryimage\"},\"image\":{\"@id\":\"https:\\\/\\\/www.global-projects.es\\\/es\\\/paredes-de-vidrio-mas-espacio-mas-luz\\\/#primaryimage\"},\"thumbnailUrl\":\"\",\"datePublished\":\"2012-09-12T10:44:59+00:00\",\"author\":{\"@id\":\"https:\\\/\\\/www.global-projects.es\\\/es\\\/#\\\/schema\\\/person\\\/62ec8db1b3b6b0776dc86d00b37c57ff\"},\"breadcrumb\":{\"@id\":\"https:\\\/\\\/www.global-projects.es\\\/es\\\/paredes-de-vidrio-mas-espacio-mas-luz\\\/#breadcrumb\"},\"inLanguage\":\"es\",\"potentialAction\":[{\"@type\":\"ReadAction\",\"target\":[\"https:\\\/\\\/www.global-projects.es\\\/es\\\/paredes-de-vidrio-mas-espacio-mas-luz\\\/\"]}]},{\"@type\":\"ImageObject\",\"inLanguage\":\"es\",\"@id\":\"https:\\\/\\\/www.global-projects.es\\\/es\\\/paredes-de-vidrio-mas-espacio-mas-luz\\\/#primaryimage\",\"url\":\"\",\"contentUrl\":\"\"},{\"@type\":\"BreadcrumbList\",\"@id\":\"https:\\\/\\\/www.global-projects.es\\\/es\\\/paredes-de-vidrio-mas-espacio-mas-luz\\\/#breadcrumb\",\"itemListElement\":[{\"@type\":\"ListItem\",\"position\":1,\"name\":\"Portada\",\"item\":\"https:\\\/\\\/www.global-projects.es\\\/es\\\/\"},{\"@type\":\"ListItem\",\"position\":2,\"name\":\"Paredes de vidrio, m\u00e1s espacio, m\u00e1s luz\"}]},{\"@type\":\"WebSite\",\"@id\":\"https:\\\/\\\/www.global-projects.es\\\/es\\\/#website\",\"url\":\"https:\\\/\\\/www.global-projects.es\\\/es\\\/\",\"name\":\"Global Projects\",\"description\":\"Reformas Integrales Barcelona\",\"potentialAction\":[{\"@type\":\"SearchAction\",\"target\":{\"@type\":\"EntryPoint\",\"urlTemplate\":\"https:\\\/\\\/www.global-projects.es\\\/es\\\/?s={search_term_string}\"},\"query-input\":{\"@type\":\"PropertyValueSpecification\",\"valueRequired\":true,\"valueName\":\"search_term_string\"}}],\"inLanguage\":\"es\"},{\"@type\":\"Person\",\"@id\":\"https:\\\/\\\/www.global-projects.es\\\/es\\\/#\\\/schema\\\/person\\\/62ec8db1b3b6b0776dc86d00b37c57ff\",\"name\":\"Global\",\"url\":\"https:\\\/\\\/www.global-projects.es\\\/es\\\/author\\\/global\\\/\"}]}<\/script>\n<!-- \/ Yoast SEO plugin. -->","yoast_head_json":{"title":"Paredes de vidrio, m\u00e1s espacio, m\u00e1s luz - Global Projects","robots":{"index":"index","follow":"follow","max-snippet":"max-snippet:-1","max-image-preview":"max-image-preview:large","max-video-preview":"max-video-preview:-1"},"canonical":"https:\/\/www.global-projects.es\/es\/paredes-de-vidrio-mas-espacio-mas-luz\/","og_locale":"es_ES","og_type":"article","og_title":"Paredes de vidrio, m\u00e1s espacio, m\u00e1s luz - Global Projects","og_description":"Las paredes de vidrio son, adem\u00e1s de los espejos, una forma perfecta para dar la sensaci\u00f3n de espacios amplios. Son muy \u00fatiles en espacios peque\u00f1os que queremos independizar, pero no por ello renunciar a la amplitud. Separar el pasillo de la cocina, la cocina del comedor, la sala de estar del estudio, crear un peque\u00f1o [&hellip;]","og_url":"https:\/\/www.global-projects.es\/es\/paredes-de-vidrio-mas-espacio-mas-luz\/","og_site_name":"Global Projects","article_publisher":"https:\/\/www.facebook.com\/gblprojects","article_published_time":"2012-09-12T10:44:59+00:00","author":"Global","twitter_card":"summary_large_image","twitter_creator":"@global_projects","twitter_site":"@global_projects","twitter_misc":{"Escrito por":"Global","Tiempo de lectura":"1 minuto"},"schema":{"@context":"https:\/\/schema.org","@graph":[{"@type":"Article","@id":"https:\/\/www.global-projects.es\/es\/paredes-de-vidrio-mas-espacio-mas-luz\/#article","isPartOf":{"@id":"https:\/\/www.global-projects.es\/es\/paredes-de-vidrio-mas-espacio-mas-luz\/"},"author":{"name":"Global","@id":"https:\/\/www.global-projects.es\/es\/#\/schema\/person\/62ec8db1b3b6b0776dc86d00b37c57ff"},"headline":"Paredes de vidrio, m\u00e1s espacio, m\u00e1s luz","datePublished":"2012-09-12T10:44:59+00:00","mainEntityOfPage":{"@id":"https:\/\/www.global-projects.es\/es\/paredes-de-vidrio-mas-espacio-mas-luz\/"},"wordCount":206,"commentCount":0,"image":{"@id":"https:\/\/www.global-projects.es\/es\/paredes-de-vidrio-mas-espacio-mas-luz\/#primaryimage"},"thumbnailUrl":"","keywords":["reformas integrales","reformas integrales barcelona","reformas Barcelona","espacio amplio","reformas cocinas","reformas ba\u00f1os","cristal","paredes vidrio"],"articleSection":["Materiales"],"inLanguage":"es","potentialAction":[{"@type":"CommentAction","name":"Comment","target":["https:\/\/www.global-projects.es\/es\/paredes-de-vidrio-mas-espacio-mas-luz\/#respond"]}]},{"@type":"WebPage","@id":"https:\/\/www.global-projects.es\/es\/paredes-de-vidrio-mas-espacio-mas-luz\/","url":"https:\/\/www.global-projects.es\/es\/paredes-de-vidrio-mas-espacio-mas-luz\/","name":"Paredes de vidrio, m\u00e1s espacio, m\u00e1s luz - Global Projects","isPartOf":{"@id":"https:\/\/www.global-projects.es\/es\/#website"},"primaryImageOfPage":{"@id":"https:\/\/www.global-projects.es\/es\/paredes-de-vidrio-mas-espacio-mas-luz\/#primaryimage"},"image":{"@id":"https:\/\/www.global-projects.es\/es\/paredes-de-vidrio-mas-espacio-mas-luz\/#primaryimage"},"thumbnailUrl":"","datePublished":"2012-09-12T10:44:59+00:00","author":{"@id":"https:\/\/www.global-projects.es\/es\/#\/schema\/person\/62ec8db1b3b6b0776dc86d00b37c57ff"},"breadcrumb":{"@id":"https:\/\/www.global-projects.es\/es\/paredes-de-vidrio-mas-espacio-mas-luz\/#breadcrumb"},"inLanguage":"es","potentialAction":[{"@type":"ReadAction","target":["https:\/\/www.global-projects.es\/es\/paredes-de-vidrio-mas-espacio-mas-luz\/"]}]},{"@type":"ImageObject","inLanguage":"es","@id":"https:\/\/www.global-projects.es\/es\/paredes-de-vidrio-mas-espacio-mas-luz\/#primaryimage","url":"","contentUrl":""},{"@type":"BreadcrumbList","@id":"https:\/\/www.global-projects.es\/es\/paredes-de-vidrio-mas-espacio-mas-luz\/#breadcrumb","itemListElement":[{"@type":"ListItem","position":1,"name":"Portada","item":"https:\/\/www.global-projects.es\/es\/"},{"@type":"ListItem","position":2,"name":"Paredes de vidrio, m\u00e1s espacio, m\u00e1s luz"}]},{"@type":"WebSite","@id":"https:\/\/www.global-projects.es\/es\/#website","url":"https:\/\/www.global-projects.es\/es\/","name":"Global Projects","description":"Reformas Integrales Barcelona","potentialAction":[{"@type":"SearchAction","target":{"@type":"EntryPoint","urlTemplate":"https:\/\/www.global-projects.es\/es\/?s={search_term_string}"},"query-input":{"@type":"PropertyValueSpecification","valueRequired":true,"valueName":"search_term_string"}}],"inLanguage":"es"},{"@type":"Person","@id":"https:\/\/www.global-projects.es\/es\/#\/schema\/person\/62ec8db1b3b6b0776dc86d00b37c57ff","name":"Global","url":"https:\/\/www.global-projects.es\/es\/author\/global\/"}]}},"_links":{"self":[{"href":"https:\/\/www.global-projects.es\/es\/wp-json\/wp\/v2\/posts\/3310","targetHints":{"allow":["GET"]}}],"collection":[{"href":"https:\/\/www.global-projects.es\/es\/wp-json\/wp\/v2\/posts"}],"about":[{"href":"https:\/\/www.global-projects.es\/es\/wp-json\/wp\/v2\/types\/post"}],"author":[{"embeddable":true,"href":"https:\/\/www.global-projects.es\/es\/wp-json\/wp\/v2\/users\/4"}],"replies":[{"embeddable":true,"href":"https:\/\/www.global-projects.es\/es\/wp-json\/wp\/v2\/comments?post=3310"}],"version-history":[{"count":0,"href":"https:\/\/www.global-projects.es\/es\/wp-json\/wp\/v2\/posts\/3310\/revisions"}],"wp:featuredmedia":[{"embeddable":true,"href":"https:\/\/www.global-projects.es\/es\/wp-json\/"}],"wp:attachment":[{"href":"https:\/\/www.global-projects.es\/es\/wp-json\/wp\/v2\/media?parent=3310"}],"wp:term":[{"taxonomy":"category","embeddable":true,"href":"https:\/\/www.global-projects.es\/es\/wp-json\/wp\/v2\/categories?post=3310"},{"taxonomy":"post_tag","embeddable":true,"href":"https:\/\/www.global-projects.es\/es\/wp-json\/wp\/v2\/tags?post=3310"}],"curies":[{"name":"wp","href":"https:\/\/api.w.org\/{rel}","templated":true}]}}