{"id":3299,"date":"2012-07-03T10:10:53","date_gmt":"2012-07-03T10:10:53","guid":{"rendered":"http:\/\/www.global-projects.es\/blog\/?p=1216"},"modified":"2012-07-03T10:10:53","modified_gmt":"2012-07-03T10:10:53","slug":"calor-y-calidez-con-una-chimenea","status":"publish","type":"post","link":"https:\/\/www.global-projects.es\/es\/calor-y-calidez-con-una-chimenea\/","title":{"rendered":"Calor y calidez con una Chimenea"},"content":{"rendered":"<p style=\"text-align: justify;\">Un hogar con <strong>chimenea <\/strong>es diferente a otro que no la tiene.<strong> Las chimeneas <\/strong>son un elemento \u00fatil y decorativo muy valioso en una vivienda, ya que estas desprenden calor, confort, intimidad y paz en nuestro espacio.<\/p>\n<p style=\"text-align: justify;\">A parte de una soluci\u00f3n sencilla y c\u00f3moda en la problem\u00e1tica de la climatizaci\u00f3n, en decoraci\u00f3n se puede usar como eje distribuidor en un espacio di\u00e1fano, donde el centro puede ser<strong> la chimenea <\/strong>y distribuir el sal\u00f3n y el comedor alrededor de ella.<\/p>\n<p style=\"text-align: center;\"><a href=\"https:\/\/www.global-projects.es\/blog\/wp-content\/uploads\/2012\/07\/chi1.jpg\"><img loading=\"lazy\" decoding=\"async\" class=\"aligncenter size-full wp-image-1217\" src=\"https:\/\/www.global-projects.es\/blog\/wp-content\/uploads\/2012\/07\/chi1.jpg\" alt=\"\" width=\"600\" height=\"400\" \/><\/a><\/p>\n<p style=\"text-align: center;\"><a href=\"https:\/\/www.global-projects.es\/blog\/wp-content\/uploads\/2012\/07\/chi2.jpg\"><img loading=\"lazy\" decoding=\"async\" class=\"aligncenter size-full wp-image-1218\" src=\"https:\/\/www.global-projects.es\/blog\/wp-content\/uploads\/2012\/07\/chi2.jpg\" alt=\"\" width=\"600\" height=\"400\" \/><\/a><\/p>\n<p style=\"text-align: center;\"><a href=\"https:\/\/www.global-projects.es\/blog\/wp-content\/uploads\/2012\/07\/chi3.jpg\"><img loading=\"lazy\" decoding=\"async\" class=\"aligncenter size-full wp-image-1219\" src=\"https:\/\/www.global-projects.es\/blog\/wp-content\/uploads\/2012\/07\/chi3.jpg\" alt=\"\" width=\"600\" height=\"400\" \/><\/a><\/p>\n<p style=\"text-align: justify;\">Si tenemos menos espacio, podemos ponerlo en la pared como elemento decorativo y centrar la atenci\u00f3n de la sala en ella, para que as\u00ed transmita valores est\u00e9ticos y en\u00e9rgicos. Hay muchos tipos y formas de chimeneas: insertables, de obra, de aire o agua, rinconeras, frontales o centrales, de estilo tradicional o modernas, sin obra, \u2026<\/p>\n<p style=\"text-align: center;\"><a href=\"https:\/\/www.global-projects.es\/blog\/wp-content\/uploads\/2012\/07\/chi4.jpg\"><img loading=\"lazy\" decoding=\"async\" class=\"aligncenter size-full wp-image-1220\" src=\"https:\/\/www.global-projects.es\/blog\/wp-content\/uploads\/2012\/07\/chi4.jpg\" alt=\"\" width=\"600\" height=\"400\" \/><\/a><\/p>\n<p style=\"text-align: center;\"><a href=\"https:\/\/www.global-projects.es\/blog\/wp-content\/uploads\/2012\/07\/chi5.jpg\"><img loading=\"lazy\" decoding=\"async\" class=\"aligncenter size-full wp-image-1221\" src=\"https:\/\/www.global-projects.es\/blog\/wp-content\/uploads\/2012\/07\/chi5.jpg\" alt=\"\" width=\"600\" height=\"400\" \/><\/a><\/p>\n<p style=\"text-align: justify;\">En cada espacio tiene cabida una<strong> chimenea<\/strong> as\u00ed que desde <a title=\"Global Projects\" href=\"https:\/\/www.global-projects.es\/\"><strong>Global Projects<\/strong><\/a> te animamos a descubrir la tuya e impregnar tu hogar de calor y calidez, dos elementos b\u00e1sicos para sentir tu vivienda como tu hogar.<\/p>\n<p style=\"text-align: justify;\">En<a title=\"Global Projects\" href=\"https:\/\/www.global-projects.es\/\"> <strong>Global Projects<\/strong><\/a> nos dedicamos a\u00a0<strong><a title=\"reformas integrales\" href=\"https:\/\/www.global-projects.es\/es\/servicios\/reformas-integrales.html\">reformas integrales<\/a>, <a title=\"reformas de ba\u00f1os\" href=\"https:\/\/www.global-projects.es\/es\/reformas-integrales\/reforma-banos.html\">reformas de ba\u00f1os<\/a>, <a title=\"reformas de cocinas\" href=\"https:\/\/www.global-projects.es\/es\/reformas-integrales\/reforma-cocinas.html\">reformas de cocinas<\/a>,<a title=\"reformas de fachadas\" href=\"https:\/\/www.global-projects.es\/es\/servicios\/rehabilitacion-fachadas.html\"> reformas de fachadas<\/a>, y tambi\u00e9n nos encargamos de todo tipo de licencias y permisos de obra. <\/strong><\/p>\n<p style=\"text-align: justify;\"><strong>\u00a1Ven a conocer <a title=\"Global Projects\" href=\"https:\/\/www.global-projects.es\/\">Global Projects<\/a> y p\u00eddenos un<a title=\"presupuesto sin compromiso\" href=\"https:\/\/www.global-projects.es\/es\/formulario.html\"> presupuesto sin compromiso<\/a>!<\/strong><\/p>\n","protected":false},"excerpt":{"rendered":"<p>Un hogar con chimenea es diferente a otro que no la tiene. Las chimeneas son un elemento \u00fatil y decorativo muy valioso en una vivienda, ya que estas desprenden calor, confort, intimidad y paz en nuestro espacio. A parte de una soluci\u00f3n sencilla y c\u00f3moda en la problem\u00e1tica de la climatizaci\u00f3n, en decoraci\u00f3n se puede [&hellip;]<\/p>\n","protected":false},"author":4,"featured_media":1217,"comment_status":"open","ping_status":"closed","sticky":false,"template":"","format":"standard","meta":{"_et_pb_use_builder":"","_et_pb_old_content":"","_et_gb_content_width":"","footnotes":""},"categories":[19,21,33,36,38,41],"tags":[25,69,80,198,216,240,315,316],"class_list":["post-3299","post","type-post","status-publish","format-standard","has-post-thumbnail","hentry","category-diseno-2","category-novedades","category-cocinas-modernas","category-interiorismo-2","category-banos-modernos","category-materiales","tag-reformas-integrales","tag-insertables","tag-chimeneas","tag-vivienda","tag-reformas-de-fachadas","tag-hogar","tag-reformas-de-banos-16","tag-reformas-de-cocinas-16"],"yoast_head":"<!-- This site is optimized with the Yoast SEO plugin v27.5 - https:\/\/yoast.com\/product\/yoast-seo-wordpress\/ -->\n<title>Calor y calidez con una Chimenea - Global Projects<\/title>\n<meta name=\"robots\" content=\"index, follow, max-snippet:-1, max-image-preview:large, max-video-preview:-1\" \/>\n<link rel=\"canonical\" href=\"https:\/\/www.global-projects.es\/es\/calor-y-calidez-con-una-chimenea\/\" \/>\n<meta property=\"og:locale\" content=\"es_ES\" \/>\n<meta property=\"og:type\" content=\"article\" \/>\n<meta property=\"og:title\" content=\"Calor y calidez con una Chimenea - Global Projects\" \/>\n<meta property=\"og:description\" content=\"Un hogar con chimenea es diferente a otro que no la tiene. Las chimeneas son un elemento \u00fatil y decorativo muy valioso en una vivienda, ya que estas desprenden calor, confort, intimidad y paz en nuestro espacio. A parte de una soluci\u00f3n sencilla y c\u00f3moda en la problem\u00e1tica de la climatizaci\u00f3n, en decoraci\u00f3n se puede [&hellip;]\" \/>\n<meta property=\"og:url\" content=\"https:\/\/www.global-projects.es\/es\/calor-y-calidez-con-una-chimenea\/\" \/>\n<meta property=\"og:site_name\" content=\"Global Projects\" \/>\n<meta property=\"article:publisher\" content=\"https:\/\/www.facebook.com\/gblprojects\" \/>\n<meta property=\"article:published_time\" content=\"2012-07-03T10:10:53+00:00\" \/>\n<meta property=\"og:image\" content=\"https:\/\/www.global-projects.es\/wp-content\/uploads\/2019\/09\/Showroom-Geberit-Barcelona-3.jpg\" \/>\n\t<meta property=\"og:image:width\" content=\"1200\" \/>\n\t<meta property=\"og:image:height\" content=\"746\" \/>\n\t<meta property=\"og:image:type\" content=\"image\/jpeg\" \/>\n<meta name=\"author\" content=\"Global\" \/>\n<meta name=\"twitter:card\" content=\"summary_large_image\" \/>\n<meta name=\"twitter:creator\" content=\"@global_projects\" \/>\n<meta name=\"twitter:site\" content=\"@global_projects\" \/>\n<meta name=\"twitter:label1\" content=\"Escrito por\" \/>\n\t<meta name=\"twitter:data1\" content=\"Global\" \/>\n\t<meta name=\"twitter:label2\" content=\"Tiempo de lectura\" \/>\n\t<meta name=\"twitter:data2\" content=\"1 minuto\" \/>\n<script type=\"application\/ld+json\" class=\"yoast-schema-graph\">{\"@context\":\"https:\\\/\\\/schema.org\",\"@graph\":[{\"@type\":\"Article\",\"@id\":\"https:\\\/\\\/www.global-projects.es\\\/es\\\/calor-y-calidez-con-una-chimenea\\\/#article\",\"isPartOf\":{\"@id\":\"https:\\\/\\\/www.global-projects.es\\\/es\\\/calor-y-calidez-con-una-chimenea\\\/\"},\"author\":{\"name\":\"Global\",\"@id\":\"https:\\\/\\\/www.global-projects.es\\\/es\\\/#\\\/schema\\\/person\\\/62ec8db1b3b6b0776dc86d00b37c57ff\"},\"headline\":\"Calor y calidez con una Chimenea\",\"datePublished\":\"2012-07-03T10:10:53+00:00\",\"mainEntityOfPage\":{\"@id\":\"https:\\\/\\\/www.global-projects.es\\\/es\\\/calor-y-calidez-con-una-chimenea\\\/\"},\"wordCount\":231,\"commentCount\":0,\"image\":{\"@id\":\"https:\\\/\\\/www.global-projects.es\\\/es\\\/calor-y-calidez-con-una-chimenea\\\/#primaryimage\"},\"thumbnailUrl\":\"https:\\\/\\\/www.global-projects.es\\\/wp-content\\\/uploads\\\/2019\\\/09\\\/Showroom-Geberit-Barcelona-3.jpg\",\"keywords\":[\"reformas integrales\",\"insertables\",\"chimeneas\",\"vivienda\",\"reformas de fachadas\",\"hogar\",\"reformas de ba\u00f1os\",\"reformas de cocinas\"],\"articleSection\":[\"dise\u00f1o\",\"novedades\",\"cocinas modernas\",\"Interiorismo\",\"Ba\u00f1os Modernos\",\"Materiales\"],\"inLanguage\":\"es\",\"potentialAction\":[{\"@type\":\"CommentAction\",\"name\":\"Comment\",\"target\":[\"https:\\\/\\\/www.global-projects.es\\\/es\\\/calor-y-calidez-con-una-chimenea\\\/#respond\"]}]},{\"@type\":\"WebPage\",\"@id\":\"https:\\\/\\\/www.global-projects.es\\\/es\\\/calor-y-calidez-con-una-chimenea\\\/\",\"url\":\"https:\\\/\\\/www.global-projects.es\\\/es\\\/calor-y-calidez-con-una-chimenea\\\/\",\"name\":\"Calor y calidez con una Chimenea - Global Projects\",\"isPartOf\":{\"@id\":\"https:\\\/\\\/www.global-projects.es\\\/es\\\/#website\"},\"primaryImageOfPage\":{\"@id\":\"https:\\\/\\\/www.global-projects.es\\\/es\\\/calor-y-calidez-con-una-chimenea\\\/#primaryimage\"},\"image\":{\"@id\":\"https:\\\/\\\/www.global-projects.es\\\/es\\\/calor-y-calidez-con-una-chimenea\\\/#primaryimage\"},\"thumbnailUrl\":\"https:\\\/\\\/www.global-projects.es\\\/wp-content\\\/uploads\\\/2019\\\/09\\\/Showroom-Geberit-Barcelona-3.jpg\",\"datePublished\":\"2012-07-03T10:10:53+00:00\",\"author\":{\"@id\":\"https:\\\/\\\/www.global-projects.es\\\/es\\\/#\\\/schema\\\/person\\\/62ec8db1b3b6b0776dc86d00b37c57ff\"},\"breadcrumb\":{\"@id\":\"https:\\\/\\\/www.global-projects.es\\\/es\\\/calor-y-calidez-con-una-chimenea\\\/#breadcrumb\"},\"inLanguage\":\"es\",\"potentialAction\":[{\"@type\":\"ReadAction\",\"target\":[\"https:\\\/\\\/www.global-projects.es\\\/es\\\/calor-y-calidez-con-una-chimenea\\\/\"]}]},{\"@type\":\"ImageObject\",\"inLanguage\":\"es\",\"@id\":\"https:\\\/\\\/www.global-projects.es\\\/es\\\/calor-y-calidez-con-una-chimenea\\\/#primaryimage\",\"url\":\"https:\\\/\\\/www.global-projects.es\\\/wp-content\\\/uploads\\\/2019\\\/09\\\/Showroom-Geberit-Barcelona-3.jpg\",\"contentUrl\":\"https:\\\/\\\/www.global-projects.es\\\/wp-content\\\/uploads\\\/2019\\\/09\\\/Showroom-Geberit-Barcelona-3.jpg\",\"width\":1200,\"height\":746},{\"@type\":\"BreadcrumbList\",\"@id\":\"https:\\\/\\\/www.global-projects.es\\\/es\\\/calor-y-calidez-con-una-chimenea\\\/#breadcrumb\",\"itemListElement\":[{\"@type\":\"ListItem\",\"position\":1,\"name\":\"Portada\",\"item\":\"https:\\\/\\\/www.global-projects.es\\\/es\\\/\"},{\"@type\":\"ListItem\",\"position\":2,\"name\":\"Calor y calidez con una Chimenea\"}]},{\"@type\":\"WebSite\",\"@id\":\"https:\\\/\\\/www.global-projects.es\\\/es\\\/#website\",\"url\":\"https:\\\/\\\/www.global-projects.es\\\/es\\\/\",\"name\":\"Global Projects\",\"description\":\"Reformas Integrales Barcelona\",\"potentialAction\":[{\"@type\":\"SearchAction\",\"target\":{\"@type\":\"EntryPoint\",\"urlTemplate\":\"https:\\\/\\\/www.global-projects.es\\\/es\\\/?s={search_term_string}\"},\"query-input\":{\"@type\":\"PropertyValueSpecification\",\"valueRequired\":true,\"valueName\":\"search_term_string\"}}],\"inLanguage\":\"es\"},{\"@type\":\"Person\",\"@id\":\"https:\\\/\\\/www.global-projects.es\\\/es\\\/#\\\/schema\\\/person\\\/62ec8db1b3b6b0776dc86d00b37c57ff\",\"name\":\"Global\",\"url\":\"https:\\\/\\\/www.global-projects.es\\\/es\\\/author\\\/global\\\/\"}]}<\/script>\n<!-- \/ Yoast SEO plugin. -->","yoast_head_json":{"title":"Calor y calidez con una Chimenea - Global Projects","robots":{"index":"index","follow":"follow","max-snippet":"max-snippet:-1","max-image-preview":"max-image-preview:large","max-video-preview":"max-video-preview:-1"},"canonical":"https:\/\/www.global-projects.es\/es\/calor-y-calidez-con-una-chimenea\/","og_locale":"es_ES","og_type":"article","og_title":"Calor y calidez con una Chimenea - Global Projects","og_description":"Un hogar con chimenea es diferente a otro que no la tiene. Las chimeneas son un elemento \u00fatil y decorativo muy valioso en una vivienda, ya que estas desprenden calor, confort, intimidad y paz en nuestro espacio. A parte de una soluci\u00f3n sencilla y c\u00f3moda en la problem\u00e1tica de la climatizaci\u00f3n, en decoraci\u00f3n se puede [&hellip;]","og_url":"https:\/\/www.global-projects.es\/es\/calor-y-calidez-con-una-chimenea\/","og_site_name":"Global Projects","article_publisher":"https:\/\/www.facebook.com\/gblprojects","article_published_time":"2012-07-03T10:10:53+00:00","og_image":[{"width":1200,"height":746,"url":"https:\/\/www.global-projects.es\/wp-content\/uploads\/2019\/09\/Showroom-Geberit-Barcelona-3.jpg","type":"image\/jpeg"}],"author":"Global","twitter_card":"summary_large_image","twitter_creator":"@global_projects","twitter_site":"@global_projects","twitter_misc":{"Escrito por":"Global","Tiempo de lectura":"1 minuto"},"schema":{"@context":"https:\/\/schema.org","@graph":[{"@type":"Article","@id":"https:\/\/www.global-projects.es\/es\/calor-y-calidez-con-una-chimenea\/#article","isPartOf":{"@id":"https:\/\/www.global-projects.es\/es\/calor-y-calidez-con-una-chimenea\/"},"author":{"name":"Global","@id":"https:\/\/www.global-projects.es\/es\/#\/schema\/person\/62ec8db1b3b6b0776dc86d00b37c57ff"},"headline":"Calor y calidez con una Chimenea","datePublished":"2012-07-03T10:10:53+00:00","mainEntityOfPage":{"@id":"https:\/\/www.global-projects.es\/es\/calor-y-calidez-con-una-chimenea\/"},"wordCount":231,"commentCount":0,"image":{"@id":"https:\/\/www.global-projects.es\/es\/calor-y-calidez-con-una-chimenea\/#primaryimage"},"thumbnailUrl":"https:\/\/www.global-projects.es\/wp-content\/uploads\/2019\/09\/Showroom-Geberit-Barcelona-3.jpg","keywords":["reformas integrales","insertables","chimeneas","vivienda","reformas de fachadas","hogar","reformas de ba\u00f1os","reformas de cocinas"],"articleSection":["dise\u00f1o","novedades","cocinas modernas","Interiorismo","Ba\u00f1os Modernos","Materiales"],"inLanguage":"es","potentialAction":[{"@type":"CommentAction","name":"Comment","target":["https:\/\/www.global-projects.es\/es\/calor-y-calidez-con-una-chimenea\/#respond"]}]},{"@type":"WebPage","@id":"https:\/\/www.global-projects.es\/es\/calor-y-calidez-con-una-chimenea\/","url":"https:\/\/www.global-projects.es\/es\/calor-y-calidez-con-una-chimenea\/","name":"Calor y calidez con una Chimenea - Global Projects","isPartOf":{"@id":"https:\/\/www.global-projects.es\/es\/#website"},"primaryImageOfPage":{"@id":"https:\/\/www.global-projects.es\/es\/calor-y-calidez-con-una-chimenea\/#primaryimage"},"image":{"@id":"https:\/\/www.global-projects.es\/es\/calor-y-calidez-con-una-chimenea\/#primaryimage"},"thumbnailUrl":"https:\/\/www.global-projects.es\/wp-content\/uploads\/2019\/09\/Showroom-Geberit-Barcelona-3.jpg","datePublished":"2012-07-03T10:10:53+00:00","author":{"@id":"https:\/\/www.global-projects.es\/es\/#\/schema\/person\/62ec8db1b3b6b0776dc86d00b37c57ff"},"breadcrumb":{"@id":"https:\/\/www.global-projects.es\/es\/calor-y-calidez-con-una-chimenea\/#breadcrumb"},"inLanguage":"es","potentialAction":[{"@type":"ReadAction","target":["https:\/\/www.global-projects.es\/es\/calor-y-calidez-con-una-chimenea\/"]}]},{"@type":"ImageObject","inLanguage":"es","@id":"https:\/\/www.global-projects.es\/es\/calor-y-calidez-con-una-chimenea\/#primaryimage","url":"https:\/\/www.global-projects.es\/wp-content\/uploads\/2019\/09\/Showroom-Geberit-Barcelona-3.jpg","contentUrl":"https:\/\/www.global-projects.es\/wp-content\/uploads\/2019\/09\/Showroom-Geberit-Barcelona-3.jpg","width":1200,"height":746},{"@type":"BreadcrumbList","@id":"https:\/\/www.global-projects.es\/es\/calor-y-calidez-con-una-chimenea\/#breadcrumb","itemListElement":[{"@type":"ListItem","position":1,"name":"Portada","item":"https:\/\/www.global-projects.es\/es\/"},{"@type":"ListItem","position":2,"name":"Calor y calidez con una Chimenea"}]},{"@type":"WebSite","@id":"https:\/\/www.global-projects.es\/es\/#website","url":"https:\/\/www.global-projects.es\/es\/","name":"Global Projects","description":"Reformas Integrales Barcelona","potentialAction":[{"@type":"SearchAction","target":{"@type":"EntryPoint","urlTemplate":"https:\/\/www.global-projects.es\/es\/?s={search_term_string}"},"query-input":{"@type":"PropertyValueSpecification","valueRequired":true,"valueName":"search_term_string"}}],"inLanguage":"es"},{"@type":"Person","@id":"https:\/\/www.global-projects.es\/es\/#\/schema\/person\/62ec8db1b3b6b0776dc86d00b37c57ff","name":"Global","url":"https:\/\/www.global-projects.es\/es\/author\/global\/"}]}},"_links":{"self":[{"href":"https:\/\/www.global-projects.es\/es\/wp-json\/wp\/v2\/posts\/3299","targetHints":{"allow":["GET"]}}],"collection":[{"href":"https:\/\/www.global-projects.es\/es\/wp-json\/wp\/v2\/posts"}],"about":[{"href":"https:\/\/www.global-projects.es\/es\/wp-json\/wp\/v2\/types\/post"}],"author":[{"embeddable":true,"href":"https:\/\/www.global-projects.es\/es\/wp-json\/wp\/v2\/users\/4"}],"replies":[{"embeddable":true,"href":"https:\/\/www.global-projects.es\/es\/wp-json\/wp\/v2\/comments?post=3299"}],"version-history":[{"count":0,"href":"https:\/\/www.global-projects.es\/es\/wp-json\/wp\/v2\/posts\/3299\/revisions"}],"wp:featuredmedia":[{"embeddable":true,"href":"https:\/\/www.global-projects.es\/es\/wp-json\/wp\/v2\/media\/1217"}],"wp:attachment":[{"href":"https:\/\/www.global-projects.es\/es\/wp-json\/wp\/v2\/media?parent=3299"}],"wp:term":[{"taxonomy":"category","embeddable":true,"href":"https:\/\/www.global-projects.es\/es\/wp-json\/wp\/v2\/categories?post=3299"},{"taxonomy":"post_tag","embeddable":true,"href":"https:\/\/www.global-projects.es\/es\/wp-json\/wp\/v2\/tags?post=3299"}],"curies":[{"name":"wp","href":"https:\/\/api.w.org\/{rel}","templated":true}]}}