{"id":3292,"date":"2012-06-15T12:29:47","date_gmt":"2012-06-15T11:29:47","guid":{"rendered":"http:\/\/www.global-projects.es\/blog\/?p=1144"},"modified":"2012-06-15T12:29:47","modified_gmt":"2012-06-15T11:29:47","slug":"encuentra-tu-estilo-con-global-projects","status":"publish","type":"post","link":"https:\/\/www.global-projects.es\/es\/encuentra-tu-estilo-con-global-projects\/","title":{"rendered":"Encuentra tu estilo con Global Projects"},"content":{"rendered":"<p style=\"text-align: justify;\">Cuando pensamos en hacer una <a title=\"reforma integral\" href=\"  https:\/\/www.global-projects.es\/es\/servicios\/reformas-integrales.html\"><strong>reforma integral<\/strong><\/a> desde el inicio nos imaginamos y pensamos en la obra completamente acabada, pero antes de esto debemos pensar muy bien que queremos sentir en nuestra reforma.<\/p>\n<p style=\"text-align: justify;\">Si queremos un ambiente amplio y sin agobio deberemos pensar en un <strong>local di\u00e1fano<\/strong> donde la entrada de luz sea el punto fuerte. Si, por el contario, queremos un <strong>hogar c\u00e1lido<\/strong> en una pintura y una decoraci\u00f3n m\u00e1s opaca y donde los colores sean m\u00e1s pasteles. Para crear un <strong>espacio m\u00e1s vivo<\/strong> y llenos de energ\u00eda y alegr\u00eda deberemos pintar con colores fuertes y brillantes.<\/p>\n<p style=\"text-align: center;\"><a href=\"https:\/\/www.global-projects.es\/blog\/wp-content\/uploads\/2012\/06\/calido.jpg\"><img loading=\"lazy\" decoding=\"async\" class=\"aligncenter size-full wp-image-1145\" alt=\"\" src=\"https:\/\/www.global-projects.es\/blog\/wp-content\/uploads\/2012\/06\/calido.jpg\" width=\"600\" height=\"400\" \/><\/a><\/p>\n<p style=\"text-align: center;\"><a href=\"https:\/\/www.global-projects.es\/blog\/wp-content\/uploads\/2012\/06\/blanco2.jpg\"><img loading=\"lazy\" decoding=\"async\" class=\"aligncenter size-full wp-image-1146\" alt=\"\" src=\"https:\/\/www.global-projects.es\/blog\/wp-content\/uploads\/2012\/06\/blanco2.jpg\" width=\"600\" height=\"400\" \/><\/a><\/p>\n<p style=\"text-align: center;\"><a href=\"https:\/\/www.global-projects.es\/blog\/wp-content\/uploads\/2012\/06\/blanco.jpg\"><img loading=\"lazy\" decoding=\"async\" class=\"aligncenter size-full wp-image-1147\" alt=\"\" src=\"https:\/\/www.global-projects.es\/blog\/wp-content\/uploads\/2012\/06\/blanco.jpg\" width=\"600\" height=\"400\" \/><\/a><\/p>\n<p style=\"text-align: center;\"><a href=\"https:\/\/www.global-projects.es\/blog\/wp-content\/uploads\/2012\/06\/vivo2.jpg\"><img loading=\"lazy\" decoding=\"async\" class=\"aligncenter size-full wp-image-1152\" alt=\"\" src=\"https:\/\/www.global-projects.es\/blog\/wp-content\/uploads\/2012\/06\/vivo2.jpg\" width=\"600\" height=\"400\" \/><\/a><\/p>\n<p style=\"text-align: justify;\">Conf\u00eda en nuestro <strong>equipo de interioristas<\/strong> para que te asesoren y encuentren tu estilo y una coherencia est\u00e9tica y funcional de cada uno de los espacios de su vivienda. Nuestros interioristas le guiaran en la correcta elecci\u00f3n de materiales, como el parquet, la iluminaci\u00f3n, el sanitario, la grifer\u00eda, la pintura, los muebles,\u2026<\/p>\n<p style=\"text-align: justify;\">En <a title=\"Global Projects\" href=\"https:\/\/www.global-projects.es\/\"><strong>Global Projects<\/strong><\/a>, tambi\u00e9n, hacemos <strong><a title=\"reformas integrales\" href=\"  https:\/\/www.global-projects.es\/es\/servicios\/reformas-integrales.html\">reformas integrales<\/a>, <a title=\"reformas de ba\u00f1os\" href=\"https:\/\/www.global-projects.es\/es\/reformas-integrales\/reforma-banos.html\">reformas de ba\u00f1os<\/a>, <a title=\"reformas de cocinas\" href=\"https:\/\/www.global-projects.es\/es\/reformas-integrales\/reforma-cocinas.html\">reformas de cocinas<\/a>, <a title=\"reformas de fachadas\" href=\"https:\/\/www.global-projects.es\/es\/servicios\/rehabilitacion-fachadas.html\">reformas de fachadas<\/a><\/strong> y nos encargamos de tramitar toda clase de licencias.<\/p>\n<p style=\"text-align: justify;\"><strong>\u00a1Ven a conocernos y p\u00eddenos <a title=\"presupuestos sin compromiso\" href=\"https:\/\/www.global-projects.es\/es\/formulario.html\">presupuestos sin compromiso<\/a>!<\/strong><\/p>\n","protected":false},"excerpt":{"rendered":"<p>Cuando pensamos en hacer una reforma integral desde el inicio nos imaginamos y pensamos en la obra completamente acabada, pero antes de esto debemos pensar muy bien que queremos sentir en nuestra reforma. Si queremos un ambiente amplio y sin agobio deberemos pensar en un local di\u00e1fano donde la entrada de luz sea el punto [&hellip;]<\/p>\n","protected":false},"author":4,"featured_media":1146,"comment_status":"open","ping_status":"closed","sticky":false,"template":"","format":"standard","meta":{"_et_pb_use_builder":"","_et_pb_old_content":"","_et_gb_content_width":"","footnotes":""},"categories":[19,31,33,36,38,41,46],"tags":[275,276,277,278,279,280,27,105,143,216,257,264,272,273,274],"class_list":["post-3292","post","type-post","status-publish","format-standard","has-post-thumbnail","hentry","category-diseno-2","category-legislacion","category-cocinas-modernas","category-interiorismo-2","category-banos-modernos","category-materiales","category-domotica","tag-la-pintura","tag-los-muebles","tag-parquet","tag-reformas-de-banos-13","tag-reformas-de-cocinas-14","tag-salon","tag-pintura","tag-reforma","tag-reforma-integral","tag-reformas-de-fachadas","tag-interiorista-global-projects-barcelona","tag-la-griferia","tag-el-sanitario","tag-interiorista","tag-la-iluminacion"],"yoast_head":"<!-- This site is optimized with the Yoast SEO plugin v27.5 - https:\/\/yoast.com\/product\/yoast-seo-wordpress\/ -->\n<title>Encuentra tu estilo con Global Projects - Global Projects<\/title>\n<meta name=\"robots\" content=\"index, follow, max-snippet:-1, max-image-preview:large, max-video-preview:-1\" \/>\n<link rel=\"canonical\" href=\"https:\/\/www.global-projects.es\/es\/encuentra-tu-estilo-con-global-projects\/\" \/>\n<meta property=\"og:locale\" content=\"es_ES\" \/>\n<meta property=\"og:type\" content=\"article\" \/>\n<meta property=\"og:title\" content=\"Encuentra tu estilo con Global Projects - Global Projects\" \/>\n<meta property=\"og:description\" content=\"Cuando pensamos en hacer una reforma integral desde el inicio nos imaginamos y pensamos en la obra completamente acabada, pero antes de esto debemos pensar muy bien que queremos sentir en nuestra reforma. Si queremos un ambiente amplio y sin agobio deberemos pensar en un local di\u00e1fano donde la entrada de luz sea el punto [&hellip;]\" \/>\n<meta property=\"og:url\" content=\"https:\/\/www.global-projects.es\/es\/encuentra-tu-estilo-con-global-projects\/\" \/>\n<meta property=\"og:site_name\" content=\"Global Projects\" \/>\n<meta property=\"article:publisher\" content=\"https:\/\/www.facebook.com\/gblprojects\" \/>\n<meta property=\"article:published_time\" content=\"2012-06-15T11:29:47+00:00\" \/>\n<meta property=\"og:image\" content=\"https:\/\/www.global-projects.es\/wp-content\/uploads\/2019\/09\/Restaurante-Amarre-69-barceloneta-5.jpg\" \/>\n\t<meta property=\"og:image:width\" content=\"1200\" \/>\n\t<meta property=\"og:image:height\" content=\"815\" \/>\n\t<meta property=\"og:image:type\" content=\"image\/jpeg\" \/>\n<meta name=\"author\" content=\"Global\" \/>\n<meta name=\"twitter:card\" content=\"summary_large_image\" \/>\n<meta name=\"twitter:creator\" content=\"@global_projects\" \/>\n<meta name=\"twitter:site\" content=\"@global_projects\" \/>\n<meta name=\"twitter:label1\" content=\"Escrito por\" \/>\n\t<meta name=\"twitter:data1\" content=\"Global\" \/>\n\t<meta name=\"twitter:label2\" content=\"Tiempo de lectura\" \/>\n\t<meta name=\"twitter:data2\" content=\"1 minuto\" \/>\n<script type=\"application\/ld+json\" class=\"yoast-schema-graph\">{\"@context\":\"https:\\\/\\\/schema.org\",\"@graph\":[{\"@type\":\"Article\",\"@id\":\"https:\\\/\\\/www.global-projects.es\\\/es\\\/encuentra-tu-estilo-con-global-projects\\\/#article\",\"isPartOf\":{\"@id\":\"https:\\\/\\\/www.global-projects.es\\\/es\\\/encuentra-tu-estilo-con-global-projects\\\/\"},\"author\":{\"name\":\"Global\",\"@id\":\"https:\\\/\\\/www.global-projects.es\\\/es\\\/#\\\/schema\\\/person\\\/62ec8db1b3b6b0776dc86d00b37c57ff\"},\"headline\":\"Encuentra tu estilo con Global Projects\",\"datePublished\":\"2012-06-15T11:29:47+00:00\",\"mainEntityOfPage\":{\"@id\":\"https:\\\/\\\/www.global-projects.es\\\/es\\\/encuentra-tu-estilo-con-global-projects\\\/\"},\"wordCount\":205,\"commentCount\":0,\"image\":{\"@id\":\"https:\\\/\\\/www.global-projects.es\\\/es\\\/encuentra-tu-estilo-con-global-projects\\\/#primaryimage\"},\"thumbnailUrl\":\"https:\\\/\\\/www.global-projects.es\\\/wp-content\\\/uploads\\\/2019\\\/09\\\/Restaurante-Amarre-69-barceloneta-5.jpg\",\"keywords\":[\"la pintura\",\"los muebles\",\"parquet\",\"reformas de ba\u00f1os\",\"reformas de cocinas\",\"sal\u00f3n\",\"pintura\",\"reforma\",\"reforma integral\",\"reformas de fachadas\",\"interiorista global projects barcelona\",\"la grifer\u00eda\",\"el sanitario\",\"interiorista\",\"la iluminaci\u00f3n\"],\"articleSection\":[\"dise\u00f1o\",\"Legislaci\u00f3n\",\"cocinas modernas\",\"Interiorismo\",\"Ba\u00f1os Modernos\",\"Materiales\",\"Dom\u00f3tica\"],\"inLanguage\":\"es\",\"potentialAction\":[{\"@type\":\"CommentAction\",\"name\":\"Comment\",\"target\":[\"https:\\\/\\\/www.global-projects.es\\\/es\\\/encuentra-tu-estilo-con-global-projects\\\/#respond\"]}]},{\"@type\":\"WebPage\",\"@id\":\"https:\\\/\\\/www.global-projects.es\\\/es\\\/encuentra-tu-estilo-con-global-projects\\\/\",\"url\":\"https:\\\/\\\/www.global-projects.es\\\/es\\\/encuentra-tu-estilo-con-global-projects\\\/\",\"name\":\"Encuentra tu estilo con Global Projects - Global Projects\",\"isPartOf\":{\"@id\":\"https:\\\/\\\/www.global-projects.es\\\/es\\\/#website\"},\"primaryImageOfPage\":{\"@id\":\"https:\\\/\\\/www.global-projects.es\\\/es\\\/encuentra-tu-estilo-con-global-projects\\\/#primaryimage\"},\"image\":{\"@id\":\"https:\\\/\\\/www.global-projects.es\\\/es\\\/encuentra-tu-estilo-con-global-projects\\\/#primaryimage\"},\"thumbnailUrl\":\"https:\\\/\\\/www.global-projects.es\\\/wp-content\\\/uploads\\\/2019\\\/09\\\/Restaurante-Amarre-69-barceloneta-5.jpg\",\"datePublished\":\"2012-06-15T11:29:47+00:00\",\"author\":{\"@id\":\"https:\\\/\\\/www.global-projects.es\\\/es\\\/#\\\/schema\\\/person\\\/62ec8db1b3b6b0776dc86d00b37c57ff\"},\"breadcrumb\":{\"@id\":\"https:\\\/\\\/www.global-projects.es\\\/es\\\/encuentra-tu-estilo-con-global-projects\\\/#breadcrumb\"},\"inLanguage\":\"es\",\"potentialAction\":[{\"@type\":\"ReadAction\",\"target\":[\"https:\\\/\\\/www.global-projects.es\\\/es\\\/encuentra-tu-estilo-con-global-projects\\\/\"]}]},{\"@type\":\"ImageObject\",\"inLanguage\":\"es\",\"@id\":\"https:\\\/\\\/www.global-projects.es\\\/es\\\/encuentra-tu-estilo-con-global-projects\\\/#primaryimage\",\"url\":\"https:\\\/\\\/www.global-projects.es\\\/wp-content\\\/uploads\\\/2019\\\/09\\\/Restaurante-Amarre-69-barceloneta-5.jpg\",\"contentUrl\":\"https:\\\/\\\/www.global-projects.es\\\/wp-content\\\/uploads\\\/2019\\\/09\\\/Restaurante-Amarre-69-barceloneta-5.jpg\",\"width\":1200,\"height\":815},{\"@type\":\"BreadcrumbList\",\"@id\":\"https:\\\/\\\/www.global-projects.es\\\/es\\\/encuentra-tu-estilo-con-global-projects\\\/#breadcrumb\",\"itemListElement\":[{\"@type\":\"ListItem\",\"position\":1,\"name\":\"Portada\",\"item\":\"https:\\\/\\\/www.global-projects.es\\\/es\\\/\"},{\"@type\":\"ListItem\",\"position\":2,\"name\":\"Encuentra tu estilo con Global Projects\"}]},{\"@type\":\"WebSite\",\"@id\":\"https:\\\/\\\/www.global-projects.es\\\/es\\\/#website\",\"url\":\"https:\\\/\\\/www.global-projects.es\\\/es\\\/\",\"name\":\"Global Projects\",\"description\":\"Reformas Integrales Barcelona\",\"potentialAction\":[{\"@type\":\"SearchAction\",\"target\":{\"@type\":\"EntryPoint\",\"urlTemplate\":\"https:\\\/\\\/www.global-projects.es\\\/es\\\/?s={search_term_string}\"},\"query-input\":{\"@type\":\"PropertyValueSpecification\",\"valueRequired\":true,\"valueName\":\"search_term_string\"}}],\"inLanguage\":\"es\"},{\"@type\":\"Person\",\"@id\":\"https:\\\/\\\/www.global-projects.es\\\/es\\\/#\\\/schema\\\/person\\\/62ec8db1b3b6b0776dc86d00b37c57ff\",\"name\":\"Global\",\"url\":\"https:\\\/\\\/www.global-projects.es\\\/es\\\/author\\\/global\\\/\"}]}<\/script>\n<!-- \/ Yoast SEO plugin. -->","yoast_head_json":{"title":"Encuentra tu estilo con Global Projects - Global Projects","robots":{"index":"index","follow":"follow","max-snippet":"max-snippet:-1","max-image-preview":"max-image-preview:large","max-video-preview":"max-video-preview:-1"},"canonical":"https:\/\/www.global-projects.es\/es\/encuentra-tu-estilo-con-global-projects\/","og_locale":"es_ES","og_type":"article","og_title":"Encuentra tu estilo con Global Projects - Global Projects","og_description":"Cuando pensamos en hacer una reforma integral desde el inicio nos imaginamos y pensamos en la obra completamente acabada, pero antes de esto debemos pensar muy bien que queremos sentir en nuestra reforma. Si queremos un ambiente amplio y sin agobio deberemos pensar en un local di\u00e1fano donde la entrada de luz sea el punto [&hellip;]","og_url":"https:\/\/www.global-projects.es\/es\/encuentra-tu-estilo-con-global-projects\/","og_site_name":"Global Projects","article_publisher":"https:\/\/www.facebook.com\/gblprojects","article_published_time":"2012-06-15T11:29:47+00:00","og_image":[{"width":1200,"height":815,"url":"https:\/\/www.global-projects.es\/wp-content\/uploads\/2019\/09\/Restaurante-Amarre-69-barceloneta-5.jpg","type":"image\/jpeg"}],"author":"Global","twitter_card":"summary_large_image","twitter_creator":"@global_projects","twitter_site":"@global_projects","twitter_misc":{"Escrito por":"Global","Tiempo de lectura":"1 minuto"},"schema":{"@context":"https:\/\/schema.org","@graph":[{"@type":"Article","@id":"https:\/\/www.global-projects.es\/es\/encuentra-tu-estilo-con-global-projects\/#article","isPartOf":{"@id":"https:\/\/www.global-projects.es\/es\/encuentra-tu-estilo-con-global-projects\/"},"author":{"name":"Global","@id":"https:\/\/www.global-projects.es\/es\/#\/schema\/person\/62ec8db1b3b6b0776dc86d00b37c57ff"},"headline":"Encuentra tu estilo con Global Projects","datePublished":"2012-06-15T11:29:47+00:00","mainEntityOfPage":{"@id":"https:\/\/www.global-projects.es\/es\/encuentra-tu-estilo-con-global-projects\/"},"wordCount":205,"commentCount":0,"image":{"@id":"https:\/\/www.global-projects.es\/es\/encuentra-tu-estilo-con-global-projects\/#primaryimage"},"thumbnailUrl":"https:\/\/www.global-projects.es\/wp-content\/uploads\/2019\/09\/Restaurante-Amarre-69-barceloneta-5.jpg","keywords":["la pintura","los muebles","parquet","reformas de ba\u00f1os","reformas de cocinas","sal\u00f3n","pintura","reforma","reforma integral","reformas de fachadas","interiorista global projects barcelona","la grifer\u00eda","el sanitario","interiorista","la iluminaci\u00f3n"],"articleSection":["dise\u00f1o","Legislaci\u00f3n","cocinas modernas","Interiorismo","Ba\u00f1os Modernos","Materiales","Dom\u00f3tica"],"inLanguage":"es","potentialAction":[{"@type":"CommentAction","name":"Comment","target":["https:\/\/www.global-projects.es\/es\/encuentra-tu-estilo-con-global-projects\/#respond"]}]},{"@type":"WebPage","@id":"https:\/\/www.global-projects.es\/es\/encuentra-tu-estilo-con-global-projects\/","url":"https:\/\/www.global-projects.es\/es\/encuentra-tu-estilo-con-global-projects\/","name":"Encuentra tu estilo con Global Projects - Global Projects","isPartOf":{"@id":"https:\/\/www.global-projects.es\/es\/#website"},"primaryImageOfPage":{"@id":"https:\/\/www.global-projects.es\/es\/encuentra-tu-estilo-con-global-projects\/#primaryimage"},"image":{"@id":"https:\/\/www.global-projects.es\/es\/encuentra-tu-estilo-con-global-projects\/#primaryimage"},"thumbnailUrl":"https:\/\/www.global-projects.es\/wp-content\/uploads\/2019\/09\/Restaurante-Amarre-69-barceloneta-5.jpg","datePublished":"2012-06-15T11:29:47+00:00","author":{"@id":"https:\/\/www.global-projects.es\/es\/#\/schema\/person\/62ec8db1b3b6b0776dc86d00b37c57ff"},"breadcrumb":{"@id":"https:\/\/www.global-projects.es\/es\/encuentra-tu-estilo-con-global-projects\/#breadcrumb"},"inLanguage":"es","potentialAction":[{"@type":"ReadAction","target":["https:\/\/www.global-projects.es\/es\/encuentra-tu-estilo-con-global-projects\/"]}]},{"@type":"ImageObject","inLanguage":"es","@id":"https:\/\/www.global-projects.es\/es\/encuentra-tu-estilo-con-global-projects\/#primaryimage","url":"https:\/\/www.global-projects.es\/wp-content\/uploads\/2019\/09\/Restaurante-Amarre-69-barceloneta-5.jpg","contentUrl":"https:\/\/www.global-projects.es\/wp-content\/uploads\/2019\/09\/Restaurante-Amarre-69-barceloneta-5.jpg","width":1200,"height":815},{"@type":"BreadcrumbList","@id":"https:\/\/www.global-projects.es\/es\/encuentra-tu-estilo-con-global-projects\/#breadcrumb","itemListElement":[{"@type":"ListItem","position":1,"name":"Portada","item":"https:\/\/www.global-projects.es\/es\/"},{"@type":"ListItem","position":2,"name":"Encuentra tu estilo con Global Projects"}]},{"@type":"WebSite","@id":"https:\/\/www.global-projects.es\/es\/#website","url":"https:\/\/www.global-projects.es\/es\/","name":"Global Projects","description":"Reformas Integrales Barcelona","potentialAction":[{"@type":"SearchAction","target":{"@type":"EntryPoint","urlTemplate":"https:\/\/www.global-projects.es\/es\/?s={search_term_string}"},"query-input":{"@type":"PropertyValueSpecification","valueRequired":true,"valueName":"search_term_string"}}],"inLanguage":"es"},{"@type":"Person","@id":"https:\/\/www.global-projects.es\/es\/#\/schema\/person\/62ec8db1b3b6b0776dc86d00b37c57ff","name":"Global","url":"https:\/\/www.global-projects.es\/es\/author\/global\/"}]}},"_links":{"self":[{"href":"https:\/\/www.global-projects.es\/es\/wp-json\/wp\/v2\/posts\/3292","targetHints":{"allow":["GET"]}}],"collection":[{"href":"https:\/\/www.global-projects.es\/es\/wp-json\/wp\/v2\/posts"}],"about":[{"href":"https:\/\/www.global-projects.es\/es\/wp-json\/wp\/v2\/types\/post"}],"author":[{"embeddable":true,"href":"https:\/\/www.global-projects.es\/es\/wp-json\/wp\/v2\/users\/4"}],"replies":[{"embeddable":true,"href":"https:\/\/www.global-projects.es\/es\/wp-json\/wp\/v2\/comments?post=3292"}],"version-history":[{"count":0,"href":"https:\/\/www.global-projects.es\/es\/wp-json\/wp\/v2\/posts\/3292\/revisions"}],"wp:featuredmedia":[{"embeddable":true,"href":"https:\/\/www.global-projects.es\/es\/wp-json\/wp\/v2\/media\/1146"}],"wp:attachment":[{"href":"https:\/\/www.global-projects.es\/es\/wp-json\/wp\/v2\/media?parent=3292"}],"wp:term":[{"taxonomy":"category","embeddable":true,"href":"https:\/\/www.global-projects.es\/es\/wp-json\/wp\/v2\/categories?post=3292"},{"taxonomy":"post_tag","embeddable":true,"href":"https:\/\/www.global-projects.es\/es\/wp-json\/wp\/v2\/tags?post=3292"}],"curies":[{"name":"wp","href":"https:\/\/api.w.org\/{rel}","templated":true}]}}