{"id":3286,"date":"2012-05-24T09:52:29","date_gmt":"2012-05-24T09:52:29","guid":{"rendered":"http:\/\/www.global-projects.es\/blog\/?p=1072"},"modified":"2012-05-24T09:52:29","modified_gmt":"2012-05-24T09:52:29","slug":"escaleras-y-barandillas","status":"publish","type":"post","link":"https:\/\/www.global-projects.es\/es\/escaleras-y-barandillas\/","title":{"rendered":"Escaleras y Barandillas"},"content":{"rendered":"<p style=\"text-align: justify;\"><a href=\"https:\/\/www.global-projects.es\/blog\/wp-content\/uploads\/2012\/05\/11.jpg\"><br \/>\n<\/a>Si est\u00e1s pensando en hacer una<a title=\"reforma integral\" href=\"%20%20https:\/\/www.global-projects.es\/es\/servicios\/reformas-integrales.html\"> <strong>reforma integral<\/strong><\/a> de tu vivienda o un local comercial, etc, y est\u00e1s pensando en hacerla a dos niveles, tienes que tener muy presente el tipo de <strong>escalera y la barandilla<\/strong> que vas a dise\u00f1ar; ya que son unos elementos esenciales para una <a title=\"reforma integral \" href=\"%20%20https:\/\/www.global-projects.es\/es\/servicios\/reformas-integrales.html\"><strong>reforma integral<\/strong> <\/a>que deben estar integrados en el conjunto de la vivienda.<\/p>\n<p style=\"text-align: justify;\"><strong>Las barandillas<\/strong> son un elemento de seguridad primordial a la hora de dise\u00f1ar una escalera; debemos pensar en qu\u00e9 tipo de personas se van a desplazar por la escalera y despu\u00e9s pensar en el tipo de<strong> barandilla<\/strong> que podemos utilizar sin dejar de lado el dise\u00f1o y la innovaci\u00f3n. Normalmente, las medidas est\u00e1ndar de seguridad son de 90cm para una vivienda y m\u00e1s altas o dobles para los locales comerciales, lugares p\u00fablicos, colegios\u2026<\/p>\n<p style=\"text-align: center;\"><a href=\"https:\/\/www.global-projects.es\/blog\/wp-content\/uploads\/2012\/05\/11.jpg\"><img loading=\"lazy\" decoding=\"async\" class=\"aligncenter size-full wp-image-1073\" src=\"https:\/\/www.global-projects.es\/blog\/wp-content\/uploads\/2012\/05\/11.jpg\" alt=\"\" width=\"500\" height=\"400\" \/><\/a><\/p>\n<p style=\"text-align: center;\"><a href=\"https:\/\/www.global-projects.es\/blog\/wp-content\/uploads\/2012\/05\/21.jpg\"><img loading=\"lazy\" decoding=\"async\" class=\"aligncenter size-full wp-image-1074\" src=\"https:\/\/www.global-projects.es\/blog\/wp-content\/uploads\/2012\/05\/21.jpg\" alt=\"\" width=\"500\" height=\"400\" \/><\/a><\/p>\n<p style=\"text-align: center;\"><a href=\"https:\/\/www.global-projects.es\/blog\/wp-content\/uploads\/2012\/05\/32.jpg\"><img loading=\"lazy\" decoding=\"async\" class=\"aligncenter size-full wp-image-1075\" src=\"https:\/\/www.global-projects.es\/blog\/wp-content\/uploads\/2012\/05\/32.jpg\" alt=\"\" width=\"500\" height=\"400\" \/><\/a><\/p>\n<p style=\"text-align: center;\"><a href=\"https:\/\/www.global-projects.es\/blog\/wp-content\/uploads\/2012\/05\/4.jpg\"><img loading=\"lazy\" decoding=\"async\" class=\"aligncenter size-full wp-image-1076\" src=\"https:\/\/www.global-projects.es\/blog\/wp-content\/uploads\/2012\/05\/4.jpg\" alt=\"\" width=\"500\" height=\"400\" \/><\/a><\/p>\n<p style=\"text-align: justify;\">Las <strong>barandillas<\/strong> son un elemento de seguridad importante, pero tambi\u00e9n son un elemento clave en la integraci\u00f3n de un espacio. Dependiendo de nuestro <strong>dise\u00f1o<\/strong> podemos elegir entre diversas formas y materiales: madera, acero inoxidable, vidrio templado o cristal, por ejemplo.<\/p>\n<p style=\"text-align: justify;\">Desde <a title=\"Global Projects\" href=\"https:\/\/www.global-projects.es\/\"><strong>Global Projects<\/strong><\/a> te escuchamos y te proponemos soluciones a tus problemas. Nos dedicamos a las <strong><a title=\"reformas integrales\" href=\"  https:\/\/www.global-projects.es\/es\/servicios\/reformas-integrales.html\">reformas integrales<\/a>, <a title=\"reformas de fachadas\" href=\"https:\/\/www.global-projects.es\/es\/servicios\/rehabilitacion-fachadas.html\">reformas de fachadas<\/a>, <a title=\"reformas de ba\u00f1os\" href=\"https:\/\/www.global-projects.es\/es\/reformas-integrales\/reforma-banos.html\">reformas de ba\u00f1os<\/a> o <a title=\"reformas de cocina\" href=\"https:\/\/www.global-projects.es\/es\/reformas-integrales\/reforma-cocinas.html\">reformas de cocina<\/a><\/strong>, entre otras cosas.<\/p>\n<p style=\"text-align: justify;\"><strong>\u00a1<a title=\"Ven a conocernos\" href=\"https:\/\/www.global-projects.es\/es\/formulario.html\">Ven a conocernos<\/a> y te sorprenderemos!<\/strong><\/p>\n","protected":false},"excerpt":{"rendered":"<p>Si est\u00e1s pensando en hacer una reforma integral de tu vivienda o un local comercial, etc, y est\u00e1s pensando en hacerla a dos niveles, tienes que tener muy presente el tipo de escalera y la barandilla que vas a dise\u00f1ar; ya que son unos elementos esenciales para una reforma integral que deben estar integrados en [&hellip;]<\/p>\n","protected":false},"author":4,"featured_media":1073,"comment_status":"open","ping_status":"closed","sticky":false,"template":"","format":"standard","meta":{"_et_pb_use_builder":"","_et_pb_old_content":"","_et_gb_content_width":"","footnotes":""},"categories":[19,33,36,38,41],"tags":[105,198,216,233,237,238,239,240,241,242,243,23,244,24,245,25,246,83,247,101],"class_list":["post-3286","post","type-post","status-publish","format-standard","has-post-thumbnail","hentry","category-diseno-2","category-cocinas-modernas","category-interiorismo-2","category-banos-modernos","category-materiales","tag-reforma","tag-vivienda","tag-reformas-de-fachadas","tag-cristal","tag-barandilla","tag-elemento-de-seguridad","tag-escalera","tag-hogar","tag-integran-en-el-espacio","tag-local-comercial","tag-madera","tag-diseno-2","tag-reformar","tag-interiorismo-3","tag-reformas-de-banos-9","tag-reformas-integrales","tag-reformas-de-cocina","tag-acero-inoxidable","tag-vidrio-templado","tag-decoracion"],"yoast_head":"<!-- This site is optimized with the Yoast SEO plugin v27.5 - https:\/\/yoast.com\/product\/yoast-seo-wordpress\/ -->\n<title>Escaleras y Barandillas - Global Projects<\/title>\n<meta name=\"robots\" content=\"index, follow, max-snippet:-1, max-image-preview:large, max-video-preview:-1\" \/>\n<link rel=\"canonical\" href=\"https:\/\/www.global-projects.es\/es\/escaleras-y-barandillas\/\" \/>\n<meta property=\"og:locale\" content=\"es_ES\" \/>\n<meta property=\"og:type\" content=\"article\" \/>\n<meta property=\"og:title\" content=\"Escaleras y Barandillas - Global Projects\" \/>\n<meta property=\"og:description\" content=\"Si est\u00e1s pensando en hacer una reforma integral de tu vivienda o un local comercial, etc, y est\u00e1s pensando en hacerla a dos niveles, tienes que tener muy presente el tipo de escalera y la barandilla que vas a dise\u00f1ar; ya que son unos elementos esenciales para una reforma integral que deben estar integrados en [&hellip;]\" \/>\n<meta property=\"og:url\" content=\"https:\/\/www.global-projects.es\/es\/escaleras-y-barandillas\/\" \/>\n<meta property=\"og:site_name\" content=\"Global Projects\" \/>\n<meta property=\"article:publisher\" content=\"https:\/\/www.facebook.com\/gblprojects\" \/>\n<meta property=\"article:published_time\" content=\"2012-05-24T09:52:29+00:00\" \/>\n<meta name=\"author\" content=\"Global\" \/>\n<meta name=\"twitter:card\" content=\"summary_large_image\" \/>\n<meta name=\"twitter:creator\" content=\"@global_projects\" \/>\n<meta name=\"twitter:site\" content=\"@global_projects\" \/>\n<meta name=\"twitter:label1\" content=\"Escrito por\" \/>\n\t<meta name=\"twitter:data1\" content=\"Global\" \/>\n\t<meta name=\"twitter:label2\" content=\"Tiempo de lectura\" \/>\n\t<meta name=\"twitter:data2\" content=\"1 minuto\" \/>\n<script type=\"application\/ld+json\" class=\"yoast-schema-graph\">{\"@context\":\"https:\\\/\\\/schema.org\",\"@graph\":[{\"@type\":\"Article\",\"@id\":\"https:\\\/\\\/www.global-projects.es\\\/es\\\/escaleras-y-barandillas\\\/#article\",\"isPartOf\":{\"@id\":\"https:\\\/\\\/www.global-projects.es\\\/es\\\/escaleras-y-barandillas\\\/\"},\"author\":{\"name\":\"Global\",\"@id\":\"https:\\\/\\\/www.global-projects.es\\\/es\\\/#\\\/schema\\\/person\\\/62ec8db1b3b6b0776dc86d00b37c57ff\"},\"headline\":\"Escaleras y Barandillas\",\"datePublished\":\"2012-05-24T09:52:29+00:00\",\"mainEntityOfPage\":{\"@id\":\"https:\\\/\\\/www.global-projects.es\\\/es\\\/escaleras-y-barandillas\\\/\"},\"wordCount\":227,\"commentCount\":0,\"image\":{\"@id\":\"https:\\\/\\\/www.global-projects.es\\\/es\\\/escaleras-y-barandillas\\\/#primaryimage\"},\"thumbnailUrl\":\"\",\"keywords\":[\"reforma\",\"vivienda\",\"reformas de fachadas\",\"cristal\",\"barandilla\",\"elemento de seguridad\",\"escalera\",\"hogar\",\"integran en el espacio\",\"local comercial\",\"madera\",\"dise\u00f1o\",\"reformar\",\"interiorismo\",\"reformas de ba\u00f1os\",\"reformas integrales\",\"reformas de cocina\",\"acero inoxidable\",\"vidrio templado\",\"decoraci\u00f3n\"],\"articleSection\":[\"dise\u00f1o\",\"cocinas modernas\",\"Interiorismo\",\"Ba\u00f1os Modernos\",\"Materiales\"],\"inLanguage\":\"es\",\"potentialAction\":[{\"@type\":\"CommentAction\",\"name\":\"Comment\",\"target\":[\"https:\\\/\\\/www.global-projects.es\\\/es\\\/escaleras-y-barandillas\\\/#respond\"]}]},{\"@type\":\"WebPage\",\"@id\":\"https:\\\/\\\/www.global-projects.es\\\/es\\\/escaleras-y-barandillas\\\/\",\"url\":\"https:\\\/\\\/www.global-projects.es\\\/es\\\/escaleras-y-barandillas\\\/\",\"name\":\"Escaleras y Barandillas - Global Projects\",\"isPartOf\":{\"@id\":\"https:\\\/\\\/www.global-projects.es\\\/es\\\/#website\"},\"primaryImageOfPage\":{\"@id\":\"https:\\\/\\\/www.global-projects.es\\\/es\\\/escaleras-y-barandillas\\\/#primaryimage\"},\"image\":{\"@id\":\"https:\\\/\\\/www.global-projects.es\\\/es\\\/escaleras-y-barandillas\\\/#primaryimage\"},\"thumbnailUrl\":\"\",\"datePublished\":\"2012-05-24T09:52:29+00:00\",\"author\":{\"@id\":\"https:\\\/\\\/www.global-projects.es\\\/es\\\/#\\\/schema\\\/person\\\/62ec8db1b3b6b0776dc86d00b37c57ff\"},\"breadcrumb\":{\"@id\":\"https:\\\/\\\/www.global-projects.es\\\/es\\\/escaleras-y-barandillas\\\/#breadcrumb\"},\"inLanguage\":\"es\",\"potentialAction\":[{\"@type\":\"ReadAction\",\"target\":[\"https:\\\/\\\/www.global-projects.es\\\/es\\\/escaleras-y-barandillas\\\/\"]}]},{\"@type\":\"ImageObject\",\"inLanguage\":\"es\",\"@id\":\"https:\\\/\\\/www.global-projects.es\\\/es\\\/escaleras-y-barandillas\\\/#primaryimage\",\"url\":\"\",\"contentUrl\":\"\"},{\"@type\":\"BreadcrumbList\",\"@id\":\"https:\\\/\\\/www.global-projects.es\\\/es\\\/escaleras-y-barandillas\\\/#breadcrumb\",\"itemListElement\":[{\"@type\":\"ListItem\",\"position\":1,\"name\":\"Portada\",\"item\":\"https:\\\/\\\/www.global-projects.es\\\/es\\\/\"},{\"@type\":\"ListItem\",\"position\":2,\"name\":\"Escaleras y Barandillas\"}]},{\"@type\":\"WebSite\",\"@id\":\"https:\\\/\\\/www.global-projects.es\\\/es\\\/#website\",\"url\":\"https:\\\/\\\/www.global-projects.es\\\/es\\\/\",\"name\":\"Global Projects\",\"description\":\"Reformas Integrales Barcelona\",\"potentialAction\":[{\"@type\":\"SearchAction\",\"target\":{\"@type\":\"EntryPoint\",\"urlTemplate\":\"https:\\\/\\\/www.global-projects.es\\\/es\\\/?s={search_term_string}\"},\"query-input\":{\"@type\":\"PropertyValueSpecification\",\"valueRequired\":true,\"valueName\":\"search_term_string\"}}],\"inLanguage\":\"es\"},{\"@type\":\"Person\",\"@id\":\"https:\\\/\\\/www.global-projects.es\\\/es\\\/#\\\/schema\\\/person\\\/62ec8db1b3b6b0776dc86d00b37c57ff\",\"name\":\"Global\",\"url\":\"https:\\\/\\\/www.global-projects.es\\\/es\\\/author\\\/global\\\/\"}]}<\/script>\n<!-- \/ Yoast SEO plugin. -->","yoast_head_json":{"title":"Escaleras y Barandillas - Global Projects","robots":{"index":"index","follow":"follow","max-snippet":"max-snippet:-1","max-image-preview":"max-image-preview:large","max-video-preview":"max-video-preview:-1"},"canonical":"https:\/\/www.global-projects.es\/es\/escaleras-y-barandillas\/","og_locale":"es_ES","og_type":"article","og_title":"Escaleras y Barandillas - Global Projects","og_description":"Si est\u00e1s pensando en hacer una reforma integral de tu vivienda o un local comercial, etc, y est\u00e1s pensando en hacerla a dos niveles, tienes que tener muy presente el tipo de escalera y la barandilla que vas a dise\u00f1ar; ya que son unos elementos esenciales para una reforma integral que deben estar integrados en [&hellip;]","og_url":"https:\/\/www.global-projects.es\/es\/escaleras-y-barandillas\/","og_site_name":"Global Projects","article_publisher":"https:\/\/www.facebook.com\/gblprojects","article_published_time":"2012-05-24T09:52:29+00:00","author":"Global","twitter_card":"summary_large_image","twitter_creator":"@global_projects","twitter_site":"@global_projects","twitter_misc":{"Escrito por":"Global","Tiempo de lectura":"1 minuto"},"schema":{"@context":"https:\/\/schema.org","@graph":[{"@type":"Article","@id":"https:\/\/www.global-projects.es\/es\/escaleras-y-barandillas\/#article","isPartOf":{"@id":"https:\/\/www.global-projects.es\/es\/escaleras-y-barandillas\/"},"author":{"name":"Global","@id":"https:\/\/www.global-projects.es\/es\/#\/schema\/person\/62ec8db1b3b6b0776dc86d00b37c57ff"},"headline":"Escaleras y Barandillas","datePublished":"2012-05-24T09:52:29+00:00","mainEntityOfPage":{"@id":"https:\/\/www.global-projects.es\/es\/escaleras-y-barandillas\/"},"wordCount":227,"commentCount":0,"image":{"@id":"https:\/\/www.global-projects.es\/es\/escaleras-y-barandillas\/#primaryimage"},"thumbnailUrl":"","keywords":["reforma","vivienda","reformas de fachadas","cristal","barandilla","elemento de seguridad","escalera","hogar","integran en el espacio","local comercial","madera","dise\u00f1o","reformar","interiorismo","reformas de ba\u00f1os","reformas integrales","reformas de cocina","acero inoxidable","vidrio templado","decoraci\u00f3n"],"articleSection":["dise\u00f1o","cocinas modernas","Interiorismo","Ba\u00f1os Modernos","Materiales"],"inLanguage":"es","potentialAction":[{"@type":"CommentAction","name":"Comment","target":["https:\/\/www.global-projects.es\/es\/escaleras-y-barandillas\/#respond"]}]},{"@type":"WebPage","@id":"https:\/\/www.global-projects.es\/es\/escaleras-y-barandillas\/","url":"https:\/\/www.global-projects.es\/es\/escaleras-y-barandillas\/","name":"Escaleras y Barandillas - Global Projects","isPartOf":{"@id":"https:\/\/www.global-projects.es\/es\/#website"},"primaryImageOfPage":{"@id":"https:\/\/www.global-projects.es\/es\/escaleras-y-barandillas\/#primaryimage"},"image":{"@id":"https:\/\/www.global-projects.es\/es\/escaleras-y-barandillas\/#primaryimage"},"thumbnailUrl":"","datePublished":"2012-05-24T09:52:29+00:00","author":{"@id":"https:\/\/www.global-projects.es\/es\/#\/schema\/person\/62ec8db1b3b6b0776dc86d00b37c57ff"},"breadcrumb":{"@id":"https:\/\/www.global-projects.es\/es\/escaleras-y-barandillas\/#breadcrumb"},"inLanguage":"es","potentialAction":[{"@type":"ReadAction","target":["https:\/\/www.global-projects.es\/es\/escaleras-y-barandillas\/"]}]},{"@type":"ImageObject","inLanguage":"es","@id":"https:\/\/www.global-projects.es\/es\/escaleras-y-barandillas\/#primaryimage","url":"","contentUrl":""},{"@type":"BreadcrumbList","@id":"https:\/\/www.global-projects.es\/es\/escaleras-y-barandillas\/#breadcrumb","itemListElement":[{"@type":"ListItem","position":1,"name":"Portada","item":"https:\/\/www.global-projects.es\/es\/"},{"@type":"ListItem","position":2,"name":"Escaleras y Barandillas"}]},{"@type":"WebSite","@id":"https:\/\/www.global-projects.es\/es\/#website","url":"https:\/\/www.global-projects.es\/es\/","name":"Global Projects","description":"Reformas Integrales Barcelona","potentialAction":[{"@type":"SearchAction","target":{"@type":"EntryPoint","urlTemplate":"https:\/\/www.global-projects.es\/es\/?s={search_term_string}"},"query-input":{"@type":"PropertyValueSpecification","valueRequired":true,"valueName":"search_term_string"}}],"inLanguage":"es"},{"@type":"Person","@id":"https:\/\/www.global-projects.es\/es\/#\/schema\/person\/62ec8db1b3b6b0776dc86d00b37c57ff","name":"Global","url":"https:\/\/www.global-projects.es\/es\/author\/global\/"}]}},"_links":{"self":[{"href":"https:\/\/www.global-projects.es\/es\/wp-json\/wp\/v2\/posts\/3286","targetHints":{"allow":["GET"]}}],"collection":[{"href":"https:\/\/www.global-projects.es\/es\/wp-json\/wp\/v2\/posts"}],"about":[{"href":"https:\/\/www.global-projects.es\/es\/wp-json\/wp\/v2\/types\/post"}],"author":[{"embeddable":true,"href":"https:\/\/www.global-projects.es\/es\/wp-json\/wp\/v2\/users\/4"}],"replies":[{"embeddable":true,"href":"https:\/\/www.global-projects.es\/es\/wp-json\/wp\/v2\/comments?post=3286"}],"version-history":[{"count":0,"href":"https:\/\/www.global-projects.es\/es\/wp-json\/wp\/v2\/posts\/3286\/revisions"}],"wp:featuredmedia":[{"embeddable":true,"href":"https:\/\/www.global-projects.es\/es\/wp-json\/"}],"wp:attachment":[{"href":"https:\/\/www.global-projects.es\/es\/wp-json\/wp\/v2\/media?parent=3286"}],"wp:term":[{"taxonomy":"category","embeddable":true,"href":"https:\/\/www.global-projects.es\/es\/wp-json\/wp\/v2\/categories?post=3286"},{"taxonomy":"post_tag","embeddable":true,"href":"https:\/\/www.global-projects.es\/es\/wp-json\/wp\/v2\/tags?post=3286"}],"curies":[{"name":"wp","href":"https:\/\/api.w.org\/{rel}","templated":true}]}}