{"id":3272,"date":"2012-03-16T13:13:26","date_gmt":"2012-03-16T13:13:26","guid":{"rendered":"http:\/\/www.global-projects.es\/blog\/?p=922"},"modified":"2012-03-16T13:13:26","modified_gmt":"2012-03-16T13:13:26","slug":"original-cabinet-de-bd","status":"publish","type":"post","link":"https:\/\/www.global-projects.es\/es\/original-cabinet-de-bd\/","title":{"rendered":"Original Cabinet de BD"},"content":{"rendered":"<p style=\"text-align: justify;\">El dise\u00f1ador catal\u00e1n<strong> Mart\u00ed Guix\u00e9 <\/strong>ha creado el<strong> original Cabinet <\/strong>por la firma<strong> Barcelona Design.<\/strong><\/p>\n<p style=\"text-align: justify;\">El cabinet es un mueble modular multifuncional elaborado con cubos contenedores y tiene una funci\u00f3n din\u00e1mica gracias a que admite diferentes configuraciones. No hay duda de que el dise\u00f1ador es especialista en manejar conceptos abstractos.<\/p>\n<p style=\"text-align: justify;\">El <strong>Cabinet de BD<\/strong> se puede acoplar a la perfecci\u00f3n en un estudio o comedor, por eso si tienes en mente realizar una <a title=\"reformas-integrales\" href=\"https:\/\/www.global-projects.es\/es\/servicios\/reformas-integrales\"><strong>reforma<\/strong> <strong>integral en tu vivienda<\/strong><\/a> el dise\u00f1o de <strong>Mart\u00ed Guix\u00e9 <\/strong>puede resultar ser el mueble perfecto.<\/p>\n<p style=\"text-align: justify;\"><a href=\"https:\/\/www.global-projects.es\/blog\/wp-content\/uploads\/2012\/03\/free-port-1.jpg\"><img loading=\"lazy\" decoding=\"async\" class=\"aligncenter size-full wp-image-923\" title=\"reformas integrales barcelona\" src=\"https:\/\/www.global-projects.es\/blog\/wp-content\/uploads\/2012\/03\/free-port-1.jpg\" alt=\"\" width=\"500\" height=\"359\" \/><\/a><\/p>\n<p style=\"text-align: justify;\">En<strong> Global Projects <\/strong>somos especialistas en<strong> <a title=\"reformas-integrales\" href=\"http:\/\/www.imagotechnics.com\/es\/reformasintegrales.html\" target=\"_blank\" rel=\"noopener noreferrer\">reformas integrales <\/a><\/strong><a title=\"reformas-integrales\" href=\"http:\/\/www.imagotechnics.com\/es\/reformasintegrales.html\" target=\"_blank\" rel=\"noopener noreferrer\">de <strong>viviendas<\/strong><\/a>, en <strong><a title=\"reformar ba\u00f1os\" href=\"https:\/\/www.global-projects.es\/es\/reformas-integrales\/reforma-banos\" target=\"_blank\" rel=\"noopener noreferrer\">reformar ba\u00f1os<\/a>, <a title=\"reformar cocinas\" href=\"https:\/\/www.global-projects.es\/es\/reformas-integrales\/reforma-cocinas\" target=\"_blank\" rel=\"noopener noreferrer\">reformar cocinas<\/a><\/strong>, cambiar <strong>redes de saneamiento<\/strong>, <strong>instalaciones<\/strong>, en <strong><a title=\"reformas integrales\" href=\"https:\/\/www.global-projects.es\/es\/domotica\" target=\"_blank\" rel=\"noopener noreferrer\">adaptar pisos para discapacitados<\/a><\/strong> o cualquier clase de <strong>reforma<\/strong>. Ahora puede solicitar\u00a0<strong>presupuesto<\/strong> sin ning\u00fan tipo de compromiso <strong><a title=\"solicitar presupuesto\" href=\"https:\/\/www.global-projects.es\/es\/contacto\" target=\"_blank\" rel=\"noopener noreferrer\">aqu\u00ed<\/a><\/strong>. Nuestros profesionales quedan a su disposici\u00f3n.<\/p>\n<p style=\"text-align: justify;\"><a href=\"https:\/\/www.global-projects.es\/blog\/wp-content\/uploads\/2012\/03\/free-port-3.jpg\"><img loading=\"lazy\" decoding=\"async\" class=\"aligncenter size-full wp-image-924\" title=\"reformas integrales\" src=\"https:\/\/www.global-projects.es\/blog\/wp-content\/uploads\/2012\/03\/free-port-3.jpg\" alt=\"\" width=\"500\" height=\"312\" \/><\/a><a href=\"https:\/\/www.global-projects.es\/blog\/wp-content\/uploads\/2012\/03\/free-port-1.jpg\"><br \/>\n<\/a><\/p>\n","protected":false},"excerpt":{"rendered":"<p>El dise\u00f1ador catal\u00e1n Mart\u00ed Guix\u00e9 ha creado el original Cabinet por la firma Barcelona Design. El cabinet es un mueble modular multifuncional elaborado con cubos contenedores y tiene una funci\u00f3n din\u00e1mica gracias a que admite diferentes configuraciones. No hay duda de que el dise\u00f1ador es especialista en manejar conceptos abstractos. El Cabinet de BD se [&hellip;]<\/p>\n","protected":false},"author":4,"featured_media":923,"comment_status":"open","ping_status":"closed","sticky":false,"template":"","format":"standard","meta":{"_et_pb_use_builder":"","_et_pb_old_content":"","_et_gb_content_width":"","footnotes":""},"categories":[19,21,26,36,41],"tags":[25,37,118,157,162,163,181,182,183,184,185],"class_list":["post-3272","post","type-post","status-publish","format-standard","has-post-thumbnail","hentry","category-diseno-2","category-novedades","category-tiendas-y-revistas","category-interiorismo-2","category-materiales","tag-reformas-integrales","tag-reformas-integrales-barcelona","tag-reformas-cocinas","tag-reformar-cocina","tag-reformar-cocina-moderna","tag-reformar-vivienda-barcelona","tag-empresa-de-reformas","tag-reformas-bano-moderno","tag-reformas-viviendas","tag-rehabilitacion-fachada","tag-restauracion-fachadas"],"yoast_head":"<!-- This site is optimized with the Yoast SEO plugin v27.5 - https:\/\/yoast.com\/product\/yoast-seo-wordpress\/ -->\n<title>Original Cabinet de BD - Global Projects<\/title>\n<meta name=\"robots\" content=\"index, follow, max-snippet:-1, max-image-preview:large, max-video-preview:-1\" \/>\n<link rel=\"canonical\" href=\"https:\/\/www.global-projects.es\/es\/original-cabinet-de-bd\/\" \/>\n<meta property=\"og:locale\" content=\"es_ES\" \/>\n<meta property=\"og:type\" content=\"article\" \/>\n<meta property=\"og:title\" content=\"Original Cabinet de BD - Global Projects\" \/>\n<meta property=\"og:description\" content=\"El dise\u00f1ador catal\u00e1n Mart\u00ed Guix\u00e9 ha creado el original Cabinet por la firma Barcelona Design. El cabinet es un mueble modular multifuncional elaborado con cubos contenedores y tiene una funci\u00f3n din\u00e1mica gracias a que admite diferentes configuraciones. No hay duda de que el dise\u00f1ador es especialista en manejar conceptos abstractos. El Cabinet de BD se [&hellip;]\" \/>\n<meta property=\"og:url\" content=\"https:\/\/www.global-projects.es\/es\/original-cabinet-de-bd\/\" \/>\n<meta property=\"og:site_name\" content=\"Global Projects\" \/>\n<meta property=\"article:publisher\" content=\"https:\/\/www.facebook.com\/gblprojects\" \/>\n<meta property=\"article:published_time\" content=\"2012-03-16T13:13:26+00:00\" \/>\n<meta property=\"og:image\" content=\"https:\/\/www.global-projects.es\/wp-content\/uploads\/2019\/08\/Fraternitat-5.jpg\" \/>\n\t<meta property=\"og:image:width\" content=\"1080\" \/>\n\t<meta property=\"og:image:height\" content=\"675\" \/>\n\t<meta property=\"og:image:type\" content=\"image\/jpeg\" \/>\n<meta name=\"author\" content=\"Global\" \/>\n<meta name=\"twitter:card\" content=\"summary_large_image\" \/>\n<meta name=\"twitter:creator\" content=\"@global_projects\" \/>\n<meta name=\"twitter:site\" content=\"@global_projects\" \/>\n<meta name=\"twitter:label1\" content=\"Escrito por\" \/>\n\t<meta name=\"twitter:data1\" content=\"Global\" \/>\n\t<meta name=\"twitter:label2\" content=\"Tiempo de lectura\" \/>\n\t<meta name=\"twitter:data2\" content=\"1 minuto\" \/>\n<script type=\"application\/ld+json\" class=\"yoast-schema-graph\">{\"@context\":\"https:\\\/\\\/schema.org\",\"@graph\":[{\"@type\":\"Article\",\"@id\":\"https:\\\/\\\/www.global-projects.es\\\/es\\\/original-cabinet-de-bd\\\/#article\",\"isPartOf\":{\"@id\":\"https:\\\/\\\/www.global-projects.es\\\/es\\\/original-cabinet-de-bd\\\/\"},\"author\":{\"name\":\"Global\",\"@id\":\"https:\\\/\\\/www.global-projects.es\\\/es\\\/#\\\/schema\\\/person\\\/62ec8db1b3b6b0776dc86d00b37c57ff\"},\"headline\":\"Original Cabinet de BD\",\"datePublished\":\"2012-03-16T13:13:26+00:00\",\"mainEntityOfPage\":{\"@id\":\"https:\\\/\\\/www.global-projects.es\\\/es\\\/original-cabinet-de-bd\\\/\"},\"wordCount\":149,\"commentCount\":0,\"image\":{\"@id\":\"https:\\\/\\\/www.global-projects.es\\\/es\\\/original-cabinet-de-bd\\\/#primaryimage\"},\"thumbnailUrl\":\"https:\\\/\\\/www.global-projects.es\\\/wp-content\\\/uploads\\\/2019\\\/08\\\/Fraternitat-5.jpg\",\"keywords\":[\"reformas integrales\",\"reformas integrales barcelona\",\"reformas cocinas\",\"reformar cocina\",\"reformar cocina moderna\",\"reformar vivienda barcelona\",\"empresa de reformas\",\"reformas ba\u00f1o moderno\",\"reformas viviendas\",\"rehabilitaci\u00f3n fachada\",\"restauraci\u00f3n fachadas\"],\"articleSection\":[\"dise\u00f1o\",\"novedades\",\"Tiendas y revistas\",\"Interiorismo\",\"Materiales\"],\"inLanguage\":\"es\",\"potentialAction\":[{\"@type\":\"CommentAction\",\"name\":\"Comment\",\"target\":[\"https:\\\/\\\/www.global-projects.es\\\/es\\\/original-cabinet-de-bd\\\/#respond\"]}]},{\"@type\":\"WebPage\",\"@id\":\"https:\\\/\\\/www.global-projects.es\\\/es\\\/original-cabinet-de-bd\\\/\",\"url\":\"https:\\\/\\\/www.global-projects.es\\\/es\\\/original-cabinet-de-bd\\\/\",\"name\":\"Original Cabinet de BD - Global Projects\",\"isPartOf\":{\"@id\":\"https:\\\/\\\/www.global-projects.es\\\/es\\\/#website\"},\"primaryImageOfPage\":{\"@id\":\"https:\\\/\\\/www.global-projects.es\\\/es\\\/original-cabinet-de-bd\\\/#primaryimage\"},\"image\":{\"@id\":\"https:\\\/\\\/www.global-projects.es\\\/es\\\/original-cabinet-de-bd\\\/#primaryimage\"},\"thumbnailUrl\":\"https:\\\/\\\/www.global-projects.es\\\/wp-content\\\/uploads\\\/2019\\\/08\\\/Fraternitat-5.jpg\",\"datePublished\":\"2012-03-16T13:13:26+00:00\",\"author\":{\"@id\":\"https:\\\/\\\/www.global-projects.es\\\/es\\\/#\\\/schema\\\/person\\\/62ec8db1b3b6b0776dc86d00b37c57ff\"},\"breadcrumb\":{\"@id\":\"https:\\\/\\\/www.global-projects.es\\\/es\\\/original-cabinet-de-bd\\\/#breadcrumb\"},\"inLanguage\":\"es\",\"potentialAction\":[{\"@type\":\"ReadAction\",\"target\":[\"https:\\\/\\\/www.global-projects.es\\\/es\\\/original-cabinet-de-bd\\\/\"]}]},{\"@type\":\"ImageObject\",\"inLanguage\":\"es\",\"@id\":\"https:\\\/\\\/www.global-projects.es\\\/es\\\/original-cabinet-de-bd\\\/#primaryimage\",\"url\":\"https:\\\/\\\/www.global-projects.es\\\/wp-content\\\/uploads\\\/2019\\\/08\\\/Fraternitat-5.jpg\",\"contentUrl\":\"https:\\\/\\\/www.global-projects.es\\\/wp-content\\\/uploads\\\/2019\\\/08\\\/Fraternitat-5.jpg\",\"width\":1080,\"height\":675},{\"@type\":\"BreadcrumbList\",\"@id\":\"https:\\\/\\\/www.global-projects.es\\\/es\\\/original-cabinet-de-bd\\\/#breadcrumb\",\"itemListElement\":[{\"@type\":\"ListItem\",\"position\":1,\"name\":\"Portada\",\"item\":\"https:\\\/\\\/www.global-projects.es\\\/es\\\/\"},{\"@type\":\"ListItem\",\"position\":2,\"name\":\"Original Cabinet de BD\"}]},{\"@type\":\"WebSite\",\"@id\":\"https:\\\/\\\/www.global-projects.es\\\/es\\\/#website\",\"url\":\"https:\\\/\\\/www.global-projects.es\\\/es\\\/\",\"name\":\"Global Projects\",\"description\":\"Reformas Integrales Barcelona\",\"potentialAction\":[{\"@type\":\"SearchAction\",\"target\":{\"@type\":\"EntryPoint\",\"urlTemplate\":\"https:\\\/\\\/www.global-projects.es\\\/es\\\/?s={search_term_string}\"},\"query-input\":{\"@type\":\"PropertyValueSpecification\",\"valueRequired\":true,\"valueName\":\"search_term_string\"}}],\"inLanguage\":\"es\"},{\"@type\":\"Person\",\"@id\":\"https:\\\/\\\/www.global-projects.es\\\/es\\\/#\\\/schema\\\/person\\\/62ec8db1b3b6b0776dc86d00b37c57ff\",\"name\":\"Global\",\"url\":\"https:\\\/\\\/www.global-projects.es\\\/es\\\/author\\\/global\\\/\"}]}<\/script>\n<!-- \/ Yoast SEO plugin. -->","yoast_head_json":{"title":"Original Cabinet de BD - Global Projects","robots":{"index":"index","follow":"follow","max-snippet":"max-snippet:-1","max-image-preview":"max-image-preview:large","max-video-preview":"max-video-preview:-1"},"canonical":"https:\/\/www.global-projects.es\/es\/original-cabinet-de-bd\/","og_locale":"es_ES","og_type":"article","og_title":"Original Cabinet de BD - Global Projects","og_description":"El dise\u00f1ador catal\u00e1n Mart\u00ed Guix\u00e9 ha creado el original Cabinet por la firma Barcelona Design. El cabinet es un mueble modular multifuncional elaborado con cubos contenedores y tiene una funci\u00f3n din\u00e1mica gracias a que admite diferentes configuraciones. No hay duda de que el dise\u00f1ador es especialista en manejar conceptos abstractos. El Cabinet de BD se [&hellip;]","og_url":"https:\/\/www.global-projects.es\/es\/original-cabinet-de-bd\/","og_site_name":"Global Projects","article_publisher":"https:\/\/www.facebook.com\/gblprojects","article_published_time":"2012-03-16T13:13:26+00:00","og_image":[{"width":1080,"height":675,"url":"https:\/\/www.global-projects.es\/wp-content\/uploads\/2019\/08\/Fraternitat-5.jpg","type":"image\/jpeg"}],"author":"Global","twitter_card":"summary_large_image","twitter_creator":"@global_projects","twitter_site":"@global_projects","twitter_misc":{"Escrito por":"Global","Tiempo de lectura":"1 minuto"},"schema":{"@context":"https:\/\/schema.org","@graph":[{"@type":"Article","@id":"https:\/\/www.global-projects.es\/es\/original-cabinet-de-bd\/#article","isPartOf":{"@id":"https:\/\/www.global-projects.es\/es\/original-cabinet-de-bd\/"},"author":{"name":"Global","@id":"https:\/\/www.global-projects.es\/es\/#\/schema\/person\/62ec8db1b3b6b0776dc86d00b37c57ff"},"headline":"Original Cabinet de BD","datePublished":"2012-03-16T13:13:26+00:00","mainEntityOfPage":{"@id":"https:\/\/www.global-projects.es\/es\/original-cabinet-de-bd\/"},"wordCount":149,"commentCount":0,"image":{"@id":"https:\/\/www.global-projects.es\/es\/original-cabinet-de-bd\/#primaryimage"},"thumbnailUrl":"https:\/\/www.global-projects.es\/wp-content\/uploads\/2019\/08\/Fraternitat-5.jpg","keywords":["reformas integrales","reformas integrales barcelona","reformas cocinas","reformar cocina","reformar cocina moderna","reformar vivienda barcelona","empresa de reformas","reformas ba\u00f1o moderno","reformas viviendas","rehabilitaci\u00f3n fachada","restauraci\u00f3n fachadas"],"articleSection":["dise\u00f1o","novedades","Tiendas y revistas","Interiorismo","Materiales"],"inLanguage":"es","potentialAction":[{"@type":"CommentAction","name":"Comment","target":["https:\/\/www.global-projects.es\/es\/original-cabinet-de-bd\/#respond"]}]},{"@type":"WebPage","@id":"https:\/\/www.global-projects.es\/es\/original-cabinet-de-bd\/","url":"https:\/\/www.global-projects.es\/es\/original-cabinet-de-bd\/","name":"Original Cabinet de BD - Global Projects","isPartOf":{"@id":"https:\/\/www.global-projects.es\/es\/#website"},"primaryImageOfPage":{"@id":"https:\/\/www.global-projects.es\/es\/original-cabinet-de-bd\/#primaryimage"},"image":{"@id":"https:\/\/www.global-projects.es\/es\/original-cabinet-de-bd\/#primaryimage"},"thumbnailUrl":"https:\/\/www.global-projects.es\/wp-content\/uploads\/2019\/08\/Fraternitat-5.jpg","datePublished":"2012-03-16T13:13:26+00:00","author":{"@id":"https:\/\/www.global-projects.es\/es\/#\/schema\/person\/62ec8db1b3b6b0776dc86d00b37c57ff"},"breadcrumb":{"@id":"https:\/\/www.global-projects.es\/es\/original-cabinet-de-bd\/#breadcrumb"},"inLanguage":"es","potentialAction":[{"@type":"ReadAction","target":["https:\/\/www.global-projects.es\/es\/original-cabinet-de-bd\/"]}]},{"@type":"ImageObject","inLanguage":"es","@id":"https:\/\/www.global-projects.es\/es\/original-cabinet-de-bd\/#primaryimage","url":"https:\/\/www.global-projects.es\/wp-content\/uploads\/2019\/08\/Fraternitat-5.jpg","contentUrl":"https:\/\/www.global-projects.es\/wp-content\/uploads\/2019\/08\/Fraternitat-5.jpg","width":1080,"height":675},{"@type":"BreadcrumbList","@id":"https:\/\/www.global-projects.es\/es\/original-cabinet-de-bd\/#breadcrumb","itemListElement":[{"@type":"ListItem","position":1,"name":"Portada","item":"https:\/\/www.global-projects.es\/es\/"},{"@type":"ListItem","position":2,"name":"Original Cabinet de BD"}]},{"@type":"WebSite","@id":"https:\/\/www.global-projects.es\/es\/#website","url":"https:\/\/www.global-projects.es\/es\/","name":"Global Projects","description":"Reformas Integrales Barcelona","potentialAction":[{"@type":"SearchAction","target":{"@type":"EntryPoint","urlTemplate":"https:\/\/www.global-projects.es\/es\/?s={search_term_string}"},"query-input":{"@type":"PropertyValueSpecification","valueRequired":true,"valueName":"search_term_string"}}],"inLanguage":"es"},{"@type":"Person","@id":"https:\/\/www.global-projects.es\/es\/#\/schema\/person\/62ec8db1b3b6b0776dc86d00b37c57ff","name":"Global","url":"https:\/\/www.global-projects.es\/es\/author\/global\/"}]}},"_links":{"self":[{"href":"https:\/\/www.global-projects.es\/es\/wp-json\/wp\/v2\/posts\/3272","targetHints":{"allow":["GET"]}}],"collection":[{"href":"https:\/\/www.global-projects.es\/es\/wp-json\/wp\/v2\/posts"}],"about":[{"href":"https:\/\/www.global-projects.es\/es\/wp-json\/wp\/v2\/types\/post"}],"author":[{"embeddable":true,"href":"https:\/\/www.global-projects.es\/es\/wp-json\/wp\/v2\/users\/4"}],"replies":[{"embeddable":true,"href":"https:\/\/www.global-projects.es\/es\/wp-json\/wp\/v2\/comments?post=3272"}],"version-history":[{"count":0,"href":"https:\/\/www.global-projects.es\/es\/wp-json\/wp\/v2\/posts\/3272\/revisions"}],"wp:featuredmedia":[{"embeddable":true,"href":"https:\/\/www.global-projects.es\/es\/wp-json\/wp\/v2\/media\/923"}],"wp:attachment":[{"href":"https:\/\/www.global-projects.es\/es\/wp-json\/wp\/v2\/media?parent=3272"}],"wp:term":[{"taxonomy":"category","embeddable":true,"href":"https:\/\/www.global-projects.es\/es\/wp-json\/wp\/v2\/categories?post=3272"},{"taxonomy":"post_tag","embeddable":true,"href":"https:\/\/www.global-projects.es\/es\/wp-json\/wp\/v2\/tags?post=3272"}],"curies":[{"name":"wp","href":"https:\/\/api.w.org\/{rel}","templated":true}]}}