{"id":3269,"date":"2012-03-09T10:03:29","date_gmt":"2012-03-09T09:03:29","guid":{"rendered":"http:\/\/www.global-projects.es\/blog\/?p=896"},"modified":"2012-03-09T10:03:29","modified_gmt":"2012-03-09T09:03:29","slug":"reformas-integrales-de-terrazas","status":"publish","type":"post","link":"https:\/\/www.global-projects.es\/es\/reformas-integrales-de-terrazas\/","title":{"rendered":"Reformas Integrales de Terrazas"},"content":{"rendered":"<p style=\"text-align: justify;\">Se acerca el buen tiempo y siempre viene de gusto que nos toque un poco el aire\u00a0 y sobretodo el sol. \u00a1Y\u2026 qu\u00e9 mejor que desayunar en la terraza, balc\u00f3n o patio con el cielo despejado y con un hermoso sol!<\/p>\n<p style=\"text-align: center;\"><a href=\"https:\/\/www.global-projects.es\/blog\/wp-content\/uploads\/2012\/03\/terrazza1.jpg\"><img loading=\"lazy\" decoding=\"async\" class=\"aligncenter size-full wp-image-897\" title=\"\" src=\"https:\/\/www.global-projects.es\/blog\/wp-content\/uploads\/2012\/03\/terrazza1.jpg\" alt=\"\" width=\"600\" height=\"460\" \/><\/a><\/p>\n<p style=\"text-align: justify;\">\u00a0Es importante pues que vayamos preparando las <strong>terrazas<\/strong> y las acondicionemos para poder disfrutar al m\u00e1ximo los d\u00edas primaverales que se acercan. En <strong><a title=\"Global Projects\" href=\"https:\/\/www.global-projects.es\/\">Global Projects<\/a> <\/strong>somos especialistas en <a title=\"reformas integrales\" href=\"https:\/\/www.global-projects.es\/es\/servicios\/reformas-integrales\"><strong>reformas integrales<\/strong><\/a> y en <strong>reformar terrazas<\/strong>.<\/p>\n<p style=\"text-align: justify;\"><strong>\u00a0<\/strong>Por razones climatol\u00f3gicas, las partes exteriores de nuestra vivienda sufren fisuras y humedades as\u00ed que es recomendable realizar un revestimiento de las paredes y tapar grietas.<\/p>\n<p style=\"text-align: justify;\">\u00a0El <strong>revestimiento de paredes<\/strong> que tenemos que aplicar al <strong>reformar la terraza<\/strong> debe ser un <strong>revestimiento de exterior<\/strong> y de calidad. Si el revestimiento consiste en aplicar pintura este debe ser exterior mientras que los <strong>pavimentos de exterior<\/strong> m\u00e1s recomendables son los cer\u00e1micos donde podemos encontrar una gran variedad de acabados y de calidades.<\/p>\n<p style=\"text-align: center;\"><a href=\"https:\/\/www.global-projects.es\/blog\/wp-content\/uploads\/2012\/03\/terrazza2.jpg\"><img loading=\"lazy\" decoding=\"async\" class=\"aligncenter size-full wp-image-898\" title=\"\" src=\"https:\/\/www.global-projects.es\/blog\/wp-content\/uploads\/2012\/03\/terrazza2.jpg\" alt=\"\" width=\"603\" height=\"402\" \/><\/a><\/p>\n<p style=\"text-align: center;\"><a href=\"https:\/\/www.global-projects.es\/blog\/wp-content\/uploads\/2012\/03\/terrazza1.jpg\"><img loading=\"lazy\" decoding=\"async\" class=\"aligncenter size-full wp-image-897\" title=\"\" src=\"https:\/\/www.global-projects.es\/blog\/wp-content\/uploads\/2012\/03\/terrazza1.jpg\" alt=\"\" width=\"600\" height=\"460\" \/><\/a><\/p>\n<p style=\"text-align: justify;\">\u00a0En <a title=\"Global Projects\" href=\"https:\/\/www.global-projects.es\/\"><strong>Global Projects<\/strong><\/a> somos una empresa especialista en <a title=\"reformas integrales\" href=\"https:\/\/www.global-projects.es\/es\/servicios\/reformas-integrales\"><strong>reformas integrales<\/strong><\/a>, <a title=\"rehabilitaci\u00f3n de fachadas\" href=\"https:\/\/www.global-projects.es\/es\/servicios\/rehabilitacion-fachadas\"><strong>rehabilitaci\u00f3n de fachadas<\/strong><\/a>, <strong>reformar cocinas<\/strong>, <strong>reformar ba\u00f1os<\/strong> etc. Si lo requiere puede pedir un <a title=\"presupuesto de forma completamente gratuita\" href=\"https:\/\/www.global-projects.es\/es\/contacto\"><strong>presupuesto de forma completamente gratuita<\/strong><\/a>, sin ning\u00fan tipo de compromiso, clicando <a title=\"aqu\u00ed\" href=\"https:\/\/www.global-projects.es\/es\/contacto\"><strong>aqu\u00ed<\/strong><\/a>.<\/p>\n","protected":false},"excerpt":{"rendered":"<p>Se acerca el buen tiempo y siempre viene de gusto que nos toque un poco el aire\u00a0 y sobretodo el sol. \u00a1Y\u2026 qu\u00e9 mejor que desayunar en la terraza, balc\u00f3n o patio con el cielo despejado y con un hermoso sol! \u00a0Es importante pues que vayamos preparando las terrazas y las acondicionemos para poder disfrutar [&hellip;]<\/p>\n","protected":false},"author":4,"featured_media":897,"comment_status":"open","ping_status":"closed","sticky":false,"template":"","format":"standard","meta":{"_et_pb_use_builder":"","_et_pb_old_content":"","_et_gb_content_width":"","footnotes":""},"categories":[19],"tags":[163,181,182,183,184,185,191,25,37,118,157,162],"class_list":["post-3269","post","type-post","status-publish","format-standard","has-post-thumbnail","hentry","category-diseno-2","tag-reformar-vivienda-barcelona","tag-empresa-de-reformas","tag-reformas-bano-moderno","tag-reformas-viviendas","tag-rehabilitacion-fachada","tag-restauracion-fachadas","tag-reformas-integrales-sant-gervasi","tag-reformas-integrales","tag-reformas-integrales-barcelona","tag-reformas-cocinas","tag-reformar-cocina","tag-reformar-cocina-moderna"],"yoast_head":"<!-- This site is optimized with the Yoast SEO plugin v27.5 - https:\/\/yoast.com\/product\/yoast-seo-wordpress\/ -->\n<title>Reformas Integrales de Terrazas - Global Projects<\/title>\n<meta name=\"robots\" content=\"index, follow, max-snippet:-1, max-image-preview:large, max-video-preview:-1\" \/>\n<link rel=\"canonical\" href=\"https:\/\/www.global-projects.es\/es\/reformas-integrales-de-terrazas\/\" \/>\n<meta property=\"og:locale\" content=\"es_ES\" \/>\n<meta property=\"og:type\" content=\"article\" \/>\n<meta property=\"og:title\" content=\"Reformas Integrales de Terrazas - Global Projects\" \/>\n<meta property=\"og:description\" content=\"Se acerca el buen tiempo y siempre viene de gusto que nos toque un poco el aire\u00a0 y sobretodo el sol. \u00a1Y\u2026 qu\u00e9 mejor que desayunar en la terraza, balc\u00f3n o patio con el cielo despejado y con un hermoso sol! \u00a0Es importante pues que vayamos preparando las terrazas y las acondicionemos para poder disfrutar [&hellip;]\" \/>\n<meta property=\"og:url\" content=\"https:\/\/www.global-projects.es\/es\/reformas-integrales-de-terrazas\/\" \/>\n<meta property=\"og:site_name\" content=\"Global Projects\" \/>\n<meta property=\"article:publisher\" content=\"https:\/\/www.facebook.com\/gblprojects\" \/>\n<meta property=\"article:published_time\" content=\"2012-03-09T09:03:29+00:00\" \/>\n<meta property=\"og:image\" content=\"https:\/\/www.global-projects.es\/wp-content\/uploads\/2019\/08\/Reforma-LC-Gr\u00e0cia-1.jpg\" \/>\n\t<meta property=\"og:image:width\" content=\"1200\" \/>\n\t<meta property=\"og:image:height\" content=\"800\" \/>\n\t<meta property=\"og:image:type\" content=\"image\/jpeg\" \/>\n<meta name=\"author\" content=\"Global\" \/>\n<meta name=\"twitter:card\" content=\"summary_large_image\" \/>\n<meta name=\"twitter:creator\" content=\"@global_projects\" \/>\n<meta name=\"twitter:site\" content=\"@global_projects\" \/>\n<meta name=\"twitter:label1\" content=\"Escrito por\" \/>\n\t<meta name=\"twitter:data1\" content=\"Global\" \/>\n\t<meta name=\"twitter:label2\" content=\"Tiempo de lectura\" \/>\n\t<meta name=\"twitter:data2\" content=\"1 minuto\" \/>\n<script type=\"application\/ld+json\" class=\"yoast-schema-graph\">{\"@context\":\"https:\\\/\\\/schema.org\",\"@graph\":[{\"@type\":\"Article\",\"@id\":\"https:\\\/\\\/www.global-projects.es\\\/es\\\/reformas-integrales-de-terrazas\\\/#article\",\"isPartOf\":{\"@id\":\"https:\\\/\\\/www.global-projects.es\\\/es\\\/reformas-integrales-de-terrazas\\\/\"},\"author\":{\"name\":\"Global\",\"@id\":\"https:\\\/\\\/www.global-projects.es\\\/es\\\/#\\\/schema\\\/person\\\/62ec8db1b3b6b0776dc86d00b37c57ff\"},\"headline\":\"Reformas Integrales de Terrazas\",\"datePublished\":\"2012-03-09T09:03:29+00:00\",\"mainEntityOfPage\":{\"@id\":\"https:\\\/\\\/www.global-projects.es\\\/es\\\/reformas-integrales-de-terrazas\\\/\"},\"wordCount\":204,\"commentCount\":0,\"image\":{\"@id\":\"https:\\\/\\\/www.global-projects.es\\\/es\\\/reformas-integrales-de-terrazas\\\/#primaryimage\"},\"thumbnailUrl\":\"https:\\\/\\\/www.global-projects.es\\\/wp-content\\\/uploads\\\/2019\\\/08\\\/Reforma-LC-Gr\u00e0cia-1.jpg\",\"keywords\":[\"reformar vivienda barcelona\",\"empresa de reformas\",\"reformas ba\u00f1o moderno\",\"reformas viviendas\",\"rehabilitaci\u00f3n fachada\",\"restauraci\u00f3n fachadas\",\"reformas integrales sant gervasi\",\"reformas integrales\",\"reformas integrales barcelona\",\"reformas cocinas\",\"reformar cocina\",\"reformar cocina moderna\"],\"articleSection\":[\"dise\u00f1o\"],\"inLanguage\":\"es\",\"potentialAction\":[{\"@type\":\"CommentAction\",\"name\":\"Comment\",\"target\":[\"https:\\\/\\\/www.global-projects.es\\\/es\\\/reformas-integrales-de-terrazas\\\/#respond\"]}]},{\"@type\":\"WebPage\",\"@id\":\"https:\\\/\\\/www.global-projects.es\\\/es\\\/reformas-integrales-de-terrazas\\\/\",\"url\":\"https:\\\/\\\/www.global-projects.es\\\/es\\\/reformas-integrales-de-terrazas\\\/\",\"name\":\"Reformas Integrales de Terrazas - Global Projects\",\"isPartOf\":{\"@id\":\"https:\\\/\\\/www.global-projects.es\\\/es\\\/#website\"},\"primaryImageOfPage\":{\"@id\":\"https:\\\/\\\/www.global-projects.es\\\/es\\\/reformas-integrales-de-terrazas\\\/#primaryimage\"},\"image\":{\"@id\":\"https:\\\/\\\/www.global-projects.es\\\/es\\\/reformas-integrales-de-terrazas\\\/#primaryimage\"},\"thumbnailUrl\":\"https:\\\/\\\/www.global-projects.es\\\/wp-content\\\/uploads\\\/2019\\\/08\\\/Reforma-LC-Gr\u00e0cia-1.jpg\",\"datePublished\":\"2012-03-09T09:03:29+00:00\",\"author\":{\"@id\":\"https:\\\/\\\/www.global-projects.es\\\/es\\\/#\\\/schema\\\/person\\\/62ec8db1b3b6b0776dc86d00b37c57ff\"},\"breadcrumb\":{\"@id\":\"https:\\\/\\\/www.global-projects.es\\\/es\\\/reformas-integrales-de-terrazas\\\/#breadcrumb\"},\"inLanguage\":\"es\",\"potentialAction\":[{\"@type\":\"ReadAction\",\"target\":[\"https:\\\/\\\/www.global-projects.es\\\/es\\\/reformas-integrales-de-terrazas\\\/\"]}]},{\"@type\":\"ImageObject\",\"inLanguage\":\"es\",\"@id\":\"https:\\\/\\\/www.global-projects.es\\\/es\\\/reformas-integrales-de-terrazas\\\/#primaryimage\",\"url\":\"https:\\\/\\\/www.global-projects.es\\\/wp-content\\\/uploads\\\/2019\\\/08\\\/Reforma-LC-Gr\u00e0cia-1.jpg\",\"contentUrl\":\"https:\\\/\\\/www.global-projects.es\\\/wp-content\\\/uploads\\\/2019\\\/08\\\/Reforma-LC-Gr\u00e0cia-1.jpg\",\"width\":1200,\"height\":800},{\"@type\":\"BreadcrumbList\",\"@id\":\"https:\\\/\\\/www.global-projects.es\\\/es\\\/reformas-integrales-de-terrazas\\\/#breadcrumb\",\"itemListElement\":[{\"@type\":\"ListItem\",\"position\":1,\"name\":\"Portada\",\"item\":\"https:\\\/\\\/www.global-projects.es\\\/es\\\/\"},{\"@type\":\"ListItem\",\"position\":2,\"name\":\"Reformas Integrales de Terrazas\"}]},{\"@type\":\"WebSite\",\"@id\":\"https:\\\/\\\/www.global-projects.es\\\/es\\\/#website\",\"url\":\"https:\\\/\\\/www.global-projects.es\\\/es\\\/\",\"name\":\"Global Projects\",\"description\":\"Reformas Integrales Barcelona\",\"potentialAction\":[{\"@type\":\"SearchAction\",\"target\":{\"@type\":\"EntryPoint\",\"urlTemplate\":\"https:\\\/\\\/www.global-projects.es\\\/es\\\/?s={search_term_string}\"},\"query-input\":{\"@type\":\"PropertyValueSpecification\",\"valueRequired\":true,\"valueName\":\"search_term_string\"}}],\"inLanguage\":\"es\"},{\"@type\":\"Person\",\"@id\":\"https:\\\/\\\/www.global-projects.es\\\/es\\\/#\\\/schema\\\/person\\\/62ec8db1b3b6b0776dc86d00b37c57ff\",\"name\":\"Global\",\"url\":\"https:\\\/\\\/www.global-projects.es\\\/es\\\/author\\\/global\\\/\"}]}<\/script>\n<!-- \/ Yoast SEO plugin. -->","yoast_head_json":{"title":"Reformas Integrales de Terrazas - Global Projects","robots":{"index":"index","follow":"follow","max-snippet":"max-snippet:-1","max-image-preview":"max-image-preview:large","max-video-preview":"max-video-preview:-1"},"canonical":"https:\/\/www.global-projects.es\/es\/reformas-integrales-de-terrazas\/","og_locale":"es_ES","og_type":"article","og_title":"Reformas Integrales de Terrazas - Global Projects","og_description":"Se acerca el buen tiempo y siempre viene de gusto que nos toque un poco el aire\u00a0 y sobretodo el sol. \u00a1Y\u2026 qu\u00e9 mejor que desayunar en la terraza, balc\u00f3n o patio con el cielo despejado y con un hermoso sol! \u00a0Es importante pues que vayamos preparando las terrazas y las acondicionemos para poder disfrutar [&hellip;]","og_url":"https:\/\/www.global-projects.es\/es\/reformas-integrales-de-terrazas\/","og_site_name":"Global Projects","article_publisher":"https:\/\/www.facebook.com\/gblprojects","article_published_time":"2012-03-09T09:03:29+00:00","og_image":[{"width":1200,"height":800,"url":"https:\/\/www.global-projects.es\/wp-content\/uploads\/2019\/08\/Reforma-LC-Gr\u00e0cia-1.jpg","type":"image\/jpeg"}],"author":"Global","twitter_card":"summary_large_image","twitter_creator":"@global_projects","twitter_site":"@global_projects","twitter_misc":{"Escrito por":"Global","Tiempo de lectura":"1 minuto"},"schema":{"@context":"https:\/\/schema.org","@graph":[{"@type":"Article","@id":"https:\/\/www.global-projects.es\/es\/reformas-integrales-de-terrazas\/#article","isPartOf":{"@id":"https:\/\/www.global-projects.es\/es\/reformas-integrales-de-terrazas\/"},"author":{"name":"Global","@id":"https:\/\/www.global-projects.es\/es\/#\/schema\/person\/62ec8db1b3b6b0776dc86d00b37c57ff"},"headline":"Reformas Integrales de Terrazas","datePublished":"2012-03-09T09:03:29+00:00","mainEntityOfPage":{"@id":"https:\/\/www.global-projects.es\/es\/reformas-integrales-de-terrazas\/"},"wordCount":204,"commentCount":0,"image":{"@id":"https:\/\/www.global-projects.es\/es\/reformas-integrales-de-terrazas\/#primaryimage"},"thumbnailUrl":"https:\/\/www.global-projects.es\/wp-content\/uploads\/2019\/08\/Reforma-LC-Gr\u00e0cia-1.jpg","keywords":["reformar vivienda barcelona","empresa de reformas","reformas ba\u00f1o moderno","reformas viviendas","rehabilitaci\u00f3n fachada","restauraci\u00f3n fachadas","reformas integrales sant gervasi","reformas integrales","reformas integrales barcelona","reformas cocinas","reformar cocina","reformar cocina moderna"],"articleSection":["dise\u00f1o"],"inLanguage":"es","potentialAction":[{"@type":"CommentAction","name":"Comment","target":["https:\/\/www.global-projects.es\/es\/reformas-integrales-de-terrazas\/#respond"]}]},{"@type":"WebPage","@id":"https:\/\/www.global-projects.es\/es\/reformas-integrales-de-terrazas\/","url":"https:\/\/www.global-projects.es\/es\/reformas-integrales-de-terrazas\/","name":"Reformas Integrales de Terrazas - Global Projects","isPartOf":{"@id":"https:\/\/www.global-projects.es\/es\/#website"},"primaryImageOfPage":{"@id":"https:\/\/www.global-projects.es\/es\/reformas-integrales-de-terrazas\/#primaryimage"},"image":{"@id":"https:\/\/www.global-projects.es\/es\/reformas-integrales-de-terrazas\/#primaryimage"},"thumbnailUrl":"https:\/\/www.global-projects.es\/wp-content\/uploads\/2019\/08\/Reforma-LC-Gr\u00e0cia-1.jpg","datePublished":"2012-03-09T09:03:29+00:00","author":{"@id":"https:\/\/www.global-projects.es\/es\/#\/schema\/person\/62ec8db1b3b6b0776dc86d00b37c57ff"},"breadcrumb":{"@id":"https:\/\/www.global-projects.es\/es\/reformas-integrales-de-terrazas\/#breadcrumb"},"inLanguage":"es","potentialAction":[{"@type":"ReadAction","target":["https:\/\/www.global-projects.es\/es\/reformas-integrales-de-terrazas\/"]}]},{"@type":"ImageObject","inLanguage":"es","@id":"https:\/\/www.global-projects.es\/es\/reformas-integrales-de-terrazas\/#primaryimage","url":"https:\/\/www.global-projects.es\/wp-content\/uploads\/2019\/08\/Reforma-LC-Gr\u00e0cia-1.jpg","contentUrl":"https:\/\/www.global-projects.es\/wp-content\/uploads\/2019\/08\/Reforma-LC-Gr\u00e0cia-1.jpg","width":1200,"height":800},{"@type":"BreadcrumbList","@id":"https:\/\/www.global-projects.es\/es\/reformas-integrales-de-terrazas\/#breadcrumb","itemListElement":[{"@type":"ListItem","position":1,"name":"Portada","item":"https:\/\/www.global-projects.es\/es\/"},{"@type":"ListItem","position":2,"name":"Reformas Integrales de Terrazas"}]},{"@type":"WebSite","@id":"https:\/\/www.global-projects.es\/es\/#website","url":"https:\/\/www.global-projects.es\/es\/","name":"Global Projects","description":"Reformas Integrales Barcelona","potentialAction":[{"@type":"SearchAction","target":{"@type":"EntryPoint","urlTemplate":"https:\/\/www.global-projects.es\/es\/?s={search_term_string}"},"query-input":{"@type":"PropertyValueSpecification","valueRequired":true,"valueName":"search_term_string"}}],"inLanguage":"es"},{"@type":"Person","@id":"https:\/\/www.global-projects.es\/es\/#\/schema\/person\/62ec8db1b3b6b0776dc86d00b37c57ff","name":"Global","url":"https:\/\/www.global-projects.es\/es\/author\/global\/"}]}},"_links":{"self":[{"href":"https:\/\/www.global-projects.es\/es\/wp-json\/wp\/v2\/posts\/3269","targetHints":{"allow":["GET"]}}],"collection":[{"href":"https:\/\/www.global-projects.es\/es\/wp-json\/wp\/v2\/posts"}],"about":[{"href":"https:\/\/www.global-projects.es\/es\/wp-json\/wp\/v2\/types\/post"}],"author":[{"embeddable":true,"href":"https:\/\/www.global-projects.es\/es\/wp-json\/wp\/v2\/users\/4"}],"replies":[{"embeddable":true,"href":"https:\/\/www.global-projects.es\/es\/wp-json\/wp\/v2\/comments?post=3269"}],"version-history":[{"count":0,"href":"https:\/\/www.global-projects.es\/es\/wp-json\/wp\/v2\/posts\/3269\/revisions"}],"wp:featuredmedia":[{"embeddable":true,"href":"https:\/\/www.global-projects.es\/es\/wp-json\/wp\/v2\/media\/897"}],"wp:attachment":[{"href":"https:\/\/www.global-projects.es\/es\/wp-json\/wp\/v2\/media?parent=3269"}],"wp:term":[{"taxonomy":"category","embeddable":true,"href":"https:\/\/www.global-projects.es\/es\/wp-json\/wp\/v2\/categories?post=3269"},{"taxonomy":"post_tag","embeddable":true,"href":"https:\/\/www.global-projects.es\/es\/wp-json\/wp\/v2\/tags?post=3269"}],"curies":[{"name":"wp","href":"https:\/\/api.w.org\/{rel}","templated":true}]}}