{"id":3263,"date":"2012-02-22T09:39:46","date_gmt":"2012-02-22T09:39:46","guid":{"rendered":"http:\/\/www.global-projects.es\/blog\/?p=830"},"modified":"2012-02-22T09:39:46","modified_gmt":"2012-02-22T09:39:46","slug":"renueva-el-dormitorio","status":"publish","type":"post","link":"https:\/\/www.global-projects.es\/es\/renueva-el-dormitorio\/","title":{"rendered":"\u00a1Renueva el dormitorio!"},"content":{"rendered":"<p style=\"text-align: justify;\">La l\u00e1mpara de <strong>Miris Collection<\/strong> dise\u00f1ada por <strong>Leonardo Marelli<\/strong> puede ser el complemento id\u00f3neo para decorar un dormitorio despu\u00e9s de una <strong><a title=\"reformas-integrales\" href=\"https:\/\/www.global-projects.es\/es\/reformas-integrales\">reforma integral de la vivienda<\/a><\/strong>. El dise\u00f1o desprende elegancia y sofisticaci\u00f3n con sus finas y suaves l\u00edneas, es ideal para ubicarla en la mesilla de noche. Gracias al difusor la l\u00e1mpara desprende luz directa e indirectamente por arriba y abajo y ofrece una total iluminaci\u00f3n del espacio.<\/p>\n<p style=\"text-align: justify;\">El majestuoso dise\u00f1o est\u00e1 disponible tambi\u00e9n en tela de blanca o negra y adem\u00e1s podemos encontrar tambi\u00e9n plafones o l\u00e1mparas colgantes de la misma colecci\u00f3n de <strong>Leonardo Marelli<\/strong>.<\/p>\n<p style=\"text-align: justify;\"><a href=\"https:\/\/www.global-projects.es\/blog\/wp-content\/uploads\/2012\/02\/Iris+M-2717+Series+Table+Lamp.jpg\"><img loading=\"lazy\" decoding=\"async\" class=\"aligncenter size-full wp-image-831\" title=\"reformas integrales barcelona\" src=\"https:\/\/www.global-projects.es\/blog\/wp-content\/uploads\/2012\/02\/Iris+M-2717+Series+Table+Lamp.jpg\" alt=\"\" width=\"325\" height=\"325\" \/><\/a><\/p>\n<p style=\"text-align: justify;\">Somos expertos en\u00a0<a title=\"reformas integrales viviendas\" href=\"https:\/\/www.global-projects.es\/es\/servicios\/reformas-integrales\"><strong>reformas integrales<\/strong><\/a>\u00a0de hogares,\u00a0<strong>edificios<\/strong>\u00a0y en nueva\u00a0<strong>construcci\u00f3n<\/strong>, tambi\u00e9n\u00a0<a title=\"rehabilitacion-fachadas\" href=\"https:\/\/www.global-projects.es\/es\/rehabilitacion-fachadas\"><strong>restauramos fachadas<\/strong><\/a>\u00a0de todo tipo, adem\u00e1s de realizar cualquier <strong>reforma<\/strong> que el inmueble requiera.<\/p>\n<p style=\"text-align: justify;\">Si desea iniciar una\u00a0<a title=\"reformas integrales barcelona interiorismo\" href=\"https:\/\/www.global-projects.es\/es\/reformas-integrales\/interiorismo\"><strong>reforma integral de su vivienda<\/strong>\u00a0<\/a>o bien modernizarla pero no sabe por d\u00f3nde empezar, si lo desea puede <a title=\"reformas integrales\" href=\"https:\/\/www.global-projects.es\/es\/formulario\"><strong>solicitar un presupuesto<\/strong><\/a>\u00a0de\u00a0<a title=\"reformas integrales barcelona\" href=\"https:\/\/www.global-projects.es\/es\/reformas-integrales\/instalaciones\"><strong>reforma<\/strong><\/a>\u00a0gratuita, sin ning\u00fan tipo de compromiso tan solo clicando\u00a0<a title=\"formulario reformas integrales\" href=\"https:\/\/www.global-projects.es\/es\/formulario\"><strong>aqu\u00ed<\/strong><\/a><strong>. <\/strong>Adem\u00e1s les informamos que quedan a su disposici\u00f3n nuestro equipo de arquitectos, t\u00e9cnicos e interioristas que les aconsejar\u00e1n en sus <strong><a title=\"interiorismo\" href=\"https:\/\/www.global-projects.es\/es\/reformas-integrales\/interiorismo\">reformas integrales<\/a>.<\/strong><strong><\/strong><\/p>\n","protected":false},"excerpt":{"rendered":"<p>La l\u00e1mpara de Miris Collection dise\u00f1ada por Leonardo Marelli puede ser el complemento id\u00f3neo para decorar un dormitorio despu\u00e9s de una reforma integral de la vivienda. El dise\u00f1o desprende elegancia y sofisticaci\u00f3n con sus finas y suaves l\u00edneas, es ideal para ubicarla en la mesilla de noche. Gracias al difusor la l\u00e1mpara desprende luz directa [&hellip;]<\/p>\n","protected":false},"author":4,"featured_media":831,"comment_status":"open","ping_status":"closed","sticky":false,"template":"","format":"standard","meta":{"_et_pb_use_builder":"","_et_pb_old_content":"","_et_gb_content_width":"","footnotes":""},"categories":[19,21,36,41],"tags":[25,37,118,157,162,181,182,183,184,185],"class_list":["post-3263","post","type-post","status-publish","format-standard","has-post-thumbnail","hentry","category-diseno-2","category-novedades","category-interiorismo-2","category-materiales","tag-reformas-integrales","tag-reformas-integrales-barcelona","tag-reformas-cocinas","tag-reformar-cocina","tag-reformar-cocina-moderna","tag-empresa-de-reformas","tag-reformas-bano-moderno","tag-reformas-viviendas","tag-rehabilitacion-fachada","tag-restauracion-fachadas"],"yoast_head":"<!-- This site is optimized with the Yoast SEO plugin v27.5 - https:\/\/yoast.com\/product\/yoast-seo-wordpress\/ -->\n<title>\u00a1Renueva el dormitorio! - Global Projects<\/title>\n<meta name=\"robots\" content=\"index, follow, max-snippet:-1, max-image-preview:large, max-video-preview:-1\" \/>\n<link rel=\"canonical\" href=\"https:\/\/www.global-projects.es\/es\/renueva-el-dormitorio\/\" \/>\n<meta property=\"og:locale\" content=\"es_ES\" \/>\n<meta property=\"og:type\" content=\"article\" \/>\n<meta property=\"og:title\" content=\"\u00a1Renueva el dormitorio! - Global Projects\" \/>\n<meta property=\"og:description\" content=\"La l\u00e1mpara de Miris Collection dise\u00f1ada por Leonardo Marelli puede ser el complemento id\u00f3neo para decorar un dormitorio despu\u00e9s de una reforma integral de la vivienda. El dise\u00f1o desprende elegancia y sofisticaci\u00f3n con sus finas y suaves l\u00edneas, es ideal para ubicarla en la mesilla de noche. Gracias al difusor la l\u00e1mpara desprende luz directa [&hellip;]\" \/>\n<meta property=\"og:url\" content=\"https:\/\/www.global-projects.es\/es\/renueva-el-dormitorio\/\" \/>\n<meta property=\"og:site_name\" content=\"Global Projects\" \/>\n<meta property=\"article:publisher\" content=\"https:\/\/www.facebook.com\/gblprojects\" \/>\n<meta property=\"article:published_time\" content=\"2012-02-22T09:39:46+00:00\" \/>\n<meta property=\"og:image\" content=\"https:\/\/www.global-projects.es\/wp-content\/uploads\/2019\/08\/Oficinas-Korn-Ferry-Barcelona-2.jpg\" \/>\n\t<meta property=\"og:image:width\" content=\"1200\" \/>\n\t<meta property=\"og:image:height\" content=\"800\" \/>\n\t<meta property=\"og:image:type\" content=\"image\/jpeg\" \/>\n<meta name=\"author\" content=\"Global\" \/>\n<meta name=\"twitter:card\" content=\"summary_large_image\" \/>\n<meta name=\"twitter:creator\" content=\"@global_projects\" \/>\n<meta name=\"twitter:site\" content=\"@global_projects\" \/>\n<meta name=\"twitter:label1\" content=\"Escrito por\" \/>\n\t<meta name=\"twitter:data1\" content=\"Global\" \/>\n\t<meta name=\"twitter:label2\" content=\"Tiempo de lectura\" \/>\n\t<meta name=\"twitter:data2\" content=\"1 minuto\" \/>\n<script type=\"application\/ld+json\" class=\"yoast-schema-graph\">{\"@context\":\"https:\\\/\\\/schema.org\",\"@graph\":[{\"@type\":\"Article\",\"@id\":\"https:\\\/\\\/www.global-projects.es\\\/es\\\/renueva-el-dormitorio\\\/#article\",\"isPartOf\":{\"@id\":\"https:\\\/\\\/www.global-projects.es\\\/es\\\/renueva-el-dormitorio\\\/\"},\"author\":{\"name\":\"Global\",\"@id\":\"https:\\\/\\\/www.global-projects.es\\\/es\\\/#\\\/schema\\\/person\\\/62ec8db1b3b6b0776dc86d00b37c57ff\"},\"headline\":\"\u00a1Renueva el dormitorio!\",\"datePublished\":\"2012-02-22T09:39:46+00:00\",\"mainEntityOfPage\":{\"@id\":\"https:\\\/\\\/www.global-projects.es\\\/es\\\/renueva-el-dormitorio\\\/\"},\"wordCount\":209,\"commentCount\":0,\"image\":{\"@id\":\"https:\\\/\\\/www.global-projects.es\\\/es\\\/renueva-el-dormitorio\\\/#primaryimage\"},\"thumbnailUrl\":\"https:\\\/\\\/www.global-projects.es\\\/wp-content\\\/uploads\\\/2019\\\/08\\\/Oficinas-Korn-Ferry-Barcelona-2.jpg\",\"keywords\":[\"reformas integrales\",\"reformas integrales barcelona\",\"reformas cocinas\",\"reformar cocina\",\"reformar cocina moderna\",\"empresa de reformas\",\"reformas ba\u00f1o moderno\",\"reformas viviendas\",\"rehabilitaci\u00f3n fachada\",\"restauraci\u00f3n fachadas\"],\"articleSection\":[\"dise\u00f1o\",\"novedades\",\"Interiorismo\",\"Materiales\"],\"inLanguage\":\"es\",\"potentialAction\":[{\"@type\":\"CommentAction\",\"name\":\"Comment\",\"target\":[\"https:\\\/\\\/www.global-projects.es\\\/es\\\/renueva-el-dormitorio\\\/#respond\"]}]},{\"@type\":\"WebPage\",\"@id\":\"https:\\\/\\\/www.global-projects.es\\\/es\\\/renueva-el-dormitorio\\\/\",\"url\":\"https:\\\/\\\/www.global-projects.es\\\/es\\\/renueva-el-dormitorio\\\/\",\"name\":\"\u00a1Renueva el dormitorio! - Global Projects\",\"isPartOf\":{\"@id\":\"https:\\\/\\\/www.global-projects.es\\\/es\\\/#website\"},\"primaryImageOfPage\":{\"@id\":\"https:\\\/\\\/www.global-projects.es\\\/es\\\/renueva-el-dormitorio\\\/#primaryimage\"},\"image\":{\"@id\":\"https:\\\/\\\/www.global-projects.es\\\/es\\\/renueva-el-dormitorio\\\/#primaryimage\"},\"thumbnailUrl\":\"https:\\\/\\\/www.global-projects.es\\\/wp-content\\\/uploads\\\/2019\\\/08\\\/Oficinas-Korn-Ferry-Barcelona-2.jpg\",\"datePublished\":\"2012-02-22T09:39:46+00:00\",\"author\":{\"@id\":\"https:\\\/\\\/www.global-projects.es\\\/es\\\/#\\\/schema\\\/person\\\/62ec8db1b3b6b0776dc86d00b37c57ff\"},\"breadcrumb\":{\"@id\":\"https:\\\/\\\/www.global-projects.es\\\/es\\\/renueva-el-dormitorio\\\/#breadcrumb\"},\"inLanguage\":\"es\",\"potentialAction\":[{\"@type\":\"ReadAction\",\"target\":[\"https:\\\/\\\/www.global-projects.es\\\/es\\\/renueva-el-dormitorio\\\/\"]}]},{\"@type\":\"ImageObject\",\"inLanguage\":\"es\",\"@id\":\"https:\\\/\\\/www.global-projects.es\\\/es\\\/renueva-el-dormitorio\\\/#primaryimage\",\"url\":\"https:\\\/\\\/www.global-projects.es\\\/wp-content\\\/uploads\\\/2019\\\/08\\\/Oficinas-Korn-Ferry-Barcelona-2.jpg\",\"contentUrl\":\"https:\\\/\\\/www.global-projects.es\\\/wp-content\\\/uploads\\\/2019\\\/08\\\/Oficinas-Korn-Ferry-Barcelona-2.jpg\",\"width\":1200,\"height\":800},{\"@type\":\"BreadcrumbList\",\"@id\":\"https:\\\/\\\/www.global-projects.es\\\/es\\\/renueva-el-dormitorio\\\/#breadcrumb\",\"itemListElement\":[{\"@type\":\"ListItem\",\"position\":1,\"name\":\"Portada\",\"item\":\"https:\\\/\\\/www.global-projects.es\\\/es\\\/\"},{\"@type\":\"ListItem\",\"position\":2,\"name\":\"\u00a1Renueva el dormitorio!\"}]},{\"@type\":\"WebSite\",\"@id\":\"https:\\\/\\\/www.global-projects.es\\\/es\\\/#website\",\"url\":\"https:\\\/\\\/www.global-projects.es\\\/es\\\/\",\"name\":\"Global Projects\",\"description\":\"Reformas Integrales Barcelona\",\"potentialAction\":[{\"@type\":\"SearchAction\",\"target\":{\"@type\":\"EntryPoint\",\"urlTemplate\":\"https:\\\/\\\/www.global-projects.es\\\/es\\\/?s={search_term_string}\"},\"query-input\":{\"@type\":\"PropertyValueSpecification\",\"valueRequired\":true,\"valueName\":\"search_term_string\"}}],\"inLanguage\":\"es\"},{\"@type\":\"Person\",\"@id\":\"https:\\\/\\\/www.global-projects.es\\\/es\\\/#\\\/schema\\\/person\\\/62ec8db1b3b6b0776dc86d00b37c57ff\",\"name\":\"Global\",\"url\":\"https:\\\/\\\/www.global-projects.es\\\/es\\\/author\\\/global\\\/\"}]}<\/script>\n<!-- \/ Yoast SEO plugin. -->","yoast_head_json":{"title":"\u00a1Renueva el dormitorio! - Global Projects","robots":{"index":"index","follow":"follow","max-snippet":"max-snippet:-1","max-image-preview":"max-image-preview:large","max-video-preview":"max-video-preview:-1"},"canonical":"https:\/\/www.global-projects.es\/es\/renueva-el-dormitorio\/","og_locale":"es_ES","og_type":"article","og_title":"\u00a1Renueva el dormitorio! - Global Projects","og_description":"La l\u00e1mpara de Miris Collection dise\u00f1ada por Leonardo Marelli puede ser el complemento id\u00f3neo para decorar un dormitorio despu\u00e9s de una reforma integral de la vivienda. El dise\u00f1o desprende elegancia y sofisticaci\u00f3n con sus finas y suaves l\u00edneas, es ideal para ubicarla en la mesilla de noche. Gracias al difusor la l\u00e1mpara desprende luz directa [&hellip;]","og_url":"https:\/\/www.global-projects.es\/es\/renueva-el-dormitorio\/","og_site_name":"Global Projects","article_publisher":"https:\/\/www.facebook.com\/gblprojects","article_published_time":"2012-02-22T09:39:46+00:00","og_image":[{"width":1200,"height":800,"url":"https:\/\/www.global-projects.es\/wp-content\/uploads\/2019\/08\/Oficinas-Korn-Ferry-Barcelona-2.jpg","type":"image\/jpeg"}],"author":"Global","twitter_card":"summary_large_image","twitter_creator":"@global_projects","twitter_site":"@global_projects","twitter_misc":{"Escrito por":"Global","Tiempo de lectura":"1 minuto"},"schema":{"@context":"https:\/\/schema.org","@graph":[{"@type":"Article","@id":"https:\/\/www.global-projects.es\/es\/renueva-el-dormitorio\/#article","isPartOf":{"@id":"https:\/\/www.global-projects.es\/es\/renueva-el-dormitorio\/"},"author":{"name":"Global","@id":"https:\/\/www.global-projects.es\/es\/#\/schema\/person\/62ec8db1b3b6b0776dc86d00b37c57ff"},"headline":"\u00a1Renueva el dormitorio!","datePublished":"2012-02-22T09:39:46+00:00","mainEntityOfPage":{"@id":"https:\/\/www.global-projects.es\/es\/renueva-el-dormitorio\/"},"wordCount":209,"commentCount":0,"image":{"@id":"https:\/\/www.global-projects.es\/es\/renueva-el-dormitorio\/#primaryimage"},"thumbnailUrl":"https:\/\/www.global-projects.es\/wp-content\/uploads\/2019\/08\/Oficinas-Korn-Ferry-Barcelona-2.jpg","keywords":["reformas integrales","reformas integrales barcelona","reformas cocinas","reformar cocina","reformar cocina moderna","empresa de reformas","reformas ba\u00f1o moderno","reformas viviendas","rehabilitaci\u00f3n fachada","restauraci\u00f3n fachadas"],"articleSection":["dise\u00f1o","novedades","Interiorismo","Materiales"],"inLanguage":"es","potentialAction":[{"@type":"CommentAction","name":"Comment","target":["https:\/\/www.global-projects.es\/es\/renueva-el-dormitorio\/#respond"]}]},{"@type":"WebPage","@id":"https:\/\/www.global-projects.es\/es\/renueva-el-dormitorio\/","url":"https:\/\/www.global-projects.es\/es\/renueva-el-dormitorio\/","name":"\u00a1Renueva el dormitorio! - Global Projects","isPartOf":{"@id":"https:\/\/www.global-projects.es\/es\/#website"},"primaryImageOfPage":{"@id":"https:\/\/www.global-projects.es\/es\/renueva-el-dormitorio\/#primaryimage"},"image":{"@id":"https:\/\/www.global-projects.es\/es\/renueva-el-dormitorio\/#primaryimage"},"thumbnailUrl":"https:\/\/www.global-projects.es\/wp-content\/uploads\/2019\/08\/Oficinas-Korn-Ferry-Barcelona-2.jpg","datePublished":"2012-02-22T09:39:46+00:00","author":{"@id":"https:\/\/www.global-projects.es\/es\/#\/schema\/person\/62ec8db1b3b6b0776dc86d00b37c57ff"},"breadcrumb":{"@id":"https:\/\/www.global-projects.es\/es\/renueva-el-dormitorio\/#breadcrumb"},"inLanguage":"es","potentialAction":[{"@type":"ReadAction","target":["https:\/\/www.global-projects.es\/es\/renueva-el-dormitorio\/"]}]},{"@type":"ImageObject","inLanguage":"es","@id":"https:\/\/www.global-projects.es\/es\/renueva-el-dormitorio\/#primaryimage","url":"https:\/\/www.global-projects.es\/wp-content\/uploads\/2019\/08\/Oficinas-Korn-Ferry-Barcelona-2.jpg","contentUrl":"https:\/\/www.global-projects.es\/wp-content\/uploads\/2019\/08\/Oficinas-Korn-Ferry-Barcelona-2.jpg","width":1200,"height":800},{"@type":"BreadcrumbList","@id":"https:\/\/www.global-projects.es\/es\/renueva-el-dormitorio\/#breadcrumb","itemListElement":[{"@type":"ListItem","position":1,"name":"Portada","item":"https:\/\/www.global-projects.es\/es\/"},{"@type":"ListItem","position":2,"name":"\u00a1Renueva el dormitorio!"}]},{"@type":"WebSite","@id":"https:\/\/www.global-projects.es\/es\/#website","url":"https:\/\/www.global-projects.es\/es\/","name":"Global Projects","description":"Reformas Integrales Barcelona","potentialAction":[{"@type":"SearchAction","target":{"@type":"EntryPoint","urlTemplate":"https:\/\/www.global-projects.es\/es\/?s={search_term_string}"},"query-input":{"@type":"PropertyValueSpecification","valueRequired":true,"valueName":"search_term_string"}}],"inLanguage":"es"},{"@type":"Person","@id":"https:\/\/www.global-projects.es\/es\/#\/schema\/person\/62ec8db1b3b6b0776dc86d00b37c57ff","name":"Global","url":"https:\/\/www.global-projects.es\/es\/author\/global\/"}]}},"_links":{"self":[{"href":"https:\/\/www.global-projects.es\/es\/wp-json\/wp\/v2\/posts\/3263","targetHints":{"allow":["GET"]}}],"collection":[{"href":"https:\/\/www.global-projects.es\/es\/wp-json\/wp\/v2\/posts"}],"about":[{"href":"https:\/\/www.global-projects.es\/es\/wp-json\/wp\/v2\/types\/post"}],"author":[{"embeddable":true,"href":"https:\/\/www.global-projects.es\/es\/wp-json\/wp\/v2\/users\/4"}],"replies":[{"embeddable":true,"href":"https:\/\/www.global-projects.es\/es\/wp-json\/wp\/v2\/comments?post=3263"}],"version-history":[{"count":0,"href":"https:\/\/www.global-projects.es\/es\/wp-json\/wp\/v2\/posts\/3263\/revisions"}],"wp:featuredmedia":[{"embeddable":true,"href":"https:\/\/www.global-projects.es\/es\/wp-json\/wp\/v2\/media\/831"}],"wp:attachment":[{"href":"https:\/\/www.global-projects.es\/es\/wp-json\/wp\/v2\/media?parent=3263"}],"wp:term":[{"taxonomy":"category","embeddable":true,"href":"https:\/\/www.global-projects.es\/es\/wp-json\/wp\/v2\/categories?post=3263"},{"taxonomy":"post_tag","embeddable":true,"href":"https:\/\/www.global-projects.es\/es\/wp-json\/wp\/v2\/tags?post=3263"}],"curies":[{"name":"wp","href":"https:\/\/api.w.org\/{rel}","templated":true}]}}