{"id":3262,"date":"2012-02-20T12:49:50","date_gmt":"2012-02-20T12:49:50","guid":{"rendered":"http:\/\/www.global-projects.es\/blog\/?p=819"},"modified":"2012-02-20T12:49:50","modified_gmt":"2012-02-20T12:49:50","slug":"modela-y-transforma","status":"publish","type":"post","link":"https:\/\/www.global-projects.es\/es\/modela-y-transforma\/","title":{"rendered":"Modela y transforma"},"content":{"rendered":"<p style=\"text-align: justify;\">Cada vez m\u00e1s necesitamos adaptar los espacios con objetos que satisfagan nuestras necesidades. Esta es una de las razones por las cuales naci\u00f3 el impresionante dise\u00f1o\u00a0<strong>Tentacle.<\/strong>\u00a0<strong>La obra del dise\u00f1ador espa\u00f1ol Jos\u00e9 Hurtado\u00a0<\/strong>est\u00e1 construida con madera de pino barnizada y gracias a su sistema de ranuras se puede ir\u00a0transformando de forma ingeniosa, ampliando a la vez la estanter\u00eda de forma divertida y original. A mesura que se precisa m\u00e1s\u00a0superficie\u00a0de estanter\u00eda se va creando a cada gusto.<\/p>\n<p style=\"text-align: justify;\"><a href=\"https:\/\/www.global-projects.es\/blog\/wp-content\/uploads\/2012\/02\/Tentacle-Shelf-3.jpg\"><img loading=\"lazy\" decoding=\"async\" class=\"aligncenter size-full wp-image-821\" title=\"reformas integrales barcelona\" src=\"https:\/\/www.global-projects.es\/blog\/wp-content\/uploads\/2012\/02\/Tentacle-Shelf-3.jpg\" alt=\"\" width=\"500\" height=\"457\" \/><\/a><\/p>\n<p style=\"text-align: justify;\"><a href=\"https:\/\/www.global-projects.es\/blog\/wp-content\/uploads\/2012\/02\/Tentacle-Shelf-1.jpg\"><img loading=\"lazy\" decoding=\"async\" class=\"aligncenter size-full wp-image-820\" title=\"reformas integrales barcelona\" src=\"https:\/\/www.global-projects.es\/blog\/wp-content\/uploads\/2012\/02\/Tentacle-Shelf-1.jpg\" alt=\"\" width=\"500\" height=\"473\" \/><\/a><\/p>\n<p style=\"text-align: justify;\">Si quiere realizar una <a title=\"reformas integrales barcelona interiorismo\" href=\"https:\/\/www.global-projects.es\/es\/reformas-integrales\/interiorismo\"><strong>reforma integral de su vivienda<\/strong> <\/a>o modernizarla y no sabe por d\u00f3nde empezar puede, siempre que le interese <strong><a title=\"reformas integrales\" href=\"https:\/\/www.global-projects.es\/es\/formulario\">solicitar un presupuesto<\/a><\/strong> de <strong><a title=\"reformas integrales barcelona\" href=\"https:\/\/www.global-projects.es\/es\/reformas-integrales\/instalaciones\">reforma integral de su vivienda<\/a><\/strong> de forma completamente gratuita y sin ning\u00fan tipo de compromiso clicando <strong><a title=\"formulario reformas integrales\" href=\"https:\/\/www.global-projects.es\/es\/formulario\">aqu\u00ed<\/a>.<\/strong><\/p>\n<p style=\"text-align: justify;\"><a href=\"https:\/\/www.global-projects.es\/blog\/wp-content\/uploads\/2012\/02\/Tentacle-Shelf-5.jpg\"><img loading=\"lazy\" decoding=\"async\" class=\"aligncenter size-full wp-image-823\" title=\"reformas integrales barcelona\" src=\"https:\/\/www.global-projects.es\/blog\/wp-content\/uploads\/2012\/02\/Tentacle-Shelf-5.jpg\" alt=\"\" width=\"500\" height=\"590\" \/><\/a><\/p>\n<p style=\"text-align: justify;\">En <strong>Global Projects<\/strong> somos especialistas en <strong><a title=\"reformas integrales viviendas\" href=\"https:\/\/www.global-projects.es\/es\/servicios\/reformas-integrales\">reformas integrales<\/a><\/strong>\u00a0de viviendas, <strong>edificios<\/strong> y en <strong>construcci\u00f3n <\/strong>de obra nueva,\u00a0<strong><a title=\"rehabilitacion-fachadas\" href=\"https:\/\/www.global-projects.es\/es\/rehabilitacion-fachadas\">restauraci\u00f3n de fachadas<\/a><\/strong>\u00a0de todo tipo, cambio de redes de saneamiento, adem\u00e1s de cualquier intervenci\u00f3n en el inmueble dej\u00e1ndolo en \u00f3ptimas condiciones.<\/p>\n","protected":false},"excerpt":{"rendered":"<p>Cada vez m\u00e1s necesitamos adaptar los espacios con objetos que satisfagan nuestras necesidades. Esta es una de las razones por las cuales naci\u00f3 el impresionante dise\u00f1o\u00a0Tentacle.\u00a0La obra del dise\u00f1ador espa\u00f1ol Jos\u00e9 Hurtado\u00a0est\u00e1 construida con madera de pino barnizada y gracias a su sistema de ranuras se puede ir\u00a0transformando de forma ingeniosa, ampliando a la vez [&hellip;]<\/p>\n","protected":false},"author":4,"featured_media":821,"comment_status":"open","ping_status":"closed","sticky":false,"template":"","format":"standard","meta":{"_et_pb_use_builder":"","_et_pb_old_content":"","_et_gb_content_width":"","footnotes":""},"categories":[21,36,41,19],"tags":[37,118,157,162,181,182,183,184,185,25],"class_list":["post-3262","post","type-post","status-publish","format-standard","has-post-thumbnail","hentry","category-novedades","category-interiorismo-2","category-materiales","category-diseno-2","tag-reformas-integrales-barcelona","tag-reformas-cocinas","tag-reformar-cocina","tag-reformar-cocina-moderna","tag-empresa-de-reformas","tag-reformas-bano-moderno","tag-reformas-viviendas","tag-rehabilitacion-fachada","tag-restauracion-fachadas","tag-reformas-integrales"],"yoast_head":"<!-- This site is optimized with the Yoast SEO plugin v27.5 - https:\/\/yoast.com\/product\/yoast-seo-wordpress\/ -->\n<title>Modela y transforma - Global Projects<\/title>\n<meta name=\"robots\" content=\"index, follow, max-snippet:-1, max-image-preview:large, max-video-preview:-1\" \/>\n<link rel=\"canonical\" href=\"https:\/\/www.global-projects.es\/es\/modela-y-transforma\/\" \/>\n<meta property=\"og:locale\" content=\"es_ES\" \/>\n<meta property=\"og:type\" content=\"article\" \/>\n<meta property=\"og:title\" content=\"Modela y transforma - Global Projects\" \/>\n<meta property=\"og:description\" content=\"Cada vez m\u00e1s necesitamos adaptar los espacios con objetos que satisfagan nuestras necesidades. Esta es una de las razones por las cuales naci\u00f3 el impresionante dise\u00f1o\u00a0Tentacle.\u00a0La obra del dise\u00f1ador espa\u00f1ol Jos\u00e9 Hurtado\u00a0est\u00e1 construida con madera de pino barnizada y gracias a su sistema de ranuras se puede ir\u00a0transformando de forma ingeniosa, ampliando a la vez [&hellip;]\" \/>\n<meta property=\"og:url\" content=\"https:\/\/www.global-projects.es\/es\/modela-y-transforma\/\" \/>\n<meta property=\"og:site_name\" content=\"Global Projects\" \/>\n<meta property=\"article:publisher\" content=\"https:\/\/www.facebook.com\/gblprojects\" \/>\n<meta property=\"article:published_time\" content=\"2012-02-20T12:49:50+00:00\" \/>\n<meta property=\"og:image\" content=\"https:\/\/www.global-projects.es\/wp-content\/uploads\/2014\/05\/PS-Torres-i-Pujalt-4.jpg\" \/>\n\t<meta property=\"og:image:width\" content=\"1080\" \/>\n\t<meta property=\"og:image:height\" content=\"675\" \/>\n\t<meta property=\"og:image:type\" content=\"image\/jpeg\" \/>\n<meta name=\"author\" content=\"Global\" \/>\n<meta name=\"twitter:card\" content=\"summary_large_image\" \/>\n<meta name=\"twitter:creator\" content=\"@global_projects\" \/>\n<meta name=\"twitter:site\" content=\"@global_projects\" \/>\n<meta name=\"twitter:label1\" content=\"Escrito por\" \/>\n\t<meta name=\"twitter:data1\" content=\"Global\" \/>\n\t<meta name=\"twitter:label2\" content=\"Tiempo de lectura\" \/>\n\t<meta name=\"twitter:data2\" content=\"1 minuto\" \/>\n<script type=\"application\/ld+json\" class=\"yoast-schema-graph\">{\"@context\":\"https:\\\/\\\/schema.org\",\"@graph\":[{\"@type\":\"Article\",\"@id\":\"https:\\\/\\\/www.global-projects.es\\\/es\\\/modela-y-transforma\\\/#article\",\"isPartOf\":{\"@id\":\"https:\\\/\\\/www.global-projects.es\\\/es\\\/modela-y-transforma\\\/\"},\"author\":{\"name\":\"Global\",\"@id\":\"https:\\\/\\\/www.global-projects.es\\\/es\\\/#\\\/schema\\\/person\\\/62ec8db1b3b6b0776dc86d00b37c57ff\"},\"headline\":\"Modela y transforma\",\"datePublished\":\"2012-02-20T12:49:50+00:00\",\"mainEntityOfPage\":{\"@id\":\"https:\\\/\\\/www.global-projects.es\\\/es\\\/modela-y-transforma\\\/\"},\"wordCount\":180,\"commentCount\":0,\"image\":{\"@id\":\"https:\\\/\\\/www.global-projects.es\\\/es\\\/modela-y-transforma\\\/#primaryimage\"},\"thumbnailUrl\":\"https:\\\/\\\/www.global-projects.es\\\/wp-content\\\/uploads\\\/2014\\\/05\\\/PS-Torres-i-Pujalt-4.jpg\",\"keywords\":[\"reformas integrales barcelona\",\"reformas cocinas\",\"reformar cocina\",\"reformar cocina moderna\",\"empresa de reformas\",\"reformas ba\u00f1o moderno\",\"reformas viviendas\",\"rehabilitaci\u00f3n fachada\",\"restauraci\u00f3n fachadas\",\"reformas integrales\"],\"articleSection\":[\"novedades\",\"Interiorismo\",\"Materiales\",\"dise\u00f1o\"],\"inLanguage\":\"es\",\"potentialAction\":[{\"@type\":\"CommentAction\",\"name\":\"Comment\",\"target\":[\"https:\\\/\\\/www.global-projects.es\\\/es\\\/modela-y-transforma\\\/#respond\"]}]},{\"@type\":\"WebPage\",\"@id\":\"https:\\\/\\\/www.global-projects.es\\\/es\\\/modela-y-transforma\\\/\",\"url\":\"https:\\\/\\\/www.global-projects.es\\\/es\\\/modela-y-transforma\\\/\",\"name\":\"Modela y transforma - Global Projects\",\"isPartOf\":{\"@id\":\"https:\\\/\\\/www.global-projects.es\\\/es\\\/#website\"},\"primaryImageOfPage\":{\"@id\":\"https:\\\/\\\/www.global-projects.es\\\/es\\\/modela-y-transforma\\\/#primaryimage\"},\"image\":{\"@id\":\"https:\\\/\\\/www.global-projects.es\\\/es\\\/modela-y-transforma\\\/#primaryimage\"},\"thumbnailUrl\":\"https:\\\/\\\/www.global-projects.es\\\/wp-content\\\/uploads\\\/2014\\\/05\\\/PS-Torres-i-Pujalt-4.jpg\",\"datePublished\":\"2012-02-20T12:49:50+00:00\",\"author\":{\"@id\":\"https:\\\/\\\/www.global-projects.es\\\/es\\\/#\\\/schema\\\/person\\\/62ec8db1b3b6b0776dc86d00b37c57ff\"},\"breadcrumb\":{\"@id\":\"https:\\\/\\\/www.global-projects.es\\\/es\\\/modela-y-transforma\\\/#breadcrumb\"},\"inLanguage\":\"es\",\"potentialAction\":[{\"@type\":\"ReadAction\",\"target\":[\"https:\\\/\\\/www.global-projects.es\\\/es\\\/modela-y-transforma\\\/\"]}]},{\"@type\":\"ImageObject\",\"inLanguage\":\"es\",\"@id\":\"https:\\\/\\\/www.global-projects.es\\\/es\\\/modela-y-transforma\\\/#primaryimage\",\"url\":\"https:\\\/\\\/www.global-projects.es\\\/wp-content\\\/uploads\\\/2014\\\/05\\\/PS-Torres-i-Pujalt-4.jpg\",\"contentUrl\":\"https:\\\/\\\/www.global-projects.es\\\/wp-content\\\/uploads\\\/2014\\\/05\\\/PS-Torres-i-Pujalt-4.jpg\",\"width\":1080,\"height\":675,\"caption\":\"Reforma integral\"},{\"@type\":\"BreadcrumbList\",\"@id\":\"https:\\\/\\\/www.global-projects.es\\\/es\\\/modela-y-transforma\\\/#breadcrumb\",\"itemListElement\":[{\"@type\":\"ListItem\",\"position\":1,\"name\":\"Portada\",\"item\":\"https:\\\/\\\/www.global-projects.es\\\/es\\\/\"},{\"@type\":\"ListItem\",\"position\":2,\"name\":\"Modela y transforma\"}]},{\"@type\":\"WebSite\",\"@id\":\"https:\\\/\\\/www.global-projects.es\\\/es\\\/#website\",\"url\":\"https:\\\/\\\/www.global-projects.es\\\/es\\\/\",\"name\":\"Global Projects\",\"description\":\"Reformas Integrales Barcelona\",\"potentialAction\":[{\"@type\":\"SearchAction\",\"target\":{\"@type\":\"EntryPoint\",\"urlTemplate\":\"https:\\\/\\\/www.global-projects.es\\\/es\\\/?s={search_term_string}\"},\"query-input\":{\"@type\":\"PropertyValueSpecification\",\"valueRequired\":true,\"valueName\":\"search_term_string\"}}],\"inLanguage\":\"es\"},{\"@type\":\"Person\",\"@id\":\"https:\\\/\\\/www.global-projects.es\\\/es\\\/#\\\/schema\\\/person\\\/62ec8db1b3b6b0776dc86d00b37c57ff\",\"name\":\"Global\",\"url\":\"https:\\\/\\\/www.global-projects.es\\\/es\\\/author\\\/global\\\/\"}]}<\/script>\n<!-- \/ Yoast SEO plugin. -->","yoast_head_json":{"title":"Modela y transforma - Global Projects","robots":{"index":"index","follow":"follow","max-snippet":"max-snippet:-1","max-image-preview":"max-image-preview:large","max-video-preview":"max-video-preview:-1"},"canonical":"https:\/\/www.global-projects.es\/es\/modela-y-transforma\/","og_locale":"es_ES","og_type":"article","og_title":"Modela y transforma - Global Projects","og_description":"Cada vez m\u00e1s necesitamos adaptar los espacios con objetos que satisfagan nuestras necesidades. Esta es una de las razones por las cuales naci\u00f3 el impresionante dise\u00f1o\u00a0Tentacle.\u00a0La obra del dise\u00f1ador espa\u00f1ol Jos\u00e9 Hurtado\u00a0est\u00e1 construida con madera de pino barnizada y gracias a su sistema de ranuras se puede ir\u00a0transformando de forma ingeniosa, ampliando a la vez [&hellip;]","og_url":"https:\/\/www.global-projects.es\/es\/modela-y-transforma\/","og_site_name":"Global Projects","article_publisher":"https:\/\/www.facebook.com\/gblprojects","article_published_time":"2012-02-20T12:49:50+00:00","og_image":[{"width":1080,"height":675,"url":"https:\/\/www.global-projects.es\/wp-content\/uploads\/2014\/05\/PS-Torres-i-Pujalt-4.jpg","type":"image\/jpeg"}],"author":"Global","twitter_card":"summary_large_image","twitter_creator":"@global_projects","twitter_site":"@global_projects","twitter_misc":{"Escrito por":"Global","Tiempo de lectura":"1 minuto"},"schema":{"@context":"https:\/\/schema.org","@graph":[{"@type":"Article","@id":"https:\/\/www.global-projects.es\/es\/modela-y-transforma\/#article","isPartOf":{"@id":"https:\/\/www.global-projects.es\/es\/modela-y-transforma\/"},"author":{"name":"Global","@id":"https:\/\/www.global-projects.es\/es\/#\/schema\/person\/62ec8db1b3b6b0776dc86d00b37c57ff"},"headline":"Modela y transforma","datePublished":"2012-02-20T12:49:50+00:00","mainEntityOfPage":{"@id":"https:\/\/www.global-projects.es\/es\/modela-y-transforma\/"},"wordCount":180,"commentCount":0,"image":{"@id":"https:\/\/www.global-projects.es\/es\/modela-y-transforma\/#primaryimage"},"thumbnailUrl":"https:\/\/www.global-projects.es\/wp-content\/uploads\/2014\/05\/PS-Torres-i-Pujalt-4.jpg","keywords":["reformas integrales barcelona","reformas cocinas","reformar cocina","reformar cocina moderna","empresa de reformas","reformas ba\u00f1o moderno","reformas viviendas","rehabilitaci\u00f3n fachada","restauraci\u00f3n fachadas","reformas integrales"],"articleSection":["novedades","Interiorismo","Materiales","dise\u00f1o"],"inLanguage":"es","potentialAction":[{"@type":"CommentAction","name":"Comment","target":["https:\/\/www.global-projects.es\/es\/modela-y-transforma\/#respond"]}]},{"@type":"WebPage","@id":"https:\/\/www.global-projects.es\/es\/modela-y-transforma\/","url":"https:\/\/www.global-projects.es\/es\/modela-y-transforma\/","name":"Modela y transforma - Global Projects","isPartOf":{"@id":"https:\/\/www.global-projects.es\/es\/#website"},"primaryImageOfPage":{"@id":"https:\/\/www.global-projects.es\/es\/modela-y-transforma\/#primaryimage"},"image":{"@id":"https:\/\/www.global-projects.es\/es\/modela-y-transforma\/#primaryimage"},"thumbnailUrl":"https:\/\/www.global-projects.es\/wp-content\/uploads\/2014\/05\/PS-Torres-i-Pujalt-4.jpg","datePublished":"2012-02-20T12:49:50+00:00","author":{"@id":"https:\/\/www.global-projects.es\/es\/#\/schema\/person\/62ec8db1b3b6b0776dc86d00b37c57ff"},"breadcrumb":{"@id":"https:\/\/www.global-projects.es\/es\/modela-y-transforma\/#breadcrumb"},"inLanguage":"es","potentialAction":[{"@type":"ReadAction","target":["https:\/\/www.global-projects.es\/es\/modela-y-transforma\/"]}]},{"@type":"ImageObject","inLanguage":"es","@id":"https:\/\/www.global-projects.es\/es\/modela-y-transforma\/#primaryimage","url":"https:\/\/www.global-projects.es\/wp-content\/uploads\/2014\/05\/PS-Torres-i-Pujalt-4.jpg","contentUrl":"https:\/\/www.global-projects.es\/wp-content\/uploads\/2014\/05\/PS-Torres-i-Pujalt-4.jpg","width":1080,"height":675,"caption":"Reforma integral"},{"@type":"BreadcrumbList","@id":"https:\/\/www.global-projects.es\/es\/modela-y-transforma\/#breadcrumb","itemListElement":[{"@type":"ListItem","position":1,"name":"Portada","item":"https:\/\/www.global-projects.es\/es\/"},{"@type":"ListItem","position":2,"name":"Modela y transforma"}]},{"@type":"WebSite","@id":"https:\/\/www.global-projects.es\/es\/#website","url":"https:\/\/www.global-projects.es\/es\/","name":"Global Projects","description":"Reformas Integrales Barcelona","potentialAction":[{"@type":"SearchAction","target":{"@type":"EntryPoint","urlTemplate":"https:\/\/www.global-projects.es\/es\/?s={search_term_string}"},"query-input":{"@type":"PropertyValueSpecification","valueRequired":true,"valueName":"search_term_string"}}],"inLanguage":"es"},{"@type":"Person","@id":"https:\/\/www.global-projects.es\/es\/#\/schema\/person\/62ec8db1b3b6b0776dc86d00b37c57ff","name":"Global","url":"https:\/\/www.global-projects.es\/es\/author\/global\/"}]}},"_links":{"self":[{"href":"https:\/\/www.global-projects.es\/es\/wp-json\/wp\/v2\/posts\/3262","targetHints":{"allow":["GET"]}}],"collection":[{"href":"https:\/\/www.global-projects.es\/es\/wp-json\/wp\/v2\/posts"}],"about":[{"href":"https:\/\/www.global-projects.es\/es\/wp-json\/wp\/v2\/types\/post"}],"author":[{"embeddable":true,"href":"https:\/\/www.global-projects.es\/es\/wp-json\/wp\/v2\/users\/4"}],"replies":[{"embeddable":true,"href":"https:\/\/www.global-projects.es\/es\/wp-json\/wp\/v2\/comments?post=3262"}],"version-history":[{"count":0,"href":"https:\/\/www.global-projects.es\/es\/wp-json\/wp\/v2\/posts\/3262\/revisions"}],"wp:featuredmedia":[{"embeddable":true,"href":"https:\/\/www.global-projects.es\/es\/wp-json\/wp\/v2\/media\/821"}],"wp:attachment":[{"href":"https:\/\/www.global-projects.es\/es\/wp-json\/wp\/v2\/media?parent=3262"}],"wp:term":[{"taxonomy":"category","embeddable":true,"href":"https:\/\/www.global-projects.es\/es\/wp-json\/wp\/v2\/categories?post=3262"},{"taxonomy":"post_tag","embeddable":true,"href":"https:\/\/www.global-projects.es\/es\/wp-json\/wp\/v2\/tags?post=3262"}],"curies":[{"name":"wp","href":"https:\/\/api.w.org\/{rel}","templated":true}]}}