{"id":3261,"date":"2012-02-17T09:19:51","date_gmt":"2012-02-17T09:19:51","guid":{"rendered":"http:\/\/www.global-projects.es\/blog\/?p=808"},"modified":"2012-02-17T09:19:51","modified_gmt":"2012-02-17T09:19:51","slug":"pisos-adaptados-con-estilo","status":"publish","type":"post","link":"https:\/\/www.global-projects.es\/es\/pisos-adaptados-con-estilo\/","title":{"rendered":"Pisos Adaptados Con Estilo"},"content":{"rendered":"<p style=\"text-align: justify;\">Al realizar una<strong> <a title=\"reformas-integrales-barcelona\" href=\"https:\/\/www.global-projects.es\/es\/reformas-global-projects\">reforma<\/a>\u00a0<\/strong><strong><a title=\"reformas-integrales-barcelona\" href=\"https:\/\/www.global-projects.es\/es\/reformas-global-projects\">integral de la vivienda<\/a><a title=\"reformas integrales barcelona\" href=\"http:\/\/www.imagotechnics.com\/es\/reformasintegrales.html\">,<\/a> pisos, oficinas y locales comerciales<\/strong> se deben evitar las barreras arquitect\u00f3nicas. Algunos de nosotros o bien alg\u00fan familiar pueden tener alguna discapacidad por lo tanto es importante tambi\u00e9n pensar en poder facilitar su movilidad e incrementar su autonom\u00eda.<\/p>\n<p style=\"text-align: justify;\"><strong>Global Projects <\/strong>en colaboraci\u00f3n con la empresa <strong><a title=\"adaptar piso barcelona\" href=\"https:\/\/www.global-projects.es\/blog\/wp-admin\/www.adom-autonomia.com\" rel=\"nofollow noopener noreferrer\" target=\"_blank\">ADOM-Autonomia<\/a>\u00a0<\/strong>nos encargamos de todo, disponemos de un equipo de arquitectos e interioristas que estudian cada proyecto para <strong><a title=\"reformas integrales barcelona\" href=\"http:\/\/www.imagotechnics.com\/es\/reformasintegrales.html\" target=\"_blank\" rel=\"noopener noreferrer\">adaptar la reforma<\/a><\/strong> seg\u00fan las necesidades. <strong>Reformar los pasillos estrechos<\/strong>, suelos resbalosos, <strong><a title=\"reformas ba\u00f1os adaptados\" href=\"https:\/\/www.global-projects.es\/es\/reformas-integrales\/reforma-banos\" target=\"_blank\" rel=\"noopener noreferrer\">ba\u00f1os adaptados<\/a><\/strong> sin escalones son algunas de las <strong>reformas habituales.<\/strong> Tambi\u00e9n incrementar el ancho de las puertas unos 10 cm para que la persona discapacitada pueda entrar c\u00f3modamente con la silla de ruedas.<\/p>\n<div id=\"attachment_809\" style=\"width: 585px\" class=\"wp-caption aligncenter\"><a href=\"https:\/\/www.global-projects.es\/blog\/wp-content\/uploads\/2012\/02\/adom_usuari_bano.jpg\"><img loading=\"lazy\" decoding=\"async\" aria-describedby=\"caption-attachment-809\" class=\"size-full wp-image-809\" title=\"ADOM- adaptar pisos discapcaitados\" src=\"https:\/\/www.global-projects.es\/blog\/wp-content\/uploads\/2012\/02\/adom_usuari_bano.jpg\" alt=\"\" width=\"575\" height=\"360\" \/><\/a><p id=\"caption-attachment-809\" class=\"wp-caption-text\">Fuente: ADOM-Autonomia<\/p><\/div>\n<p style=\"text-align: justify;\">El objetivo principal a la hora de <strong><a title=\"reformar psio adaptado\" href=\"https:\/\/www.global-projects.es\/es\/servicios\/domotica\">reformar un piso adaptado<\/a><\/strong> es conseguir mayor autonom\u00eda, seguridad y <strong>accesibilidad con el fin de mejorar la calidad de vida. <\/strong><\/p>\n<p style=\"text-align: justify;\">Si necesita <strong><a title=\"reformas-integrales-barcelona\" href=\"https:\/\/www.global-projects.es\/es\/reformas-integrales\">reformar el piso para discapacitados<\/a><\/strong> en <strong>Global Projects<\/strong> somos una empresa de <strong><a title=\"reformas-integrales-barcelona\" href=\"https:\/\/www.global-projects.es\/es\/reformas-integrales\" target=\"_blank\" rel=\"noopener noreferrer\">reformas integrales de Barcelona<\/a>,<\/strong> <strong>reformas de edificios<\/strong>, <strong><a title=\"reformas-integrales-interiorismo\" href=\"https:\/\/www.global-projects.es\/es\/reformas-integrales\/interiorismo\">reformas interiores<\/a><\/strong>, de\u00a0<strong><a title=\"rehabilitacion-fachadas\" href=\"https:\/\/www.global-projects.es\/es\/rehabilitacion-fachadas\">restauraci\u00f3n de fachadas<\/a><\/strong> de todo tipo, cambio de redes de saneamiento, adem\u00e1s de cualquier intervenci\u00f3n en el inmueble dej\u00e1ndolo en \u00f3ptimas condiciones.<\/p>\n<div id=\"attachment_811\" style=\"width: 585px\" class=\"wp-caption aligncenter\"><a href=\"https:\/\/www.global-projects.es\/blog\/wp-content\/uploads\/2012\/02\/adom_usuari_accesos.jpg\"><img loading=\"lazy\" decoding=\"async\" aria-describedby=\"caption-attachment-811\" class=\"size-full wp-image-811\" title=\"ADOM- adaptar pisos discapacitados\" src=\"https:\/\/www.global-projects.es\/blog\/wp-content\/uploads\/2012\/02\/adom_usuari_accesos.jpg\" alt=\"\" width=\"575\" height=\"360\" \/><\/a><p id=\"caption-attachment-811\" class=\"wp-caption-text\">Fuente: ADOM-Autonomia<\/p><\/div>\n<p style=\"text-align: justify;\">Nuestros especialistas le aconsejar\u00e1n y asesorar\u00e1n en todo lo que sea necesario si se pone en contacto con nosotros. Ahora si lo desea puede <strong><a title=\"presupuesto reformas integrales barcelona\" href=\"https:\/\/www.global-projects.es\/es\/formulario\">solicitar su presupuesto<\/a><\/strong> de forma <strong>completamente gratuita<\/strong> y dejarse aconsejar por nuestros expertos con una amplia experiencia en <strong><a title=\"reformas integrales insatlaciones\" href=\"http:\/\/www.imagotechnics.com\/es\/reformasintegrales\/instalaciones.html\">reformas integrales<\/a>.<\/strong><\/p>\n<p>&nbsp;<\/p>\n","protected":false},"excerpt":{"rendered":"<p>Al realizar una reforma\u00a0integral de la vivienda, pisos, oficinas y locales comerciales se deben evitar las barreras arquitect\u00f3nicas. Algunos de nosotros o bien alg\u00fan familiar pueden tener alguna discapacidad por lo tanto es importante tambi\u00e9n pensar en poder facilitar su movilidad e incrementar su autonom\u00eda. Global Projects en colaboraci\u00f3n con la empresa ADOM-Autonomia\u00a0nos encargamos de [&hellip;]<\/p>\n","protected":false},"author":4,"featured_media":809,"comment_status":"open","ping_status":"closed","sticky":false,"template":"","format":"standard","meta":{"_et_pb_use_builder":"","_et_pb_old_content":"","_et_gb_content_width":"","footnotes":""},"categories":[19,21,36,46],"tags":[189,190,28,29,157,158],"class_list":["post-3261","post","type-post","status-publish","format-standard","has-post-thumbnail","hentry","category-diseno-2","category-novedades","category-interiorismo-2","category-domotica","tag-adaptar-pisos","tag-reformar-bano-adaptado","tag-accesibilidad","tag-adaptar-piso-minusvalido","tag-reformar-cocina","tag-reformar-piso"],"yoast_head":"<!-- This site is optimized with the Yoast SEO plugin v27.5 - https:\/\/yoast.com\/product\/yoast-seo-wordpress\/ -->\n<title>Pisos Adaptados Con Estilo - Global Projects<\/title>\n<meta name=\"robots\" content=\"index, follow, max-snippet:-1, max-image-preview:large, max-video-preview:-1\" \/>\n<link rel=\"canonical\" href=\"https:\/\/www.global-projects.es\/es\/pisos-adaptados-con-estilo\/\" \/>\n<meta property=\"og:locale\" content=\"es_ES\" \/>\n<meta property=\"og:type\" content=\"article\" \/>\n<meta property=\"og:title\" content=\"Pisos Adaptados Con Estilo - Global Projects\" \/>\n<meta property=\"og:description\" content=\"Al realizar una reforma\u00a0integral de la vivienda, pisos, oficinas y locales comerciales se deben evitar las barreras arquitect\u00f3nicas. Algunos de nosotros o bien alg\u00fan familiar pueden tener alguna discapacidad por lo tanto es importante tambi\u00e9n pensar en poder facilitar su movilidad e incrementar su autonom\u00eda. Global Projects en colaboraci\u00f3n con la empresa ADOM-Autonomia\u00a0nos encargamos de [&hellip;]\" \/>\n<meta property=\"og:url\" content=\"https:\/\/www.global-projects.es\/es\/pisos-adaptados-con-estilo\/\" \/>\n<meta property=\"og:site_name\" content=\"Global Projects\" \/>\n<meta property=\"article:publisher\" content=\"https:\/\/www.facebook.com\/gblprojects\" \/>\n<meta property=\"article:published_time\" content=\"2012-02-17T09:19:51+00:00\" \/>\n<meta property=\"og:image\" content=\"https:\/\/www.global-projects.es\/wp-content\/uploads\/2014\/05\/PS-Tarragona-11.jpg\" \/>\n\t<meta property=\"og:image:width\" content=\"1080\" \/>\n\t<meta property=\"og:image:height\" content=\"675\" \/>\n\t<meta property=\"og:image:type\" content=\"image\/jpeg\" \/>\n<meta name=\"author\" content=\"Global\" \/>\n<meta name=\"twitter:card\" content=\"summary_large_image\" \/>\n<meta name=\"twitter:creator\" content=\"@global_projects\" \/>\n<meta name=\"twitter:site\" content=\"@global_projects\" \/>\n<meta name=\"twitter:label1\" content=\"Escrito por\" \/>\n\t<meta name=\"twitter:data1\" content=\"Global\" \/>\n\t<meta name=\"twitter:label2\" content=\"Tiempo de lectura\" \/>\n\t<meta name=\"twitter:data2\" content=\"1 minuto\" \/>\n<script type=\"application\/ld+json\" class=\"yoast-schema-graph\">{\"@context\":\"https:\\\/\\\/schema.org\",\"@graph\":[{\"@type\":\"Article\",\"@id\":\"https:\\\/\\\/www.global-projects.es\\\/es\\\/pisos-adaptados-con-estilo\\\/#article\",\"isPartOf\":{\"@id\":\"https:\\\/\\\/www.global-projects.es\\\/es\\\/pisos-adaptados-con-estilo\\\/\"},\"author\":{\"name\":\"Global\",\"@id\":\"https:\\\/\\\/www.global-projects.es\\\/es\\\/#\\\/schema\\\/person\\\/62ec8db1b3b6b0776dc86d00b37c57ff\"},\"headline\":\"Pisos Adaptados Con Estilo\",\"datePublished\":\"2012-02-17T09:19:51+00:00\",\"mainEntityOfPage\":{\"@id\":\"https:\\\/\\\/www.global-projects.es\\\/es\\\/pisos-adaptados-con-estilo\\\/\"},\"wordCount\":273,\"commentCount\":0,\"image\":{\"@id\":\"https:\\\/\\\/www.global-projects.es\\\/es\\\/pisos-adaptados-con-estilo\\\/#primaryimage\"},\"thumbnailUrl\":\"https:\\\/\\\/www.global-projects.es\\\/wp-content\\\/uploads\\\/2014\\\/05\\\/PS-Tarragona-11.jpg\",\"keywords\":[\"adaptar pisos\",\"reformar ba\u00f1o adaptado\",\"accesibilidad\",\"adaptar piso minusvalido\",\"reformar cocina\",\"reformar piso\"],\"articleSection\":[\"dise\u00f1o\",\"novedades\",\"Interiorismo\",\"Dom\u00f3tica\"],\"inLanguage\":\"es\",\"potentialAction\":[{\"@type\":\"CommentAction\",\"name\":\"Comment\",\"target\":[\"https:\\\/\\\/www.global-projects.es\\\/es\\\/pisos-adaptados-con-estilo\\\/#respond\"]}]},{\"@type\":\"WebPage\",\"@id\":\"https:\\\/\\\/www.global-projects.es\\\/es\\\/pisos-adaptados-con-estilo\\\/\",\"url\":\"https:\\\/\\\/www.global-projects.es\\\/es\\\/pisos-adaptados-con-estilo\\\/\",\"name\":\"Pisos Adaptados Con Estilo - Global Projects\",\"isPartOf\":{\"@id\":\"https:\\\/\\\/www.global-projects.es\\\/es\\\/#website\"},\"primaryImageOfPage\":{\"@id\":\"https:\\\/\\\/www.global-projects.es\\\/es\\\/pisos-adaptados-con-estilo\\\/#primaryimage\"},\"image\":{\"@id\":\"https:\\\/\\\/www.global-projects.es\\\/es\\\/pisos-adaptados-con-estilo\\\/#primaryimage\"},\"thumbnailUrl\":\"https:\\\/\\\/www.global-projects.es\\\/wp-content\\\/uploads\\\/2014\\\/05\\\/PS-Tarragona-11.jpg\",\"datePublished\":\"2012-02-17T09:19:51+00:00\",\"author\":{\"@id\":\"https:\\\/\\\/www.global-projects.es\\\/es\\\/#\\\/schema\\\/person\\\/62ec8db1b3b6b0776dc86d00b37c57ff\"},\"breadcrumb\":{\"@id\":\"https:\\\/\\\/www.global-projects.es\\\/es\\\/pisos-adaptados-con-estilo\\\/#breadcrumb\"},\"inLanguage\":\"es\",\"potentialAction\":[{\"@type\":\"ReadAction\",\"target\":[\"https:\\\/\\\/www.global-projects.es\\\/es\\\/pisos-adaptados-con-estilo\\\/\"]}]},{\"@type\":\"ImageObject\",\"inLanguage\":\"es\",\"@id\":\"https:\\\/\\\/www.global-projects.es\\\/es\\\/pisos-adaptados-con-estilo\\\/#primaryimage\",\"url\":\"https:\\\/\\\/www.global-projects.es\\\/wp-content\\\/uploads\\\/2014\\\/05\\\/PS-Tarragona-11.jpg\",\"contentUrl\":\"https:\\\/\\\/www.global-projects.es\\\/wp-content\\\/uploads\\\/2014\\\/05\\\/PS-Tarragona-11.jpg\",\"width\":1080,\"height\":675,\"caption\":\"Reforma vivienda\"},{\"@type\":\"BreadcrumbList\",\"@id\":\"https:\\\/\\\/www.global-projects.es\\\/es\\\/pisos-adaptados-con-estilo\\\/#breadcrumb\",\"itemListElement\":[{\"@type\":\"ListItem\",\"position\":1,\"name\":\"Portada\",\"item\":\"https:\\\/\\\/www.global-projects.es\\\/es\\\/\"},{\"@type\":\"ListItem\",\"position\":2,\"name\":\"Pisos Adaptados Con Estilo\"}]},{\"@type\":\"WebSite\",\"@id\":\"https:\\\/\\\/www.global-projects.es\\\/es\\\/#website\",\"url\":\"https:\\\/\\\/www.global-projects.es\\\/es\\\/\",\"name\":\"Global Projects\",\"description\":\"Reformas Integrales Barcelona\",\"potentialAction\":[{\"@type\":\"SearchAction\",\"target\":{\"@type\":\"EntryPoint\",\"urlTemplate\":\"https:\\\/\\\/www.global-projects.es\\\/es\\\/?s={search_term_string}\"},\"query-input\":{\"@type\":\"PropertyValueSpecification\",\"valueRequired\":true,\"valueName\":\"search_term_string\"}}],\"inLanguage\":\"es\"},{\"@type\":\"Person\",\"@id\":\"https:\\\/\\\/www.global-projects.es\\\/es\\\/#\\\/schema\\\/person\\\/62ec8db1b3b6b0776dc86d00b37c57ff\",\"name\":\"Global\",\"url\":\"https:\\\/\\\/www.global-projects.es\\\/es\\\/author\\\/global\\\/\"}]}<\/script>\n<!-- \/ Yoast SEO plugin. -->","yoast_head_json":{"title":"Pisos Adaptados Con Estilo - Global Projects","robots":{"index":"index","follow":"follow","max-snippet":"max-snippet:-1","max-image-preview":"max-image-preview:large","max-video-preview":"max-video-preview:-1"},"canonical":"https:\/\/www.global-projects.es\/es\/pisos-adaptados-con-estilo\/","og_locale":"es_ES","og_type":"article","og_title":"Pisos Adaptados Con Estilo - Global Projects","og_description":"Al realizar una reforma\u00a0integral de la vivienda, pisos, oficinas y locales comerciales se deben evitar las barreras arquitect\u00f3nicas. Algunos de nosotros o bien alg\u00fan familiar pueden tener alguna discapacidad por lo tanto es importante tambi\u00e9n pensar en poder facilitar su movilidad e incrementar su autonom\u00eda. Global Projects en colaboraci\u00f3n con la empresa ADOM-Autonomia\u00a0nos encargamos de [&hellip;]","og_url":"https:\/\/www.global-projects.es\/es\/pisos-adaptados-con-estilo\/","og_site_name":"Global Projects","article_publisher":"https:\/\/www.facebook.com\/gblprojects","article_published_time":"2012-02-17T09:19:51+00:00","og_image":[{"width":1080,"height":675,"url":"https:\/\/www.global-projects.es\/wp-content\/uploads\/2014\/05\/PS-Tarragona-11.jpg","type":"image\/jpeg"}],"author":"Global","twitter_card":"summary_large_image","twitter_creator":"@global_projects","twitter_site":"@global_projects","twitter_misc":{"Escrito por":"Global","Tiempo de lectura":"1 minuto"},"schema":{"@context":"https:\/\/schema.org","@graph":[{"@type":"Article","@id":"https:\/\/www.global-projects.es\/es\/pisos-adaptados-con-estilo\/#article","isPartOf":{"@id":"https:\/\/www.global-projects.es\/es\/pisos-adaptados-con-estilo\/"},"author":{"name":"Global","@id":"https:\/\/www.global-projects.es\/es\/#\/schema\/person\/62ec8db1b3b6b0776dc86d00b37c57ff"},"headline":"Pisos Adaptados Con Estilo","datePublished":"2012-02-17T09:19:51+00:00","mainEntityOfPage":{"@id":"https:\/\/www.global-projects.es\/es\/pisos-adaptados-con-estilo\/"},"wordCount":273,"commentCount":0,"image":{"@id":"https:\/\/www.global-projects.es\/es\/pisos-adaptados-con-estilo\/#primaryimage"},"thumbnailUrl":"https:\/\/www.global-projects.es\/wp-content\/uploads\/2014\/05\/PS-Tarragona-11.jpg","keywords":["adaptar pisos","reformar ba\u00f1o adaptado","accesibilidad","adaptar piso minusvalido","reformar cocina","reformar piso"],"articleSection":["dise\u00f1o","novedades","Interiorismo","Dom\u00f3tica"],"inLanguage":"es","potentialAction":[{"@type":"CommentAction","name":"Comment","target":["https:\/\/www.global-projects.es\/es\/pisos-adaptados-con-estilo\/#respond"]}]},{"@type":"WebPage","@id":"https:\/\/www.global-projects.es\/es\/pisos-adaptados-con-estilo\/","url":"https:\/\/www.global-projects.es\/es\/pisos-adaptados-con-estilo\/","name":"Pisos Adaptados Con Estilo - Global Projects","isPartOf":{"@id":"https:\/\/www.global-projects.es\/es\/#website"},"primaryImageOfPage":{"@id":"https:\/\/www.global-projects.es\/es\/pisos-adaptados-con-estilo\/#primaryimage"},"image":{"@id":"https:\/\/www.global-projects.es\/es\/pisos-adaptados-con-estilo\/#primaryimage"},"thumbnailUrl":"https:\/\/www.global-projects.es\/wp-content\/uploads\/2014\/05\/PS-Tarragona-11.jpg","datePublished":"2012-02-17T09:19:51+00:00","author":{"@id":"https:\/\/www.global-projects.es\/es\/#\/schema\/person\/62ec8db1b3b6b0776dc86d00b37c57ff"},"breadcrumb":{"@id":"https:\/\/www.global-projects.es\/es\/pisos-adaptados-con-estilo\/#breadcrumb"},"inLanguage":"es","potentialAction":[{"@type":"ReadAction","target":["https:\/\/www.global-projects.es\/es\/pisos-adaptados-con-estilo\/"]}]},{"@type":"ImageObject","inLanguage":"es","@id":"https:\/\/www.global-projects.es\/es\/pisos-adaptados-con-estilo\/#primaryimage","url":"https:\/\/www.global-projects.es\/wp-content\/uploads\/2014\/05\/PS-Tarragona-11.jpg","contentUrl":"https:\/\/www.global-projects.es\/wp-content\/uploads\/2014\/05\/PS-Tarragona-11.jpg","width":1080,"height":675,"caption":"Reforma vivienda"},{"@type":"BreadcrumbList","@id":"https:\/\/www.global-projects.es\/es\/pisos-adaptados-con-estilo\/#breadcrumb","itemListElement":[{"@type":"ListItem","position":1,"name":"Portada","item":"https:\/\/www.global-projects.es\/es\/"},{"@type":"ListItem","position":2,"name":"Pisos Adaptados Con Estilo"}]},{"@type":"WebSite","@id":"https:\/\/www.global-projects.es\/es\/#website","url":"https:\/\/www.global-projects.es\/es\/","name":"Global Projects","description":"Reformas Integrales Barcelona","potentialAction":[{"@type":"SearchAction","target":{"@type":"EntryPoint","urlTemplate":"https:\/\/www.global-projects.es\/es\/?s={search_term_string}"},"query-input":{"@type":"PropertyValueSpecification","valueRequired":true,"valueName":"search_term_string"}}],"inLanguage":"es"},{"@type":"Person","@id":"https:\/\/www.global-projects.es\/es\/#\/schema\/person\/62ec8db1b3b6b0776dc86d00b37c57ff","name":"Global","url":"https:\/\/www.global-projects.es\/es\/author\/global\/"}]}},"_links":{"self":[{"href":"https:\/\/www.global-projects.es\/es\/wp-json\/wp\/v2\/posts\/3261","targetHints":{"allow":["GET"]}}],"collection":[{"href":"https:\/\/www.global-projects.es\/es\/wp-json\/wp\/v2\/posts"}],"about":[{"href":"https:\/\/www.global-projects.es\/es\/wp-json\/wp\/v2\/types\/post"}],"author":[{"embeddable":true,"href":"https:\/\/www.global-projects.es\/es\/wp-json\/wp\/v2\/users\/4"}],"replies":[{"embeddable":true,"href":"https:\/\/www.global-projects.es\/es\/wp-json\/wp\/v2\/comments?post=3261"}],"version-history":[{"count":0,"href":"https:\/\/www.global-projects.es\/es\/wp-json\/wp\/v2\/posts\/3261\/revisions"}],"wp:featuredmedia":[{"embeddable":true,"href":"https:\/\/www.global-projects.es\/es\/wp-json\/wp\/v2\/media\/809"}],"wp:attachment":[{"href":"https:\/\/www.global-projects.es\/es\/wp-json\/wp\/v2\/media?parent=3261"}],"wp:term":[{"taxonomy":"category","embeddable":true,"href":"https:\/\/www.global-projects.es\/es\/wp-json\/wp\/v2\/categories?post=3261"},{"taxonomy":"post_tag","embeddable":true,"href":"https:\/\/www.global-projects.es\/es\/wp-json\/wp\/v2\/tags?post=3261"}],"curies":[{"name":"wp","href":"https:\/\/api.w.org\/{rel}","templated":true}]}}