{"id":3260,"date":"2012-02-15T10:48:54","date_gmt":"2012-02-15T10:48:54","guid":{"rendered":"http:\/\/www.global-projects.es\/blog\/?p=796"},"modified":"2012-02-15T10:48:54","modified_gmt":"2012-02-15T10:48:54","slug":"el-sanitario","status":"publish","type":"post","link":"https:\/\/www.global-projects.es\/es\/el-sanitario\/","title":{"rendered":"El sanitario"},"content":{"rendered":"<p style=\"text-align: justify;\">El\u00a0<strong>ba\u00f1o <\/strong>es\u00a0unos de los espacio de la vivienda m\u00e1s utilizado. Por esta raz\u00f3n, al realizar una <strong><a title=\"reformas ba\u00f1o\" href=\"https:\/\/www.global-projects.es\/es\/servicios\/reformas-integrales\">reforma del ba\u00f1o<\/a><\/strong> se debe pensar bien en la <strong>calidad de los sanitarios <\/strong>y el equilibrio arm\u00f3nico con el resto del espacio.<\/p>\n<p style=\"text-align: justify;\">Teniendo en cuenta que un sanitario no se cambia regularmente es importante que sea moderno. Hoy os proponemos un sanitario sencillo pero que por muchos a\u00f1os que pasen se ver\u00e1 actual; el sanitario<strong> Dama Senseo de Roca<\/strong>. \u00a0De hecho es la evoluci\u00f3n del sanitario tradicional curvado de Roca; sus<strong> <\/strong>l\u00edneas rectas dan un toque m\u00e1s sofisticado al ba\u00f1o por eso es uno de los m\u00e1s usados en las<strong> r<a title=\"reformas ba\u00f1os\" href=\"http:\/\/www.imagotechnics.com\/es\/reformasintegrales\/reformasbanos.html\">eformas de ba\u00f1os<\/a>.<\/strong><\/p>\n<p style=\"text-align: center;\"><a href=\"https:\/\/www.global-projects.es\/blog\/wp-content\/uploads\/2012\/02\/360.jpg\"><img loading=\"lazy\" decoding=\"async\" class=\"aligncenter size-full wp-image-798\" title=\"reformas integrales barcelona\" src=\"https:\/\/www.global-projects.es\/blog\/wp-content\/uploads\/2012\/02\/360.jpg\" alt=\"\" width=\"450\" height=\"468\" \/><\/a><\/p>\n<p style=\"text-align: justify;\">Si tiene en mente <strong>r<a title=\"reformas ba\u00f1os\" href=\"http:\/\/www.imagotechnics.com\/es\/reformasintegrales\/reformasbanos.html\">eformar el ba\u00f1o<\/a><\/strong> o bien <strong>renovarlo<\/strong> y no sabe por d\u00f3nde empezar tiene a su disposici\u00f3n un equipo de t\u00e9cnicos que le asesoraran de forma gratuita y sin compromiso. Si lo desea puede realizar su consulta o bien pedir presupuesto <strong><a href=\"https:\/\/www.global-projects.es\/es\/formulario\">aqu\u00ed<\/a><\/strong>.<\/p>\n<p style=\"text-align: center;\"><a href=\"https:\/\/www.global-projects.es\/blog\/wp-content\/uploads\/2012\/02\/2451845145.98_serie_dama_senso_de_roca.jpg\"><img loading=\"lazy\" decoding=\"async\" class=\"aligncenter size-full wp-image-797\" title=\"reformas integrales barcelona\" src=\"https:\/\/www.global-projects.es\/blog\/wp-content\/uploads\/2012\/02\/2451845145.98_serie_dama_senso_de_roca.jpg\" alt=\"\" width=\"465\" height=\"371\" \/><\/a><\/p>\n<p style=\"text-align: justify;\">En <strong>Global Projects<\/strong> siempre estamos a su disposici\u00f3n, le ayudamos con sus\u00a0<strong><a title=\"reformas integrales\" href=\"https:\/\/www.global-projects.es\/es\/reformas-integrales\">reformas integrales<\/a><\/strong> para que usted no se\u00a0tenga que preocupar de nada.<\/p>\n<p style=\"text-align: justify;\">\n","protected":false},"excerpt":{"rendered":"<p>El\u00a0ba\u00f1o es\u00a0unos de los espacio de la vivienda m\u00e1s utilizado. Por esta raz\u00f3n, al realizar una reforma del ba\u00f1o se debe pensar bien en la calidad de los sanitarios y el equilibrio arm\u00f3nico con el resto del espacio. Teniendo en cuenta que un sanitario no se cambia regularmente es importante que sea moderno. Hoy os [&hellip;]<\/p>\n","protected":false},"author":4,"featured_media":797,"comment_status":"open","ping_status":"closed","sticky":false,"template":"","format":"standard","meta":{"_et_pb_use_builder":"","_et_pb_old_content":"","_et_gb_content_width":"","footnotes":""},"categories":[19,36,38],"tags":[184,185,25,37,118,157,162,181,182,183],"class_list":["post-3260","post","type-post","status-publish","format-standard","has-post-thumbnail","hentry","category-diseno-2","category-interiorismo-2","category-banos-modernos","tag-rehabilitacion-fachada","tag-restauracion-fachadas","tag-reformas-integrales","tag-reformas-integrales-barcelona","tag-reformas-cocinas","tag-reformar-cocina","tag-reformar-cocina-moderna","tag-empresa-de-reformas","tag-reformas-bano-moderno","tag-reformas-viviendas"],"yoast_head":"<!-- This site is optimized with the Yoast SEO plugin v27.5 - https:\/\/yoast.com\/product\/yoast-seo-wordpress\/ -->\n<title>El sanitario - Global Projects<\/title>\n<meta name=\"robots\" content=\"index, follow, max-snippet:-1, max-image-preview:large, max-video-preview:-1\" \/>\n<link rel=\"canonical\" href=\"https:\/\/www.global-projects.es\/es\/el-sanitario\/\" \/>\n<meta property=\"og:locale\" content=\"es_ES\" \/>\n<meta property=\"og:type\" content=\"article\" \/>\n<meta property=\"og:title\" content=\"El sanitario - Global Projects\" \/>\n<meta property=\"og:description\" content=\"El\u00a0ba\u00f1o es\u00a0unos de los espacio de la vivienda m\u00e1s utilizado. Por esta raz\u00f3n, al realizar una reforma del ba\u00f1o se debe pensar bien en la calidad de los sanitarios y el equilibrio arm\u00f3nico con el resto del espacio. Teniendo en cuenta que un sanitario no se cambia regularmente es importante que sea moderno. Hoy os [&hellip;]\" \/>\n<meta property=\"og:url\" content=\"https:\/\/www.global-projects.es\/es\/el-sanitario\/\" \/>\n<meta property=\"og:site_name\" content=\"Global Projects\" \/>\n<meta property=\"article:publisher\" content=\"https:\/\/www.facebook.com\/gblprojects\" \/>\n<meta property=\"article:published_time\" content=\"2012-02-15T10:48:54+00:00\" \/>\n<meta property=\"og:image\" content=\"https:\/\/www.global-projects.es\/wp-content\/uploads\/2014\/05\/PS-Sant-Pau5.jpg\" \/>\n\t<meta property=\"og:image:width\" content=\"1080\" \/>\n\t<meta property=\"og:image:height\" content=\"675\" \/>\n\t<meta property=\"og:image:type\" content=\"image\/jpeg\" \/>\n<meta name=\"author\" content=\"Global\" \/>\n<meta name=\"twitter:card\" content=\"summary_large_image\" \/>\n<meta name=\"twitter:creator\" content=\"@global_projects\" \/>\n<meta name=\"twitter:site\" content=\"@global_projects\" \/>\n<meta name=\"twitter:label1\" content=\"Escrito por\" \/>\n\t<meta name=\"twitter:data1\" content=\"Global\" \/>\n\t<meta name=\"twitter:label2\" content=\"Tiempo de lectura\" \/>\n\t<meta name=\"twitter:data2\" content=\"1 minuto\" \/>\n<script type=\"application\/ld+json\" class=\"yoast-schema-graph\">{\"@context\":\"https:\\\/\\\/schema.org\",\"@graph\":[{\"@type\":\"Article\",\"@id\":\"https:\\\/\\\/www.global-projects.es\\\/es\\\/el-sanitario\\\/#article\",\"isPartOf\":{\"@id\":\"https:\\\/\\\/www.global-projects.es\\\/es\\\/el-sanitario\\\/\"},\"author\":{\"name\":\"Global\",\"@id\":\"https:\\\/\\\/www.global-projects.es\\\/es\\\/#\\\/schema\\\/person\\\/62ec8db1b3b6b0776dc86d00b37c57ff\"},\"headline\":\"El sanitario\",\"datePublished\":\"2012-02-15T10:48:54+00:00\",\"mainEntityOfPage\":{\"@id\":\"https:\\\/\\\/www.global-projects.es\\\/es\\\/el-sanitario\\\/\"},\"wordCount\":199,\"commentCount\":0,\"image\":{\"@id\":\"https:\\\/\\\/www.global-projects.es\\\/es\\\/el-sanitario\\\/#primaryimage\"},\"thumbnailUrl\":\"https:\\\/\\\/www.global-projects.es\\\/wp-content\\\/uploads\\\/2014\\\/05\\\/PS-Sant-Pau5.jpg\",\"keywords\":[\"rehabilitaci\u00f3n fachada\",\"restauraci\u00f3n fachadas\",\"reformas integrales\",\"reformas integrales barcelona\",\"reformas cocinas\",\"reformar cocina\",\"reformar cocina moderna\",\"empresa de reformas\",\"reformas ba\u00f1o moderno\",\"reformas viviendas\"],\"articleSection\":[\"dise\u00f1o\",\"Interiorismo\",\"Ba\u00f1os Modernos\"],\"inLanguage\":\"es\",\"potentialAction\":[{\"@type\":\"CommentAction\",\"name\":\"Comment\",\"target\":[\"https:\\\/\\\/www.global-projects.es\\\/es\\\/el-sanitario\\\/#respond\"]}]},{\"@type\":\"WebPage\",\"@id\":\"https:\\\/\\\/www.global-projects.es\\\/es\\\/el-sanitario\\\/\",\"url\":\"https:\\\/\\\/www.global-projects.es\\\/es\\\/el-sanitario\\\/\",\"name\":\"El sanitario - Global Projects\",\"isPartOf\":{\"@id\":\"https:\\\/\\\/www.global-projects.es\\\/es\\\/#website\"},\"primaryImageOfPage\":{\"@id\":\"https:\\\/\\\/www.global-projects.es\\\/es\\\/el-sanitario\\\/#primaryimage\"},\"image\":{\"@id\":\"https:\\\/\\\/www.global-projects.es\\\/es\\\/el-sanitario\\\/#primaryimage\"},\"thumbnailUrl\":\"https:\\\/\\\/www.global-projects.es\\\/wp-content\\\/uploads\\\/2014\\\/05\\\/PS-Sant-Pau5.jpg\",\"datePublished\":\"2012-02-15T10:48:54+00:00\",\"author\":{\"@id\":\"https:\\\/\\\/www.global-projects.es\\\/es\\\/#\\\/schema\\\/person\\\/62ec8db1b3b6b0776dc86d00b37c57ff\"},\"breadcrumb\":{\"@id\":\"https:\\\/\\\/www.global-projects.es\\\/es\\\/el-sanitario\\\/#breadcrumb\"},\"inLanguage\":\"es\",\"potentialAction\":[{\"@type\":\"ReadAction\",\"target\":[\"https:\\\/\\\/www.global-projects.es\\\/es\\\/el-sanitario\\\/\"]}]},{\"@type\":\"ImageObject\",\"inLanguage\":\"es\",\"@id\":\"https:\\\/\\\/www.global-projects.es\\\/es\\\/el-sanitario\\\/#primaryimage\",\"url\":\"https:\\\/\\\/www.global-projects.es\\\/wp-content\\\/uploads\\\/2014\\\/05\\\/PS-Sant-Pau5.jpg\",\"contentUrl\":\"https:\\\/\\\/www.global-projects.es\\\/wp-content\\\/uploads\\\/2014\\\/05\\\/PS-Sant-Pau5.jpg\",\"width\":1080,\"height\":675,\"caption\":\"Reforma vivienda Barcelona\"},{\"@type\":\"BreadcrumbList\",\"@id\":\"https:\\\/\\\/www.global-projects.es\\\/es\\\/el-sanitario\\\/#breadcrumb\",\"itemListElement\":[{\"@type\":\"ListItem\",\"position\":1,\"name\":\"Portada\",\"item\":\"https:\\\/\\\/www.global-projects.es\\\/es\\\/\"},{\"@type\":\"ListItem\",\"position\":2,\"name\":\"El sanitario\"}]},{\"@type\":\"WebSite\",\"@id\":\"https:\\\/\\\/www.global-projects.es\\\/es\\\/#website\",\"url\":\"https:\\\/\\\/www.global-projects.es\\\/es\\\/\",\"name\":\"Global Projects\",\"description\":\"Reformas Integrales Barcelona\",\"potentialAction\":[{\"@type\":\"SearchAction\",\"target\":{\"@type\":\"EntryPoint\",\"urlTemplate\":\"https:\\\/\\\/www.global-projects.es\\\/es\\\/?s={search_term_string}\"},\"query-input\":{\"@type\":\"PropertyValueSpecification\",\"valueRequired\":true,\"valueName\":\"search_term_string\"}}],\"inLanguage\":\"es\"},{\"@type\":\"Person\",\"@id\":\"https:\\\/\\\/www.global-projects.es\\\/es\\\/#\\\/schema\\\/person\\\/62ec8db1b3b6b0776dc86d00b37c57ff\",\"name\":\"Global\",\"url\":\"https:\\\/\\\/www.global-projects.es\\\/es\\\/author\\\/global\\\/\"}]}<\/script>\n<!-- \/ Yoast SEO plugin. -->","yoast_head_json":{"title":"El sanitario - Global Projects","robots":{"index":"index","follow":"follow","max-snippet":"max-snippet:-1","max-image-preview":"max-image-preview:large","max-video-preview":"max-video-preview:-1"},"canonical":"https:\/\/www.global-projects.es\/es\/el-sanitario\/","og_locale":"es_ES","og_type":"article","og_title":"El sanitario - Global Projects","og_description":"El\u00a0ba\u00f1o es\u00a0unos de los espacio de la vivienda m\u00e1s utilizado. Por esta raz\u00f3n, al realizar una reforma del ba\u00f1o se debe pensar bien en la calidad de los sanitarios y el equilibrio arm\u00f3nico con el resto del espacio. Teniendo en cuenta que un sanitario no se cambia regularmente es importante que sea moderno. Hoy os [&hellip;]","og_url":"https:\/\/www.global-projects.es\/es\/el-sanitario\/","og_site_name":"Global Projects","article_publisher":"https:\/\/www.facebook.com\/gblprojects","article_published_time":"2012-02-15T10:48:54+00:00","og_image":[{"width":1080,"height":675,"url":"https:\/\/www.global-projects.es\/wp-content\/uploads\/2014\/05\/PS-Sant-Pau5.jpg","type":"image\/jpeg"}],"author":"Global","twitter_card":"summary_large_image","twitter_creator":"@global_projects","twitter_site":"@global_projects","twitter_misc":{"Escrito por":"Global","Tiempo de lectura":"1 minuto"},"schema":{"@context":"https:\/\/schema.org","@graph":[{"@type":"Article","@id":"https:\/\/www.global-projects.es\/es\/el-sanitario\/#article","isPartOf":{"@id":"https:\/\/www.global-projects.es\/es\/el-sanitario\/"},"author":{"name":"Global","@id":"https:\/\/www.global-projects.es\/es\/#\/schema\/person\/62ec8db1b3b6b0776dc86d00b37c57ff"},"headline":"El sanitario","datePublished":"2012-02-15T10:48:54+00:00","mainEntityOfPage":{"@id":"https:\/\/www.global-projects.es\/es\/el-sanitario\/"},"wordCount":199,"commentCount":0,"image":{"@id":"https:\/\/www.global-projects.es\/es\/el-sanitario\/#primaryimage"},"thumbnailUrl":"https:\/\/www.global-projects.es\/wp-content\/uploads\/2014\/05\/PS-Sant-Pau5.jpg","keywords":["rehabilitaci\u00f3n fachada","restauraci\u00f3n fachadas","reformas integrales","reformas integrales barcelona","reformas cocinas","reformar cocina","reformar cocina moderna","empresa de reformas","reformas ba\u00f1o moderno","reformas viviendas"],"articleSection":["dise\u00f1o","Interiorismo","Ba\u00f1os Modernos"],"inLanguage":"es","potentialAction":[{"@type":"CommentAction","name":"Comment","target":["https:\/\/www.global-projects.es\/es\/el-sanitario\/#respond"]}]},{"@type":"WebPage","@id":"https:\/\/www.global-projects.es\/es\/el-sanitario\/","url":"https:\/\/www.global-projects.es\/es\/el-sanitario\/","name":"El sanitario - Global Projects","isPartOf":{"@id":"https:\/\/www.global-projects.es\/es\/#website"},"primaryImageOfPage":{"@id":"https:\/\/www.global-projects.es\/es\/el-sanitario\/#primaryimage"},"image":{"@id":"https:\/\/www.global-projects.es\/es\/el-sanitario\/#primaryimage"},"thumbnailUrl":"https:\/\/www.global-projects.es\/wp-content\/uploads\/2014\/05\/PS-Sant-Pau5.jpg","datePublished":"2012-02-15T10:48:54+00:00","author":{"@id":"https:\/\/www.global-projects.es\/es\/#\/schema\/person\/62ec8db1b3b6b0776dc86d00b37c57ff"},"breadcrumb":{"@id":"https:\/\/www.global-projects.es\/es\/el-sanitario\/#breadcrumb"},"inLanguage":"es","potentialAction":[{"@type":"ReadAction","target":["https:\/\/www.global-projects.es\/es\/el-sanitario\/"]}]},{"@type":"ImageObject","inLanguage":"es","@id":"https:\/\/www.global-projects.es\/es\/el-sanitario\/#primaryimage","url":"https:\/\/www.global-projects.es\/wp-content\/uploads\/2014\/05\/PS-Sant-Pau5.jpg","contentUrl":"https:\/\/www.global-projects.es\/wp-content\/uploads\/2014\/05\/PS-Sant-Pau5.jpg","width":1080,"height":675,"caption":"Reforma vivienda Barcelona"},{"@type":"BreadcrumbList","@id":"https:\/\/www.global-projects.es\/es\/el-sanitario\/#breadcrumb","itemListElement":[{"@type":"ListItem","position":1,"name":"Portada","item":"https:\/\/www.global-projects.es\/es\/"},{"@type":"ListItem","position":2,"name":"El sanitario"}]},{"@type":"WebSite","@id":"https:\/\/www.global-projects.es\/es\/#website","url":"https:\/\/www.global-projects.es\/es\/","name":"Global Projects","description":"Reformas Integrales Barcelona","potentialAction":[{"@type":"SearchAction","target":{"@type":"EntryPoint","urlTemplate":"https:\/\/www.global-projects.es\/es\/?s={search_term_string}"},"query-input":{"@type":"PropertyValueSpecification","valueRequired":true,"valueName":"search_term_string"}}],"inLanguage":"es"},{"@type":"Person","@id":"https:\/\/www.global-projects.es\/es\/#\/schema\/person\/62ec8db1b3b6b0776dc86d00b37c57ff","name":"Global","url":"https:\/\/www.global-projects.es\/es\/author\/global\/"}]}},"_links":{"self":[{"href":"https:\/\/www.global-projects.es\/es\/wp-json\/wp\/v2\/posts\/3260","targetHints":{"allow":["GET"]}}],"collection":[{"href":"https:\/\/www.global-projects.es\/es\/wp-json\/wp\/v2\/posts"}],"about":[{"href":"https:\/\/www.global-projects.es\/es\/wp-json\/wp\/v2\/types\/post"}],"author":[{"embeddable":true,"href":"https:\/\/www.global-projects.es\/es\/wp-json\/wp\/v2\/users\/4"}],"replies":[{"embeddable":true,"href":"https:\/\/www.global-projects.es\/es\/wp-json\/wp\/v2\/comments?post=3260"}],"version-history":[{"count":0,"href":"https:\/\/www.global-projects.es\/es\/wp-json\/wp\/v2\/posts\/3260\/revisions"}],"wp:featuredmedia":[{"embeddable":true,"href":"https:\/\/www.global-projects.es\/es\/wp-json\/wp\/v2\/media\/797"}],"wp:attachment":[{"href":"https:\/\/www.global-projects.es\/es\/wp-json\/wp\/v2\/media?parent=3260"}],"wp:term":[{"taxonomy":"category","embeddable":true,"href":"https:\/\/www.global-projects.es\/es\/wp-json\/wp\/v2\/categories?post=3260"},{"taxonomy":"post_tag","embeddable":true,"href":"https:\/\/www.global-projects.es\/es\/wp-json\/wp\/v2\/tags?post=3260"}],"curies":[{"name":"wp","href":"https:\/\/api.w.org\/{rel}","templated":true}]}}