{"id":3242,"date":"2011-12-27T09:13:57","date_gmt":"2011-12-27T09:13:57","guid":{"rendered":"http:\/\/www.global-projects.es\/blog\/?p=588"},"modified":"2011-12-27T09:13:57","modified_gmt":"2011-12-27T09:13:57","slug":"maison-objets-musees-paris","status":"publish","type":"post","link":"https:\/\/www.global-projects.es\/es\/maison-objets-musees-paris\/","title":{"rendered":"Maison &#038; Objets Musees Par\u00eds"},"content":{"rendered":"<p style=\"text-align: justify;\"><strong>Maison &amp; Objets Musees<\/strong> es la feria de art\u00edculos <strong>del hogar y de la decoraci\u00f3n<\/strong> que tiene lugar en Paris. Esta es una plataforma de comunicaci\u00f3n y de informaci\u00f3n de interiorismo y dise\u00f1o es la oportunidad para que las empresas y estudios de dise\u00f1o puedan dar a conocer sus objetos m\u00e1s novedosos, tendencias y productos.<\/p>\n<p>Del<strong> 20 al 24 de enero<\/strong> del pr\u00f3ximo a\u00f1o tienes la oportunidad de conocer lo m\u00e1s reciente en dise\u00f1o en Paris.<\/p>\n<p>En <a href=\"https:\/\/www.global-projects.es\/es\/reformas-integrales\"><strong>Global Projects<\/strong><\/a> deseamos que conozcas las \u00faltimas novedades en dise\u00f1o e interiorismo. S\u00edguenos en nuestro blog, <a href=\"https:\/\/www.global-projects.es\/es\/servicios\/reformas-integrales\" target=\"_blank\" rel=\"noopener noreferrer\"><strong>p\u00e1gina web<\/strong><\/a> o<a href=\"http:\/\/www.facebook.com\/pages\/On2heels\/226799074025295#!\/gblprojects\" target=\"_blank\" rel=\"noopener noreferrer\"> <strong>Facebook<\/strong><\/a>.<\/p>\n<p style=\"text-align: center;\"><a href=\"https:\/\/www.global-projects.es\/blog\/wp-content\/uploads\/2011\/12\/maison2.jpg\"><img loading=\"lazy\" decoding=\"async\" class=\"size-full wp-image-590 aligncenter\" title=\"reformas-barcelona\" src=\"https:\/\/www.global-projects.es\/blog\/wp-content\/uploads\/2011\/12\/maison2.jpg\" alt=\"\" width=\"253\" height=\"317\" \/><\/a><\/p>\n<p style=\"text-align: center;\"><a href=\"https:\/\/www.global-projects.es\/blog\/wp-content\/uploads\/2011\/12\/maison.jpg\"><img loading=\"lazy\" decoding=\"async\" class=\"size-full wp-image-589 aligncenter\" title=\"reformas-barcelona\" src=\"https:\/\/www.global-projects.es\/blog\/wp-content\/uploads\/2011\/12\/maison.jpg\" alt=\"\" width=\"261\" height=\"261\" \/><\/a><\/p>\n","protected":false},"excerpt":{"rendered":"<p>Maison &amp; Objets Musees es la feria de art\u00edculos del hogar y de la decoraci\u00f3n que tiene lugar en Paris. Esta es una plataforma de comunicaci\u00f3n y de informaci\u00f3n de interiorismo y dise\u00f1o es la oportunidad para que las empresas y estudios de dise\u00f1o puedan dar a conocer sus objetos m\u00e1s novedosos, tendencias y productos. [&hellip;]<\/p>\n","protected":false},"author":4,"featured_media":589,"comment_status":"open","ping_status":"closed","sticky":false,"template":"","format":"standard","meta":{"_et_pb_use_builder":"","_et_pb_old_content":"","_et_gb_content_width":"","footnotes":""},"categories":[19,21,26],"tags":[24,25,34,39,135],"class_list":["post-3242","post","type-post","status-publish","format-standard","has-post-thumbnail","hentry","category-diseno-2","category-novedades","category-tiendas-y-revistas","tag-interiorismo-3","tag-reformas-integrales","tag-cocinas-modernas","tag-banos-modernos-2","tag-reformas-integrales-global-projects"],"yoast_head":"<!-- This site is optimized with the Yoast SEO plugin v27.5 - https:\/\/yoast.com\/product\/yoast-seo-wordpress\/ -->\n<title>Maison &amp; Objets Musees Par\u00eds - Global Projects<\/title>\n<meta name=\"robots\" content=\"index, follow, max-snippet:-1, max-image-preview:large, max-video-preview:-1\" \/>\n<link rel=\"canonical\" href=\"https:\/\/www.global-projects.es\/es\/maison-objets-musees-paris\/\" \/>\n<meta property=\"og:locale\" content=\"es_ES\" \/>\n<meta property=\"og:type\" content=\"article\" \/>\n<meta property=\"og:title\" content=\"Maison &amp; Objets Musees Par\u00eds - Global Projects\" \/>\n<meta property=\"og:description\" content=\"Maison &amp; Objets Musees es la feria de art\u00edculos del hogar y de la decoraci\u00f3n que tiene lugar en Paris. Esta es una plataforma de comunicaci\u00f3n y de informaci\u00f3n de interiorismo y dise\u00f1o es la oportunidad para que las empresas y estudios de dise\u00f1o puedan dar a conocer sus objetos m\u00e1s novedosos, tendencias y productos. [&hellip;]\" \/>\n<meta property=\"og:url\" content=\"https:\/\/www.global-projects.es\/es\/maison-objets-musees-paris\/\" \/>\n<meta property=\"og:site_name\" content=\"Global Projects\" \/>\n<meta property=\"article:publisher\" content=\"https:\/\/www.facebook.com\/gblprojects\" \/>\n<meta property=\"article:published_time\" content=\"2011-12-27T09:13:57+00:00\" \/>\n<meta name=\"author\" content=\"Global\" \/>\n<meta name=\"twitter:card\" content=\"summary_large_image\" \/>\n<meta name=\"twitter:creator\" content=\"@global_projects\" \/>\n<meta name=\"twitter:site\" content=\"@global_projects\" \/>\n<meta name=\"twitter:label1\" content=\"Escrito por\" \/>\n\t<meta name=\"twitter:data1\" content=\"Global\" \/>\n\t<meta name=\"twitter:label2\" content=\"Tiempo de lectura\" \/>\n\t<meta name=\"twitter:data2\" content=\"1 minuto\" \/>\n<script type=\"application\/ld+json\" class=\"yoast-schema-graph\">{\"@context\":\"https:\\\/\\\/schema.org\",\"@graph\":[{\"@type\":\"Article\",\"@id\":\"https:\\\/\\\/www.global-projects.es\\\/es\\\/maison-objets-musees-paris\\\/#article\",\"isPartOf\":{\"@id\":\"https:\\\/\\\/www.global-projects.es\\\/es\\\/maison-objets-musees-paris\\\/\"},\"author\":{\"name\":\"Global\",\"@id\":\"https:\\\/\\\/www.global-projects.es\\\/es\\\/#\\\/schema\\\/person\\\/62ec8db1b3b6b0776dc86d00b37c57ff\"},\"headline\":\"Maison &#038; Objets Musees Par\u00eds\",\"datePublished\":\"2011-12-27T09:13:57+00:00\",\"mainEntityOfPage\":{\"@id\":\"https:\\\/\\\/www.global-projects.es\\\/es\\\/maison-objets-musees-paris\\\/\"},\"wordCount\":114,\"commentCount\":0,\"image\":{\"@id\":\"https:\\\/\\\/www.global-projects.es\\\/es\\\/maison-objets-musees-paris\\\/#primaryimage\"},\"thumbnailUrl\":\"\",\"keywords\":[\"interiorismo\",\"reformas integrales\",\"cocinas modernas\",\"ba\u00f1os modernos\",\"reformas integrales global projects\"],\"articleSection\":[\"dise\u00f1o\",\"novedades\",\"Tiendas y revistas\"],\"inLanguage\":\"es\",\"potentialAction\":[{\"@type\":\"CommentAction\",\"name\":\"Comment\",\"target\":[\"https:\\\/\\\/www.global-projects.es\\\/es\\\/maison-objets-musees-paris\\\/#respond\"]}]},{\"@type\":\"WebPage\",\"@id\":\"https:\\\/\\\/www.global-projects.es\\\/es\\\/maison-objets-musees-paris\\\/\",\"url\":\"https:\\\/\\\/www.global-projects.es\\\/es\\\/maison-objets-musees-paris\\\/\",\"name\":\"Maison & Objets Musees Par\u00eds - Global Projects\",\"isPartOf\":{\"@id\":\"https:\\\/\\\/www.global-projects.es\\\/es\\\/#website\"},\"primaryImageOfPage\":{\"@id\":\"https:\\\/\\\/www.global-projects.es\\\/es\\\/maison-objets-musees-paris\\\/#primaryimage\"},\"image\":{\"@id\":\"https:\\\/\\\/www.global-projects.es\\\/es\\\/maison-objets-musees-paris\\\/#primaryimage\"},\"thumbnailUrl\":\"\",\"datePublished\":\"2011-12-27T09:13:57+00:00\",\"author\":{\"@id\":\"https:\\\/\\\/www.global-projects.es\\\/es\\\/#\\\/schema\\\/person\\\/62ec8db1b3b6b0776dc86d00b37c57ff\"},\"breadcrumb\":{\"@id\":\"https:\\\/\\\/www.global-projects.es\\\/es\\\/maison-objets-musees-paris\\\/#breadcrumb\"},\"inLanguage\":\"es\",\"potentialAction\":[{\"@type\":\"ReadAction\",\"target\":[\"https:\\\/\\\/www.global-projects.es\\\/es\\\/maison-objets-musees-paris\\\/\"]}]},{\"@type\":\"ImageObject\",\"inLanguage\":\"es\",\"@id\":\"https:\\\/\\\/www.global-projects.es\\\/es\\\/maison-objets-musees-paris\\\/#primaryimage\",\"url\":\"\",\"contentUrl\":\"\"},{\"@type\":\"BreadcrumbList\",\"@id\":\"https:\\\/\\\/www.global-projects.es\\\/es\\\/maison-objets-musees-paris\\\/#breadcrumb\",\"itemListElement\":[{\"@type\":\"ListItem\",\"position\":1,\"name\":\"Portada\",\"item\":\"https:\\\/\\\/www.global-projects.es\\\/es\\\/\"},{\"@type\":\"ListItem\",\"position\":2,\"name\":\"Maison &#038; Objets Musees Par\u00eds\"}]},{\"@type\":\"WebSite\",\"@id\":\"https:\\\/\\\/www.global-projects.es\\\/es\\\/#website\",\"url\":\"https:\\\/\\\/www.global-projects.es\\\/es\\\/\",\"name\":\"Global Projects\",\"description\":\"Reformas Integrales Barcelona\",\"potentialAction\":[{\"@type\":\"SearchAction\",\"target\":{\"@type\":\"EntryPoint\",\"urlTemplate\":\"https:\\\/\\\/www.global-projects.es\\\/es\\\/?s={search_term_string}\"},\"query-input\":{\"@type\":\"PropertyValueSpecification\",\"valueRequired\":true,\"valueName\":\"search_term_string\"}}],\"inLanguage\":\"es\"},{\"@type\":\"Person\",\"@id\":\"https:\\\/\\\/www.global-projects.es\\\/es\\\/#\\\/schema\\\/person\\\/62ec8db1b3b6b0776dc86d00b37c57ff\",\"name\":\"Global\",\"url\":\"https:\\\/\\\/www.global-projects.es\\\/es\\\/author\\\/global\\\/\"}]}<\/script>\n<!-- \/ Yoast SEO plugin. -->","yoast_head_json":{"title":"Maison & Objets Musees Par\u00eds - Global Projects","robots":{"index":"index","follow":"follow","max-snippet":"max-snippet:-1","max-image-preview":"max-image-preview:large","max-video-preview":"max-video-preview:-1"},"canonical":"https:\/\/www.global-projects.es\/es\/maison-objets-musees-paris\/","og_locale":"es_ES","og_type":"article","og_title":"Maison & Objets Musees Par\u00eds - Global Projects","og_description":"Maison &amp; Objets Musees es la feria de art\u00edculos del hogar y de la decoraci\u00f3n que tiene lugar en Paris. Esta es una plataforma de comunicaci\u00f3n y de informaci\u00f3n de interiorismo y dise\u00f1o es la oportunidad para que las empresas y estudios de dise\u00f1o puedan dar a conocer sus objetos m\u00e1s novedosos, tendencias y productos. [&hellip;]","og_url":"https:\/\/www.global-projects.es\/es\/maison-objets-musees-paris\/","og_site_name":"Global Projects","article_publisher":"https:\/\/www.facebook.com\/gblprojects","article_published_time":"2011-12-27T09:13:57+00:00","author":"Global","twitter_card":"summary_large_image","twitter_creator":"@global_projects","twitter_site":"@global_projects","twitter_misc":{"Escrito por":"Global","Tiempo de lectura":"1 minuto"},"schema":{"@context":"https:\/\/schema.org","@graph":[{"@type":"Article","@id":"https:\/\/www.global-projects.es\/es\/maison-objets-musees-paris\/#article","isPartOf":{"@id":"https:\/\/www.global-projects.es\/es\/maison-objets-musees-paris\/"},"author":{"name":"Global","@id":"https:\/\/www.global-projects.es\/es\/#\/schema\/person\/62ec8db1b3b6b0776dc86d00b37c57ff"},"headline":"Maison &#038; Objets Musees Par\u00eds","datePublished":"2011-12-27T09:13:57+00:00","mainEntityOfPage":{"@id":"https:\/\/www.global-projects.es\/es\/maison-objets-musees-paris\/"},"wordCount":114,"commentCount":0,"image":{"@id":"https:\/\/www.global-projects.es\/es\/maison-objets-musees-paris\/#primaryimage"},"thumbnailUrl":"","keywords":["interiorismo","reformas integrales","cocinas modernas","ba\u00f1os modernos","reformas integrales global projects"],"articleSection":["dise\u00f1o","novedades","Tiendas y revistas"],"inLanguage":"es","potentialAction":[{"@type":"CommentAction","name":"Comment","target":["https:\/\/www.global-projects.es\/es\/maison-objets-musees-paris\/#respond"]}]},{"@type":"WebPage","@id":"https:\/\/www.global-projects.es\/es\/maison-objets-musees-paris\/","url":"https:\/\/www.global-projects.es\/es\/maison-objets-musees-paris\/","name":"Maison & Objets Musees Par\u00eds - Global Projects","isPartOf":{"@id":"https:\/\/www.global-projects.es\/es\/#website"},"primaryImageOfPage":{"@id":"https:\/\/www.global-projects.es\/es\/maison-objets-musees-paris\/#primaryimage"},"image":{"@id":"https:\/\/www.global-projects.es\/es\/maison-objets-musees-paris\/#primaryimage"},"thumbnailUrl":"","datePublished":"2011-12-27T09:13:57+00:00","author":{"@id":"https:\/\/www.global-projects.es\/es\/#\/schema\/person\/62ec8db1b3b6b0776dc86d00b37c57ff"},"breadcrumb":{"@id":"https:\/\/www.global-projects.es\/es\/maison-objets-musees-paris\/#breadcrumb"},"inLanguage":"es","potentialAction":[{"@type":"ReadAction","target":["https:\/\/www.global-projects.es\/es\/maison-objets-musees-paris\/"]}]},{"@type":"ImageObject","inLanguage":"es","@id":"https:\/\/www.global-projects.es\/es\/maison-objets-musees-paris\/#primaryimage","url":"","contentUrl":""},{"@type":"BreadcrumbList","@id":"https:\/\/www.global-projects.es\/es\/maison-objets-musees-paris\/#breadcrumb","itemListElement":[{"@type":"ListItem","position":1,"name":"Portada","item":"https:\/\/www.global-projects.es\/es\/"},{"@type":"ListItem","position":2,"name":"Maison &#038; Objets Musees Par\u00eds"}]},{"@type":"WebSite","@id":"https:\/\/www.global-projects.es\/es\/#website","url":"https:\/\/www.global-projects.es\/es\/","name":"Global Projects","description":"Reformas Integrales Barcelona","potentialAction":[{"@type":"SearchAction","target":{"@type":"EntryPoint","urlTemplate":"https:\/\/www.global-projects.es\/es\/?s={search_term_string}"},"query-input":{"@type":"PropertyValueSpecification","valueRequired":true,"valueName":"search_term_string"}}],"inLanguage":"es"},{"@type":"Person","@id":"https:\/\/www.global-projects.es\/es\/#\/schema\/person\/62ec8db1b3b6b0776dc86d00b37c57ff","name":"Global","url":"https:\/\/www.global-projects.es\/es\/author\/global\/"}]}},"_links":{"self":[{"href":"https:\/\/www.global-projects.es\/es\/wp-json\/wp\/v2\/posts\/3242","targetHints":{"allow":["GET"]}}],"collection":[{"href":"https:\/\/www.global-projects.es\/es\/wp-json\/wp\/v2\/posts"}],"about":[{"href":"https:\/\/www.global-projects.es\/es\/wp-json\/wp\/v2\/types\/post"}],"author":[{"embeddable":true,"href":"https:\/\/www.global-projects.es\/es\/wp-json\/wp\/v2\/users\/4"}],"replies":[{"embeddable":true,"href":"https:\/\/www.global-projects.es\/es\/wp-json\/wp\/v2\/comments?post=3242"}],"version-history":[{"count":0,"href":"https:\/\/www.global-projects.es\/es\/wp-json\/wp\/v2\/posts\/3242\/revisions"}],"wp:featuredmedia":[{"embeddable":true,"href":"https:\/\/www.global-projects.es\/es\/wp-json\/"}],"wp:attachment":[{"href":"https:\/\/www.global-projects.es\/es\/wp-json\/wp\/v2\/media?parent=3242"}],"wp:term":[{"taxonomy":"category","embeddable":true,"href":"https:\/\/www.global-projects.es\/es\/wp-json\/wp\/v2\/categories?post=3242"},{"taxonomy":"post_tag","embeddable":true,"href":"https:\/\/www.global-projects.es\/es\/wp-json\/wp\/v2\/tags?post=3242"}],"curies":[{"name":"wp","href":"https:\/\/api.w.org\/{rel}","templated":true}]}}