{"id":3232,"date":"2011-11-30T09:48:12","date_gmt":"2011-11-30T08:48:12","guid":{"rendered":"http:\/\/www.global-projects.es\/blog\/?p=489"},"modified":"2011-11-30T09:48:12","modified_gmt":"2011-11-30T08:48:12","slug":"aprovecha-ahora-el-ahorro-en-el-irpf","status":"publish","type":"post","link":"https:\/\/www.global-projects.es\/es\/aprovecha-ahora-el-ahorro-en-el-irpf\/","title":{"rendered":"Ahorro en el IRPF al reformar tu hogar"},"content":{"rendered":"<p><strong>La ampliaci\u00f3n o rehabilitaci\u00f3n de la vivienda desgrava.<\/strong><\/p>\n<p>Dentro de las ampliaciones debemos especificar que<strong> <\/strong>el cierre de \u00e1reas descubiertas como los balcones es considerado como ampliaci\u00f3n, entre otras <a href=\"http:\/\/www.imagotechnics.com\/es\/reformasintegrales.html\" target=\"_blank\" rel=\"noopener noreferrer\"><strong>reformas<\/strong><\/a>. Por otra parte, para que las obras se consideren de <a href=\"http:\/\/www.imagotechnics.com\/es\/reformasintegrales.html\" target=\"_blank\" rel=\"noopener noreferrer\"><strong>rehabilitaci\u00f3n<\/strong><\/a> es necesario que se materialicen en la <strong>reconstrucci\u00f3n<\/strong> de la vivienda mediante la consolidaci\u00f3n de estructuras, fachadas y coberturas por un coste global que supere el 25% del precio de compra o de mercado en el momento de efectuarla; eso s\u00ed, descontado el valor del suelo, u obtener la calificaci\u00f3n de actuaci\u00f3n protegida.<\/p>\n<p>&nbsp;<\/p>\n<p><strong>Tambi\u00e9n pod\u00e9is gozar de una deducci\u00f3n al realizar <a href=\"https:\/\/www.global-projects.es\/es\/servicios\/reformas-integrales\" target=\"_blank\" rel=\"noopener noreferrer\">reformas<\/a> en las viviendas.<\/strong><\/p>\n<p><strong><\/strong>Una relevante forma de ahorro fiscal es la reciente deducci\u00f3n por obras de mejora establecida que en 2011 se extiende de modo que ya no s\u00f3lo se aplica solo a la <span style=\"text-decoration: underline;\">vivienda habitual, tambi\u00e9n se aplica \u00a0a cualquier vivienda de propiedad del contribuyente.<\/span>\u00a0 Es importante subrayar que estas obras no se pueden pagar en efectivo sino en cualquier otra metodolog\u00eda para evitar conflictos.<\/p>\n<p>Las<a href=\"https:\/\/www.global-projects.es\/es\/servicios\/reformas-integrales\" target=\"_blank\" rel=\"noopener noreferrer\"> <strong>reformas<\/strong><\/a> \u00a0que entran en el proceso de deducci\u00f3n del <strong>IRPF<\/strong> deben ir principalmente <span style=\"text-decoration: underline;\">destinadas a mejorar la eficiencia energ\u00e9tica, de salud, limpieza y protecci\u00f3n del medio ambiente.<\/span> Adem\u00e1s tambi\u00e9n se valoran las obras de mejora de la seguridad de los edificios o bien instalaci\u00f3n de infraestructuras como de acceso a internet.<\/p>\n<p>Es importante resaltar adem\u00e1s que en la <strong>deducci\u00f3n del IRPF<\/strong> quedan exentas las obras en garajes, jardines, parques, piscinas, elementos deportivos y an\u00e1logos.<\/p>\n<p>El l\u00edmite de renta (base imponible) para poder aplicar esta deducci\u00f3n\u00a0 es de 71.007 euros. Aun as\u00ed, a partir de 53.007 euros la deducci\u00f3n empobrece paulatinamente, hasta rentas de 71.007 euros.<\/p>\n<p>&nbsp;<\/p>\n<p><strong>Tambi\u00e9n se puede reducir la tributaci\u00f3n en la venta de la vivienda habitual.<\/strong><br \/>\nHay una forma de neutralizar el pago del IRPF en el caso de que se haya vendido la vivienda. Se puede reinvertir total o en parte el importe obtenido en otra residencia de car\u00e1cter habitual.<\/p>\n<p>&nbsp;<\/p>\n<p><a href=\"https:\/\/www.global-projects.es\/blog\/wp-content\/uploads\/2011\/11\/salon_1_2.jpg\"><img loading=\"lazy\" decoding=\"async\" class=\"aligncenter size-full wp-image-490\" title=\"salon_1_2\" src=\"https:\/\/www.global-projects.es\/blog\/wp-content\/uploads\/2011\/11\/salon_1_2.jpg\" alt=\"\" width=\"580\" height=\"400\" \/><\/a><\/p>\n<p>&nbsp;<\/p>\n","protected":false},"excerpt":{"rendered":"<p>La ampliaci\u00f3n o rehabilitaci\u00f3n de la vivienda desgrava. Dentro de las ampliaciones debemos especificar que el cierre de \u00e1reas descubiertas como los balcones es considerado como ampliaci\u00f3n, entre otras reformas. Por otra parte, para que las obras se consideren de rehabilitaci\u00f3n es necesario que se materialicen en la reconstrucci\u00f3n de la vivienda mediante la consolidaci\u00f3n [&hellip;]<\/p>\n","protected":false},"author":4,"featured_media":490,"comment_status":"open","ping_status":"closed","sticky":false,"template":"","format":"standard","meta":{"_et_pb_use_builder":"","_et_pb_old_content":"","_et_gb_content_width":"","footnotes":""},"categories":[31],"tags":[25,30,114,115],"class_list":["post-3232","post","type-post","status-publish","format-standard","has-post-thumbnail","hentry","category-legislacion","tag-reformas-integrales","tag-deduccion-del-irpf","tag-deuccion-irpf-en-reformas-integrales","tag-rehabilitaciones"],"yoast_head":"<!-- This site is optimized with the Yoast SEO plugin v27.5 - https:\/\/yoast.com\/product\/yoast-seo-wordpress\/ -->\n<title>Ahorro en el IRPF al reformar tu hogar - Global Projects<\/title>\n<meta name=\"robots\" content=\"index, follow, max-snippet:-1, max-image-preview:large, max-video-preview:-1\" \/>\n<link rel=\"canonical\" href=\"https:\/\/www.global-projects.es\/es\/aprovecha-ahora-el-ahorro-en-el-irpf\/\" \/>\n<meta property=\"og:locale\" content=\"es_ES\" \/>\n<meta property=\"og:type\" content=\"article\" \/>\n<meta property=\"og:title\" content=\"Ahorro en el IRPF al reformar tu hogar - Global Projects\" \/>\n<meta property=\"og:description\" content=\"La ampliaci\u00f3n o rehabilitaci\u00f3n de la vivienda desgrava. Dentro de las ampliaciones debemos especificar que el cierre de \u00e1reas descubiertas como los balcones es considerado como ampliaci\u00f3n, entre otras reformas. Por otra parte, para que las obras se consideren de rehabilitaci\u00f3n es necesario que se materialicen en la reconstrucci\u00f3n de la vivienda mediante la consolidaci\u00f3n [&hellip;]\" \/>\n<meta property=\"og:url\" content=\"https:\/\/www.global-projects.es\/es\/aprovecha-ahora-el-ahorro-en-el-irpf\/\" \/>\n<meta property=\"og:site_name\" content=\"Global Projects\" \/>\n<meta property=\"article:publisher\" content=\"https:\/\/www.facebook.com\/gblprojects\" \/>\n<meta property=\"article:published_time\" content=\"2011-11-30T08:48:12+00:00\" \/>\n<meta name=\"author\" content=\"Global\" \/>\n<meta name=\"twitter:card\" content=\"summary_large_image\" \/>\n<meta name=\"twitter:creator\" content=\"@global_projects\" \/>\n<meta name=\"twitter:site\" content=\"@global_projects\" \/>\n<meta name=\"twitter:label1\" content=\"Escrito por\" \/>\n\t<meta name=\"twitter:data1\" content=\"Global\" \/>\n\t<meta name=\"twitter:label2\" content=\"Tiempo de lectura\" \/>\n\t<meta name=\"twitter:data2\" content=\"2 minutos\" \/>\n<script type=\"application\/ld+json\" class=\"yoast-schema-graph\">{\"@context\":\"https:\\\/\\\/schema.org\",\"@graph\":[{\"@type\":\"Article\",\"@id\":\"https:\\\/\\\/www.global-projects.es\\\/es\\\/aprovecha-ahora-el-ahorro-en-el-irpf\\\/#article\",\"isPartOf\":{\"@id\":\"https:\\\/\\\/www.global-projects.es\\\/es\\\/aprovecha-ahora-el-ahorro-en-el-irpf\\\/\"},\"author\":{\"name\":\"Global\",\"@id\":\"https:\\\/\\\/www.global-projects.es\\\/es\\\/#\\\/schema\\\/person\\\/62ec8db1b3b6b0776dc86d00b37c57ff\"},\"headline\":\"Ahorro en el IRPF al reformar tu hogar\",\"datePublished\":\"2011-11-30T08:48:12+00:00\",\"mainEntityOfPage\":{\"@id\":\"https:\\\/\\\/www.global-projects.es\\\/es\\\/aprovecha-ahora-el-ahorro-en-el-irpf\\\/\"},\"wordCount\":360,\"commentCount\":0,\"image\":{\"@id\":\"https:\\\/\\\/www.global-projects.es\\\/es\\\/aprovecha-ahora-el-ahorro-en-el-irpf\\\/#primaryimage\"},\"thumbnailUrl\":\"\",\"keywords\":[\"reformas integrales\",\"deduccion del irpf\",\"deucci\u00f3n IRPF en reformas integrales\",\"rehabilitaciones\"],\"articleSection\":[\"Legislaci\u00f3n\"],\"inLanguage\":\"es\",\"potentialAction\":[{\"@type\":\"CommentAction\",\"name\":\"Comment\",\"target\":[\"https:\\\/\\\/www.global-projects.es\\\/es\\\/aprovecha-ahora-el-ahorro-en-el-irpf\\\/#respond\"]}]},{\"@type\":\"WebPage\",\"@id\":\"https:\\\/\\\/www.global-projects.es\\\/es\\\/aprovecha-ahora-el-ahorro-en-el-irpf\\\/\",\"url\":\"https:\\\/\\\/www.global-projects.es\\\/es\\\/aprovecha-ahora-el-ahorro-en-el-irpf\\\/\",\"name\":\"Ahorro en el IRPF al reformar tu hogar - Global Projects\",\"isPartOf\":{\"@id\":\"https:\\\/\\\/www.global-projects.es\\\/es\\\/#website\"},\"primaryImageOfPage\":{\"@id\":\"https:\\\/\\\/www.global-projects.es\\\/es\\\/aprovecha-ahora-el-ahorro-en-el-irpf\\\/#primaryimage\"},\"image\":{\"@id\":\"https:\\\/\\\/www.global-projects.es\\\/es\\\/aprovecha-ahora-el-ahorro-en-el-irpf\\\/#primaryimage\"},\"thumbnailUrl\":\"\",\"datePublished\":\"2011-11-30T08:48:12+00:00\",\"author\":{\"@id\":\"https:\\\/\\\/www.global-projects.es\\\/es\\\/#\\\/schema\\\/person\\\/62ec8db1b3b6b0776dc86d00b37c57ff\"},\"breadcrumb\":{\"@id\":\"https:\\\/\\\/www.global-projects.es\\\/es\\\/aprovecha-ahora-el-ahorro-en-el-irpf\\\/#breadcrumb\"},\"inLanguage\":\"es\",\"potentialAction\":[{\"@type\":\"ReadAction\",\"target\":[\"https:\\\/\\\/www.global-projects.es\\\/es\\\/aprovecha-ahora-el-ahorro-en-el-irpf\\\/\"]}]},{\"@type\":\"ImageObject\",\"inLanguage\":\"es\",\"@id\":\"https:\\\/\\\/www.global-projects.es\\\/es\\\/aprovecha-ahora-el-ahorro-en-el-irpf\\\/#primaryimage\",\"url\":\"\",\"contentUrl\":\"\"},{\"@type\":\"BreadcrumbList\",\"@id\":\"https:\\\/\\\/www.global-projects.es\\\/es\\\/aprovecha-ahora-el-ahorro-en-el-irpf\\\/#breadcrumb\",\"itemListElement\":[{\"@type\":\"ListItem\",\"position\":1,\"name\":\"Portada\",\"item\":\"https:\\\/\\\/www.global-projects.es\\\/es\\\/\"},{\"@type\":\"ListItem\",\"position\":2,\"name\":\"Ahorro en el IRPF al reformar tu hogar\"}]},{\"@type\":\"WebSite\",\"@id\":\"https:\\\/\\\/www.global-projects.es\\\/es\\\/#website\",\"url\":\"https:\\\/\\\/www.global-projects.es\\\/es\\\/\",\"name\":\"Global Projects\",\"description\":\"Reformas Integrales Barcelona\",\"potentialAction\":[{\"@type\":\"SearchAction\",\"target\":{\"@type\":\"EntryPoint\",\"urlTemplate\":\"https:\\\/\\\/www.global-projects.es\\\/es\\\/?s={search_term_string}\"},\"query-input\":{\"@type\":\"PropertyValueSpecification\",\"valueRequired\":true,\"valueName\":\"search_term_string\"}}],\"inLanguage\":\"es\"},{\"@type\":\"Person\",\"@id\":\"https:\\\/\\\/www.global-projects.es\\\/es\\\/#\\\/schema\\\/person\\\/62ec8db1b3b6b0776dc86d00b37c57ff\",\"name\":\"Global\",\"url\":\"https:\\\/\\\/www.global-projects.es\\\/es\\\/author\\\/global\\\/\"}]}<\/script>\n<!-- \/ Yoast SEO plugin. -->","yoast_head_json":{"title":"Ahorro en el IRPF al reformar tu hogar - Global Projects","robots":{"index":"index","follow":"follow","max-snippet":"max-snippet:-1","max-image-preview":"max-image-preview:large","max-video-preview":"max-video-preview:-1"},"canonical":"https:\/\/www.global-projects.es\/es\/aprovecha-ahora-el-ahorro-en-el-irpf\/","og_locale":"es_ES","og_type":"article","og_title":"Ahorro en el IRPF al reformar tu hogar - Global Projects","og_description":"La ampliaci\u00f3n o rehabilitaci\u00f3n de la vivienda desgrava. Dentro de las ampliaciones debemos especificar que el cierre de \u00e1reas descubiertas como los balcones es considerado como ampliaci\u00f3n, entre otras reformas. Por otra parte, para que las obras se consideren de rehabilitaci\u00f3n es necesario que se materialicen en la reconstrucci\u00f3n de la vivienda mediante la consolidaci\u00f3n [&hellip;]","og_url":"https:\/\/www.global-projects.es\/es\/aprovecha-ahora-el-ahorro-en-el-irpf\/","og_site_name":"Global Projects","article_publisher":"https:\/\/www.facebook.com\/gblprojects","article_published_time":"2011-11-30T08:48:12+00:00","author":"Global","twitter_card":"summary_large_image","twitter_creator":"@global_projects","twitter_site":"@global_projects","twitter_misc":{"Escrito por":"Global","Tiempo de lectura":"2 minutos"},"schema":{"@context":"https:\/\/schema.org","@graph":[{"@type":"Article","@id":"https:\/\/www.global-projects.es\/es\/aprovecha-ahora-el-ahorro-en-el-irpf\/#article","isPartOf":{"@id":"https:\/\/www.global-projects.es\/es\/aprovecha-ahora-el-ahorro-en-el-irpf\/"},"author":{"name":"Global","@id":"https:\/\/www.global-projects.es\/es\/#\/schema\/person\/62ec8db1b3b6b0776dc86d00b37c57ff"},"headline":"Ahorro en el IRPF al reformar tu hogar","datePublished":"2011-11-30T08:48:12+00:00","mainEntityOfPage":{"@id":"https:\/\/www.global-projects.es\/es\/aprovecha-ahora-el-ahorro-en-el-irpf\/"},"wordCount":360,"commentCount":0,"image":{"@id":"https:\/\/www.global-projects.es\/es\/aprovecha-ahora-el-ahorro-en-el-irpf\/#primaryimage"},"thumbnailUrl":"","keywords":["reformas integrales","deduccion del irpf","deucci\u00f3n IRPF en reformas integrales","rehabilitaciones"],"articleSection":["Legislaci\u00f3n"],"inLanguage":"es","potentialAction":[{"@type":"CommentAction","name":"Comment","target":["https:\/\/www.global-projects.es\/es\/aprovecha-ahora-el-ahorro-en-el-irpf\/#respond"]}]},{"@type":"WebPage","@id":"https:\/\/www.global-projects.es\/es\/aprovecha-ahora-el-ahorro-en-el-irpf\/","url":"https:\/\/www.global-projects.es\/es\/aprovecha-ahora-el-ahorro-en-el-irpf\/","name":"Ahorro en el IRPF al reformar tu hogar - Global Projects","isPartOf":{"@id":"https:\/\/www.global-projects.es\/es\/#website"},"primaryImageOfPage":{"@id":"https:\/\/www.global-projects.es\/es\/aprovecha-ahora-el-ahorro-en-el-irpf\/#primaryimage"},"image":{"@id":"https:\/\/www.global-projects.es\/es\/aprovecha-ahora-el-ahorro-en-el-irpf\/#primaryimage"},"thumbnailUrl":"","datePublished":"2011-11-30T08:48:12+00:00","author":{"@id":"https:\/\/www.global-projects.es\/es\/#\/schema\/person\/62ec8db1b3b6b0776dc86d00b37c57ff"},"breadcrumb":{"@id":"https:\/\/www.global-projects.es\/es\/aprovecha-ahora-el-ahorro-en-el-irpf\/#breadcrumb"},"inLanguage":"es","potentialAction":[{"@type":"ReadAction","target":["https:\/\/www.global-projects.es\/es\/aprovecha-ahora-el-ahorro-en-el-irpf\/"]}]},{"@type":"ImageObject","inLanguage":"es","@id":"https:\/\/www.global-projects.es\/es\/aprovecha-ahora-el-ahorro-en-el-irpf\/#primaryimage","url":"","contentUrl":""},{"@type":"BreadcrumbList","@id":"https:\/\/www.global-projects.es\/es\/aprovecha-ahora-el-ahorro-en-el-irpf\/#breadcrumb","itemListElement":[{"@type":"ListItem","position":1,"name":"Portada","item":"https:\/\/www.global-projects.es\/es\/"},{"@type":"ListItem","position":2,"name":"Ahorro en el IRPF al reformar tu hogar"}]},{"@type":"WebSite","@id":"https:\/\/www.global-projects.es\/es\/#website","url":"https:\/\/www.global-projects.es\/es\/","name":"Global Projects","description":"Reformas Integrales Barcelona","potentialAction":[{"@type":"SearchAction","target":{"@type":"EntryPoint","urlTemplate":"https:\/\/www.global-projects.es\/es\/?s={search_term_string}"},"query-input":{"@type":"PropertyValueSpecification","valueRequired":true,"valueName":"search_term_string"}}],"inLanguage":"es"},{"@type":"Person","@id":"https:\/\/www.global-projects.es\/es\/#\/schema\/person\/62ec8db1b3b6b0776dc86d00b37c57ff","name":"Global","url":"https:\/\/www.global-projects.es\/es\/author\/global\/"}]}},"_links":{"self":[{"href":"https:\/\/www.global-projects.es\/es\/wp-json\/wp\/v2\/posts\/3232","targetHints":{"allow":["GET"]}}],"collection":[{"href":"https:\/\/www.global-projects.es\/es\/wp-json\/wp\/v2\/posts"}],"about":[{"href":"https:\/\/www.global-projects.es\/es\/wp-json\/wp\/v2\/types\/post"}],"author":[{"embeddable":true,"href":"https:\/\/www.global-projects.es\/es\/wp-json\/wp\/v2\/users\/4"}],"replies":[{"embeddable":true,"href":"https:\/\/www.global-projects.es\/es\/wp-json\/wp\/v2\/comments?post=3232"}],"version-history":[{"count":0,"href":"https:\/\/www.global-projects.es\/es\/wp-json\/wp\/v2\/posts\/3232\/revisions"}],"wp:featuredmedia":[{"embeddable":true,"href":"https:\/\/www.global-projects.es\/es\/wp-json\/"}],"wp:attachment":[{"href":"https:\/\/www.global-projects.es\/es\/wp-json\/wp\/v2\/media?parent=3232"}],"wp:term":[{"taxonomy":"category","embeddable":true,"href":"https:\/\/www.global-projects.es\/es\/wp-json\/wp\/v2\/categories?post=3232"},{"taxonomy":"post_tag","embeddable":true,"href":"https:\/\/www.global-projects.es\/es\/wp-json\/wp\/v2\/tags?post=3232"}],"curies":[{"name":"wp","href":"https:\/\/api.w.org\/{rel}","templated":true}]}}