{"id":3222,"date":"2011-11-11T09:42:40","date_gmt":"2011-11-11T09:42:40","guid":{"rendered":"http:\/\/www.global-projects.es\/blog\/?p=411"},"modified":"2011-11-11T09:42:40","modified_gmt":"2011-11-11T09:42:40","slug":"la-elegancia-del-negro","status":"publish","type":"post","link":"https:\/\/www.global-projects.es\/es\/la-elegancia-del-negro\/","title":{"rendered":"La elegancia del Negro"},"content":{"rendered":"<p><strong><\/strong>Los sanitarios de la firma <a title=\"gamma_Global_projects\" href=\"http:\/\/www.gamma.es\/\" target=\"_blank\" rel=\"noopener noreferrer\"><strong>Gamma<\/strong> <\/a>han ido m\u00e1s all\u00e1, transgrediendo el t\u00edpico estereotipo sanitario de color blanco al oscuro pero elegante negro. El cierto es que el negro es un color superbo, original que da un toque de singularidad y exclusividad a los hogares. Y es que los sanitarios no siempre deben ser blancos.<\/p>\n<p>La colecci\u00f3n de la firma es nombrada la <strong>Noche de Raifen<\/strong>. \u00c9sta presenta unas l\u00edneas suaves y redondeadas que aun acent\u00faan m\u00e1s la elegancia que transmiten estas piezas de porcelana negra.<\/p>\n<p>&nbsp;<\/p>\n<p><a href=\"https:\/\/www.global-projects.es\/blog\/wp-content\/uploads\/2011\/11\/gamma-noche.jpg\"><img loading=\"lazy\" decoding=\"async\" class=\"aligncenter size-full wp-image-413\" title=\"gamma-noche\" src=\"https:\/\/www.global-projects.es\/blog\/wp-content\/uploads\/2011\/11\/gamma-noche.jpg\" alt=\"\" width=\"529\" height=\"397\" \/><\/a><\/p>\n<p><a href=\"https:\/\/www.global-projects.es\/blog\/wp-content\/uploads\/2011\/11\/nochederaifen.jpg\"><br \/>\n<\/a><a href=\"https:\/\/www.global-projects.es\/blog\/wp-content\/uploads\/2011\/11\/nochederaifen.jpg\"><br \/>\n<\/a><\/p>\n","protected":false},"excerpt":{"rendered":"<p>Los sanitarios de la firma Gamma han ido m\u00e1s all\u00e1, transgrediendo el t\u00edpico estereotipo sanitario de color blanco al oscuro pero elegante negro. El cierto es que el negro es un color superbo, original que da un toque de singularidad y exclusividad a los hogares. Y es que los sanitarios no siempre deben ser blancos. [&hellip;]<\/p>\n","protected":false},"author":4,"featured_media":413,"comment_status":"open","ping_status":"closed","sticky":false,"template":"","format":"standard","meta":{"_et_pb_use_builder":"","_et_pb_old_content":"","_et_gb_content_width":"","footnotes":""},"categories":[36,38,41],"tags":[25,39,68,92],"class_list":["post-3222","post","type-post","status-publish","format-standard","has-post-thumbnail","hentry","category-interiorismo-2","category-banos-modernos","category-materiales","tag-reformas-integrales","tag-banos-modernos-2","tag-global-projects","tag-gamma"],"yoast_head":"<!-- This site is optimized with the Yoast SEO plugin v27.5 - https:\/\/yoast.com\/product\/yoast-seo-wordpress\/ -->\n<title>La elegancia del Negro - Global Projects<\/title>\n<meta name=\"robots\" content=\"index, follow, max-snippet:-1, max-image-preview:large, max-video-preview:-1\" \/>\n<link rel=\"canonical\" href=\"https:\/\/www.global-projects.es\/es\/la-elegancia-del-negro\/\" \/>\n<meta property=\"og:locale\" content=\"es_ES\" \/>\n<meta property=\"og:type\" content=\"article\" \/>\n<meta property=\"og:title\" content=\"La elegancia del Negro - Global Projects\" \/>\n<meta property=\"og:description\" content=\"Los sanitarios de la firma Gamma han ido m\u00e1s all\u00e1, transgrediendo el t\u00edpico estereotipo sanitario de color blanco al oscuro pero elegante negro. El cierto es que el negro es un color superbo, original que da un toque de singularidad y exclusividad a los hogares. Y es que los sanitarios no siempre deben ser blancos. [&hellip;]\" \/>\n<meta property=\"og:url\" content=\"https:\/\/www.global-projects.es\/es\/la-elegancia-del-negro\/\" \/>\n<meta property=\"og:site_name\" content=\"Global Projects\" \/>\n<meta property=\"article:publisher\" content=\"https:\/\/www.facebook.com\/gblprojects\" \/>\n<meta property=\"article:published_time\" content=\"2011-11-11T09:42:40+00:00\" \/>\n<meta name=\"author\" content=\"Global\" \/>\n<meta name=\"twitter:card\" content=\"summary_large_image\" \/>\n<meta name=\"twitter:creator\" content=\"@global_projects\" \/>\n<meta name=\"twitter:site\" content=\"@global_projects\" \/>\n<meta name=\"twitter:label1\" content=\"Escrito por\" \/>\n\t<meta name=\"twitter:data1\" content=\"Global\" \/>\n<script type=\"application\/ld+json\" class=\"yoast-schema-graph\">{\"@context\":\"https:\\\/\\\/schema.org\",\"@graph\":[{\"@type\":\"Article\",\"@id\":\"https:\\\/\\\/www.global-projects.es\\\/es\\\/la-elegancia-del-negro\\\/#article\",\"isPartOf\":{\"@id\":\"https:\\\/\\\/www.global-projects.es\\\/es\\\/la-elegancia-del-negro\\\/\"},\"author\":{\"name\":\"Global\",\"@id\":\"https:\\\/\\\/www.global-projects.es\\\/es\\\/#\\\/schema\\\/person\\\/62ec8db1b3b6b0776dc86d00b37c57ff\"},\"headline\":\"La elegancia del Negro\",\"datePublished\":\"2011-11-11T09:42:40+00:00\",\"mainEntityOfPage\":{\"@id\":\"https:\\\/\\\/www.global-projects.es\\\/es\\\/la-elegancia-del-negro\\\/\"},\"wordCount\":97,\"commentCount\":0,\"image\":{\"@id\":\"https:\\\/\\\/www.global-projects.es\\\/es\\\/la-elegancia-del-negro\\\/#primaryimage\"},\"thumbnailUrl\":\"\",\"keywords\":[\"reformas integrales\",\"ba\u00f1os modernos\",\"Global projects\",\"gamma\"],\"articleSection\":[\"Interiorismo\",\"Ba\u00f1os Modernos\",\"Materiales\"],\"inLanguage\":\"es\",\"potentialAction\":[{\"@type\":\"CommentAction\",\"name\":\"Comment\",\"target\":[\"https:\\\/\\\/www.global-projects.es\\\/es\\\/la-elegancia-del-negro\\\/#respond\"]}]},{\"@type\":\"WebPage\",\"@id\":\"https:\\\/\\\/www.global-projects.es\\\/es\\\/la-elegancia-del-negro\\\/\",\"url\":\"https:\\\/\\\/www.global-projects.es\\\/es\\\/la-elegancia-del-negro\\\/\",\"name\":\"La elegancia del Negro - Global Projects\",\"isPartOf\":{\"@id\":\"https:\\\/\\\/www.global-projects.es\\\/es\\\/#website\"},\"primaryImageOfPage\":{\"@id\":\"https:\\\/\\\/www.global-projects.es\\\/es\\\/la-elegancia-del-negro\\\/#primaryimage\"},\"image\":{\"@id\":\"https:\\\/\\\/www.global-projects.es\\\/es\\\/la-elegancia-del-negro\\\/#primaryimage\"},\"thumbnailUrl\":\"\",\"datePublished\":\"2011-11-11T09:42:40+00:00\",\"author\":{\"@id\":\"https:\\\/\\\/www.global-projects.es\\\/es\\\/#\\\/schema\\\/person\\\/62ec8db1b3b6b0776dc86d00b37c57ff\"},\"breadcrumb\":{\"@id\":\"https:\\\/\\\/www.global-projects.es\\\/es\\\/la-elegancia-del-negro\\\/#breadcrumb\"},\"inLanguage\":\"es\",\"potentialAction\":[{\"@type\":\"ReadAction\",\"target\":[\"https:\\\/\\\/www.global-projects.es\\\/es\\\/la-elegancia-del-negro\\\/\"]}]},{\"@type\":\"ImageObject\",\"inLanguage\":\"es\",\"@id\":\"https:\\\/\\\/www.global-projects.es\\\/es\\\/la-elegancia-del-negro\\\/#primaryimage\",\"url\":\"\",\"contentUrl\":\"\"},{\"@type\":\"BreadcrumbList\",\"@id\":\"https:\\\/\\\/www.global-projects.es\\\/es\\\/la-elegancia-del-negro\\\/#breadcrumb\",\"itemListElement\":[{\"@type\":\"ListItem\",\"position\":1,\"name\":\"Portada\",\"item\":\"https:\\\/\\\/www.global-projects.es\\\/es\\\/\"},{\"@type\":\"ListItem\",\"position\":2,\"name\":\"La elegancia del Negro\"}]},{\"@type\":\"WebSite\",\"@id\":\"https:\\\/\\\/www.global-projects.es\\\/es\\\/#website\",\"url\":\"https:\\\/\\\/www.global-projects.es\\\/es\\\/\",\"name\":\"Global Projects\",\"description\":\"Reformas Integrales Barcelona\",\"potentialAction\":[{\"@type\":\"SearchAction\",\"target\":{\"@type\":\"EntryPoint\",\"urlTemplate\":\"https:\\\/\\\/www.global-projects.es\\\/es\\\/?s={search_term_string}\"},\"query-input\":{\"@type\":\"PropertyValueSpecification\",\"valueRequired\":true,\"valueName\":\"search_term_string\"}}],\"inLanguage\":\"es\"},{\"@type\":\"Person\",\"@id\":\"https:\\\/\\\/www.global-projects.es\\\/es\\\/#\\\/schema\\\/person\\\/62ec8db1b3b6b0776dc86d00b37c57ff\",\"name\":\"Global\",\"url\":\"https:\\\/\\\/www.global-projects.es\\\/es\\\/author\\\/global\\\/\"}]}<\/script>\n<!-- \/ Yoast SEO plugin. -->","yoast_head_json":{"title":"La elegancia del Negro - Global Projects","robots":{"index":"index","follow":"follow","max-snippet":"max-snippet:-1","max-image-preview":"max-image-preview:large","max-video-preview":"max-video-preview:-1"},"canonical":"https:\/\/www.global-projects.es\/es\/la-elegancia-del-negro\/","og_locale":"es_ES","og_type":"article","og_title":"La elegancia del Negro - Global Projects","og_description":"Los sanitarios de la firma Gamma han ido m\u00e1s all\u00e1, transgrediendo el t\u00edpico estereotipo sanitario de color blanco al oscuro pero elegante negro. El cierto es que el negro es un color superbo, original que da un toque de singularidad y exclusividad a los hogares. Y es que los sanitarios no siempre deben ser blancos. [&hellip;]","og_url":"https:\/\/www.global-projects.es\/es\/la-elegancia-del-negro\/","og_site_name":"Global Projects","article_publisher":"https:\/\/www.facebook.com\/gblprojects","article_published_time":"2011-11-11T09:42:40+00:00","author":"Global","twitter_card":"summary_large_image","twitter_creator":"@global_projects","twitter_site":"@global_projects","twitter_misc":{"Escrito por":"Global"},"schema":{"@context":"https:\/\/schema.org","@graph":[{"@type":"Article","@id":"https:\/\/www.global-projects.es\/es\/la-elegancia-del-negro\/#article","isPartOf":{"@id":"https:\/\/www.global-projects.es\/es\/la-elegancia-del-negro\/"},"author":{"name":"Global","@id":"https:\/\/www.global-projects.es\/es\/#\/schema\/person\/62ec8db1b3b6b0776dc86d00b37c57ff"},"headline":"La elegancia del Negro","datePublished":"2011-11-11T09:42:40+00:00","mainEntityOfPage":{"@id":"https:\/\/www.global-projects.es\/es\/la-elegancia-del-negro\/"},"wordCount":97,"commentCount":0,"image":{"@id":"https:\/\/www.global-projects.es\/es\/la-elegancia-del-negro\/#primaryimage"},"thumbnailUrl":"","keywords":["reformas integrales","ba\u00f1os modernos","Global projects","gamma"],"articleSection":["Interiorismo","Ba\u00f1os Modernos","Materiales"],"inLanguage":"es","potentialAction":[{"@type":"CommentAction","name":"Comment","target":["https:\/\/www.global-projects.es\/es\/la-elegancia-del-negro\/#respond"]}]},{"@type":"WebPage","@id":"https:\/\/www.global-projects.es\/es\/la-elegancia-del-negro\/","url":"https:\/\/www.global-projects.es\/es\/la-elegancia-del-negro\/","name":"La elegancia del Negro - Global Projects","isPartOf":{"@id":"https:\/\/www.global-projects.es\/es\/#website"},"primaryImageOfPage":{"@id":"https:\/\/www.global-projects.es\/es\/la-elegancia-del-negro\/#primaryimage"},"image":{"@id":"https:\/\/www.global-projects.es\/es\/la-elegancia-del-negro\/#primaryimage"},"thumbnailUrl":"","datePublished":"2011-11-11T09:42:40+00:00","author":{"@id":"https:\/\/www.global-projects.es\/es\/#\/schema\/person\/62ec8db1b3b6b0776dc86d00b37c57ff"},"breadcrumb":{"@id":"https:\/\/www.global-projects.es\/es\/la-elegancia-del-negro\/#breadcrumb"},"inLanguage":"es","potentialAction":[{"@type":"ReadAction","target":["https:\/\/www.global-projects.es\/es\/la-elegancia-del-negro\/"]}]},{"@type":"ImageObject","inLanguage":"es","@id":"https:\/\/www.global-projects.es\/es\/la-elegancia-del-negro\/#primaryimage","url":"","contentUrl":""},{"@type":"BreadcrumbList","@id":"https:\/\/www.global-projects.es\/es\/la-elegancia-del-negro\/#breadcrumb","itemListElement":[{"@type":"ListItem","position":1,"name":"Portada","item":"https:\/\/www.global-projects.es\/es\/"},{"@type":"ListItem","position":2,"name":"La elegancia del Negro"}]},{"@type":"WebSite","@id":"https:\/\/www.global-projects.es\/es\/#website","url":"https:\/\/www.global-projects.es\/es\/","name":"Global Projects","description":"Reformas Integrales Barcelona","potentialAction":[{"@type":"SearchAction","target":{"@type":"EntryPoint","urlTemplate":"https:\/\/www.global-projects.es\/es\/?s={search_term_string}"},"query-input":{"@type":"PropertyValueSpecification","valueRequired":true,"valueName":"search_term_string"}}],"inLanguage":"es"},{"@type":"Person","@id":"https:\/\/www.global-projects.es\/es\/#\/schema\/person\/62ec8db1b3b6b0776dc86d00b37c57ff","name":"Global","url":"https:\/\/www.global-projects.es\/es\/author\/global\/"}]}},"_links":{"self":[{"href":"https:\/\/www.global-projects.es\/es\/wp-json\/wp\/v2\/posts\/3222","targetHints":{"allow":["GET"]}}],"collection":[{"href":"https:\/\/www.global-projects.es\/es\/wp-json\/wp\/v2\/posts"}],"about":[{"href":"https:\/\/www.global-projects.es\/es\/wp-json\/wp\/v2\/types\/post"}],"author":[{"embeddable":true,"href":"https:\/\/www.global-projects.es\/es\/wp-json\/wp\/v2\/users\/4"}],"replies":[{"embeddable":true,"href":"https:\/\/www.global-projects.es\/es\/wp-json\/wp\/v2\/comments?post=3222"}],"version-history":[{"count":0,"href":"https:\/\/www.global-projects.es\/es\/wp-json\/wp\/v2\/posts\/3222\/revisions"}],"wp:featuredmedia":[{"embeddable":true,"href":"https:\/\/www.global-projects.es\/es\/wp-json\/"}],"wp:attachment":[{"href":"https:\/\/www.global-projects.es\/es\/wp-json\/wp\/v2\/media?parent=3222"}],"wp:term":[{"taxonomy":"category","embeddable":true,"href":"https:\/\/www.global-projects.es\/es\/wp-json\/wp\/v2\/categories?post=3222"},{"taxonomy":"post_tag","embeddable":true,"href":"https:\/\/www.global-projects.es\/es\/wp-json\/wp\/v2\/tags?post=3222"}],"curies":[{"name":"wp","href":"https:\/\/api.w.org\/{rel}","templated":true}]}}