{"id":2449,"date":"2016-09-21T08:48:53","date_gmt":"2016-09-21T08:48:53","guid":{"rendered":"http:\/\/www.global-projects.es\/blog\/?p=2449"},"modified":"2016-09-21T08:48:53","modified_gmt":"2016-09-21T08:48:53","slug":"la-nueva-vivienda-construida-por-global-projects-publicada-en-afasia-arquitectura","status":"publish","type":"post","link":"https:\/\/www.global-projects.es\/es\/la-nueva-vivienda-construida-por-global-projects-publicada-en-afasia-arquitectura\/","title":{"rendered":"La nueva vivienda constru\u00edda por Global Projects publicada en Afasia arquitectura"},"content":{"rendered":"<p>Hoy os recomendamos encarecidamente una visita al blog de <strong><a title=\"Afasia arquitectura\" href=\"http:\/\/afasiaarq.blogspot.com\/2014\/11\/alventosa-morell-arquitectes.html\" target=\"_blank\" rel=\"noopener noreferrer\">Afasia arquitectura<\/a>.<\/strong><\/p>\n<p><span style=\"font-size: 12.7272720336914px;\">En la entrada que os recomendamos, podr\u00e9is conocer la \u00faltima vivienda unifamiliar en Barcelona,\u00a0constru\u00edda por\u00a0<a href=\"http:\/\/www.global-projects.es\">Global Projects<\/a>\u00a0y proyectada\u00a0por los arquitectos\u00a0<\/span><a style=\"font-size: 12.7272720336914px;\" href=\"http:\/\/www.alventosamorell.com\/\" target=\"_blank\" rel=\"noopener noreferrer\">Alventosa Morell<\/a><span style=\"font-size: 12.7272720336914px;\">. Se trata de una\u00a0<\/span><strong style=\"font-size: 12.7272720336914px;\">construcci\u00f3n de obra nueva<\/strong><span style=\"font-size: 12.7272720336914px;\">\u00a0en Barcelona donde e<\/span><span style=\"font-size: 12.7272720336914px;\">l gran reto del proyecto consisti\u00f3 en conseguir una gran circulaci\u00f3n de\u00a0<\/span><strong style=\"font-size: 12.7272720336914px;\">luz natural<\/strong><span style=\"font-size: 12.7272720336914px;\">\u00a0en el interior de la vivienda, aspecto fundamental en las casas unifamiliares entremedianeras. Satisfechos de haberlo conseguido, esperamos que os guste el proyecto.<\/span><\/p>\n<p>Afasia arquitectura es una publicaci\u00f3n que realiza el seguimiento diario de lo mas relevante en cuanto a arquitectura y arte contempor\u00e1neo, nacional e internacional.<\/p>\n<p style=\"text-align: left;\">Global Projects somos una <strong>empresa constructora<\/strong> de Barcelona orientada 100% a nuestros clientes. Si quieres ver tu proyecto de <strong>reforma integral<\/strong>, de <strong>interiorismo<\/strong> o tu <strong>nueva casa<\/strong> hecha realidad, solo tienes que contactar con nosotros y te asesoraremos sin compromiso.<\/p>\n<p>\u00a0<a href=\"https:\/\/www.global-projects.es\/blog\/wp-content\/uploads\/2014\/11\/Global-Projects-obra-nueva-barcelona-1.jpg\"><img loading=\"lazy\" decoding=\"async\" class=\"size-medium wp-image-2451 aligncenter\" alt=\"Global Projects obra nueva barcelona (1)\" src=\"https:\/\/www.global-projects.es\/blog\/wp-content\/uploads\/2014\/11\/Global-Projects-obra-nueva-barcelona-1-199x300.jpg\" width=\"199\" height=\"300\" \/><\/a><a href=\"https:\/\/www.global-projects.es\/blog\/wp-content\/uploads\/2014\/11\/Global-Projects-obra-nueva-barcelona-12.jpg\"><img loading=\"lazy\" decoding=\"async\" class=\"size-medium wp-image-2462 aligncenter\" alt=\"Global Projects obra nueva barcelona (12)\" src=\"https:\/\/www.global-projects.es\/blog\/wp-content\/uploads\/2014\/11\/Global-Projects-obra-nueva-barcelona-12-300x126.jpg\" width=\"300\" height=\"126\" \/><\/a><a href=\"https:\/\/www.global-projects.es\/blog\/wp-content\/uploads\/2014\/11\/Global-Projects-obra-nueva-barcelona-10.jpg\"><img loading=\"lazy\" decoding=\"async\" class=\"size-medium wp-image-2460 aligncenter\" alt=\"Global Projects obra nueva barcelona (10)\" src=\"https:\/\/www.global-projects.es\/blog\/wp-content\/uploads\/2014\/11\/Global-Projects-obra-nueva-barcelona-10-285x300.jpg\" width=\"285\" height=\"300\" \/><\/a> <a href=\"https:\/\/www.global-projects.es\/blog\/wp-content\/uploads\/2014\/11\/Global-Projects-obra-nueva-barcelona-9.jpg\"><img loading=\"lazy\" decoding=\"async\" class=\"size-medium wp-image-2459 aligncenter\" alt=\"Global Projects obra nueva barcelona (9)\" src=\"https:\/\/www.global-projects.es\/blog\/wp-content\/uploads\/2014\/11\/Global-Projects-obra-nueva-barcelona-9-291x300.jpg\" width=\"291\" height=\"300\" \/><\/a> <a href=\"https:\/\/www.global-projects.es\/blog\/wp-content\/uploads\/2014\/11\/Global-Projects-obra-nueva-barcelona-8.jpg\"><img loading=\"lazy\" decoding=\"async\" class=\"size-medium wp-image-2458 aligncenter\" alt=\"Global Projects obra nueva barcelona (8)\" src=\"https:\/\/www.global-projects.es\/blog\/wp-content\/uploads\/2014\/11\/Global-Projects-obra-nueva-barcelona-8-294x300.jpg\" width=\"294\" height=\"300\" \/><\/a> <a href=\"https:\/\/www.global-projects.es\/blog\/wp-content\/uploads\/2014\/11\/Global-Projects-obra-nueva-barcelona-7.jpg\"><img loading=\"lazy\" decoding=\"async\" class=\"size-medium wp-image-2457 aligncenter\" alt=\"Global Projects obra nueva barcelona (7)\" src=\"https:\/\/www.global-projects.es\/blog\/wp-content\/uploads\/2014\/11\/Global-Projects-obra-nueva-barcelona-7-199x300.jpg\" width=\"199\" height=\"300\" \/><\/a><a href=\"https:\/\/www.global-projects.es\/blog\/wp-content\/uploads\/2014\/11\/Global-Projects-obra-nueva-barcelona-5.jpg\"><img loading=\"lazy\" decoding=\"async\" class=\"size-medium wp-image-2455 aligncenter\" alt=\"Global Projects obra nueva barcelona (5)\" src=\"https:\/\/www.global-projects.es\/blog\/wp-content\/uploads\/2014\/11\/Global-Projects-obra-nueva-barcelona-5-300x140.jpg\" width=\"300\" height=\"140\" \/><\/a><a href=\"https:\/\/www.global-projects.es\/blog\/wp-content\/uploads\/2014\/11\/Global-Projects-obra-nueva-barcelona-4.jpg\"><img loading=\"lazy\" decoding=\"async\" class=\"size-medium wp-image-2454 aligncenter\" alt=\"Global Projects obra nueva barcelona (4)\" src=\"https:\/\/www.global-projects.es\/blog\/wp-content\/uploads\/2014\/11\/Global-Projects-obra-nueva-barcelona-4-199x300.jpg\" width=\"199\" height=\"300\" \/><\/a><\/p>\n","protected":false},"excerpt":{"rendered":"<p>Hoy os recomendamos encarecidamente una visita al blog de Afasia arquitectura. En la entrada que os recomendamos, podr\u00e9is conocer la \u00faltima vivienda unifamiliar en Barcelona,\u00a0constru\u00edda por\u00a0Global Projects\u00a0y proyectada\u00a0por los arquitectos\u00a0Alventosa Morell. Se trata de una\u00a0construcci\u00f3n de obra nueva\u00a0en Barcelona donde el gran reto del proyecto consisti\u00f3 en conseguir una gran circulaci\u00f3n de\u00a0luz natural\u00a0en el interior [&hellip;]<\/p>\n","protected":false},"author":5,"featured_media":2462,"comment_status":"closed","ping_status":"closed","sticky":false,"template":"","format":"standard","meta":{"_et_pb_use_builder":"","_et_pb_old_content":"","_et_gb_content_width":"","footnotes":""},"categories":[21,33,36,38,381,19],"tags":[382,383,384,154],"class_list":["post-2449","post","type-post","status-publish","format-standard","has-post-thumbnail","hentry","category-novedades","category-cocinas-modernas","category-interiorismo-2","category-banos-modernos","category-arquitectura-2","category-diseno-2","tag-arquitectura-barcelona","tag-construccion-viviendas","tag-empresa-constructora","tag-obra-nueva"],"yoast_head":"<!-- This site is optimized with the Yoast SEO plugin v27.5 - https:\/\/yoast.com\/product\/yoast-seo-wordpress\/ -->\n<title>La casa constru\u00edda por Global Projects publicada en Afasia arq<\/title>\n<meta name=\"robots\" content=\"index, follow, max-snippet:-1, max-image-preview:large, max-video-preview:-1\" \/>\n<link rel=\"canonical\" href=\"https:\/\/www.global-projects.es\/es\/la-nueva-vivienda-construida-por-global-projects-publicada-en-afasia-arquitectura\/\" \/>\n<meta property=\"og:locale\" content=\"es_ES\" \/>\n<meta property=\"og:type\" content=\"article\" \/>\n<meta property=\"og:title\" content=\"La casa constru\u00edda por Global Projects publicada en Afasia arq\" \/>\n<meta property=\"og:description\" content=\"Hoy os recomendamos encarecidamente una visita al blog de Afasia arquitectura. En la entrada que os recomendamos, podr\u00e9is conocer la \u00faltima vivienda unifamiliar en Barcelona,\u00a0constru\u00edda por\u00a0Global Projects\u00a0y proyectada\u00a0por los arquitectos\u00a0Alventosa Morell. Se trata de una\u00a0construcci\u00f3n de obra nueva\u00a0en Barcelona donde el gran reto del proyecto consisti\u00f3 en conseguir una gran circulaci\u00f3n de\u00a0luz natural\u00a0en el interior [&hellip;]\" \/>\n<meta property=\"og:url\" content=\"https:\/\/www.global-projects.es\/es\/la-nueva-vivienda-construida-por-global-projects-publicada-en-afasia-arquitectura\/\" \/>\n<meta property=\"og:site_name\" content=\"Global Projects\" \/>\n<meta property=\"article:publisher\" content=\"https:\/\/www.facebook.com\/gblprojects\" \/>\n<meta property=\"article:published_time\" content=\"2016-09-21T08:48:53+00:00\" \/>\n<meta property=\"og:image\" content=\"https:\/\/www.global-projects.es\/wp-content\/uploads\/2014\/11\/Global-Projects-obra-nueva-barcelona-12.jpg\" \/>\n\t<meta property=\"og:image:width\" content=\"1600\" \/>\n\t<meta property=\"og:image:height\" content=\"676\" \/>\n\t<meta property=\"og:image:type\" content=\"image\/jpeg\" \/>\n<meta name=\"author\" content=\"Carles Rodr\u00edguez\" \/>\n<meta name=\"twitter:card\" content=\"summary_large_image\" \/>\n<meta name=\"twitter:creator\" content=\"@global_projects\" \/>\n<meta name=\"twitter:site\" content=\"@global_projects\" \/>\n<meta name=\"twitter:label1\" content=\"Escrito por\" \/>\n\t<meta name=\"twitter:data1\" content=\"Carles Rodr\u00edguez\" \/>\n\t<meta name=\"twitter:label2\" content=\"Tiempo de lectura\" \/>\n\t<meta name=\"twitter:data2\" content=\"1 minuto\" \/>\n<script type=\"application\/ld+json\" class=\"yoast-schema-graph\">{\"@context\":\"https:\\\/\\\/schema.org\",\"@graph\":[{\"@type\":\"Article\",\"@id\":\"https:\\\/\\\/www.global-projects.es\\\/es\\\/la-nueva-vivienda-construida-por-global-projects-publicada-en-afasia-arquitectura\\\/#article\",\"isPartOf\":{\"@id\":\"https:\\\/\\\/www.global-projects.es\\\/es\\\/la-nueva-vivienda-construida-por-global-projects-publicada-en-afasia-arquitectura\\\/\"},\"author\":{\"name\":\"Carles Rodr\u00edguez\",\"@id\":\"https:\\\/\\\/www.global-projects.es\\\/es\\\/#\\\/schema\\\/person\\\/b1fdcf8dd3d27ee32220a56d7124ad5b\"},\"headline\":\"La nueva vivienda constru\u00edda por Global Projects publicada en Afasia arquitectura\",\"datePublished\":\"2016-09-21T08:48:53+00:00\",\"mainEntityOfPage\":{\"@id\":\"https:\\\/\\\/www.global-projects.es\\\/es\\\/la-nueva-vivienda-construida-por-global-projects-publicada-en-afasia-arquitectura\\\/\"},\"wordCount\":166,\"image\":{\"@id\":\"https:\\\/\\\/www.global-projects.es\\\/es\\\/la-nueva-vivienda-construida-por-global-projects-publicada-en-afasia-arquitectura\\\/#primaryimage\"},\"thumbnailUrl\":\"https:\\\/\\\/www.global-projects.es\\\/wp-content\\\/uploads\\\/2014\\\/11\\\/Global-Projects-obra-nueva-barcelona-12.jpg\",\"keywords\":[\"arquitectura barcelona\",\"construcci\u00f3n viviendas\",\"empresa constructora\",\"obra nueva\"],\"articleSection\":[\"novedades\",\"cocinas modernas\",\"Interiorismo\",\"Ba\u00f1os Modernos\",\"Arquitectura\",\"dise\u00f1o\"],\"inLanguage\":\"es\"},{\"@type\":\"WebPage\",\"@id\":\"https:\\\/\\\/www.global-projects.es\\\/es\\\/la-nueva-vivienda-construida-por-global-projects-publicada-en-afasia-arquitectura\\\/\",\"url\":\"https:\\\/\\\/www.global-projects.es\\\/es\\\/la-nueva-vivienda-construida-por-global-projects-publicada-en-afasia-arquitectura\\\/\",\"name\":\"La casa constru\u00edda por Global Projects publicada en Afasia arq\",\"isPartOf\":{\"@id\":\"https:\\\/\\\/www.global-projects.es\\\/es\\\/#website\"},\"primaryImageOfPage\":{\"@id\":\"https:\\\/\\\/www.global-projects.es\\\/es\\\/la-nueva-vivienda-construida-por-global-projects-publicada-en-afasia-arquitectura\\\/#primaryimage\"},\"image\":{\"@id\":\"https:\\\/\\\/www.global-projects.es\\\/es\\\/la-nueva-vivienda-construida-por-global-projects-publicada-en-afasia-arquitectura\\\/#primaryimage\"},\"thumbnailUrl\":\"https:\\\/\\\/www.global-projects.es\\\/wp-content\\\/uploads\\\/2014\\\/11\\\/Global-Projects-obra-nueva-barcelona-12.jpg\",\"datePublished\":\"2016-09-21T08:48:53+00:00\",\"author\":{\"@id\":\"https:\\\/\\\/www.global-projects.es\\\/es\\\/#\\\/schema\\\/person\\\/b1fdcf8dd3d27ee32220a56d7124ad5b\"},\"breadcrumb\":{\"@id\":\"https:\\\/\\\/www.global-projects.es\\\/es\\\/la-nueva-vivienda-construida-por-global-projects-publicada-en-afasia-arquitectura\\\/#breadcrumb\"},\"inLanguage\":\"es\",\"potentialAction\":[{\"@type\":\"ReadAction\",\"target\":[\"https:\\\/\\\/www.global-projects.es\\\/es\\\/la-nueva-vivienda-construida-por-global-projects-publicada-en-afasia-arquitectura\\\/\"]}]},{\"@type\":\"ImageObject\",\"inLanguage\":\"es\",\"@id\":\"https:\\\/\\\/www.global-projects.es\\\/es\\\/la-nueva-vivienda-construida-por-global-projects-publicada-en-afasia-arquitectura\\\/#primaryimage\",\"url\":\"https:\\\/\\\/www.global-projects.es\\\/wp-content\\\/uploads\\\/2014\\\/11\\\/Global-Projects-obra-nueva-barcelona-12.jpg\",\"contentUrl\":\"https:\\\/\\\/www.global-projects.es\\\/wp-content\\\/uploads\\\/2014\\\/11\\\/Global-Projects-obra-nueva-barcelona-12.jpg\",\"width\":1600,\"height\":676},{\"@type\":\"BreadcrumbList\",\"@id\":\"https:\\\/\\\/www.global-projects.es\\\/es\\\/la-nueva-vivienda-construida-por-global-projects-publicada-en-afasia-arquitectura\\\/#breadcrumb\",\"itemListElement\":[{\"@type\":\"ListItem\",\"position\":1,\"name\":\"Portada\",\"item\":\"https:\\\/\\\/www.global-projects.es\\\/es\\\/\"},{\"@type\":\"ListItem\",\"position\":2,\"name\":\"La nueva vivienda constru\u00edda por Global Projects publicada en Afasia arquitectura\"}]},{\"@type\":\"WebSite\",\"@id\":\"https:\\\/\\\/www.global-projects.es\\\/es\\\/#website\",\"url\":\"https:\\\/\\\/www.global-projects.es\\\/es\\\/\",\"name\":\"Global Projects\",\"description\":\"Reformas Integrales Barcelona\",\"potentialAction\":[{\"@type\":\"SearchAction\",\"target\":{\"@type\":\"EntryPoint\",\"urlTemplate\":\"https:\\\/\\\/www.global-projects.es\\\/es\\\/?s={search_term_string}\"},\"query-input\":{\"@type\":\"PropertyValueSpecification\",\"valueRequired\":true,\"valueName\":\"search_term_string\"}}],\"inLanguage\":\"es\"},{\"@type\":\"Person\",\"@id\":\"https:\\\/\\\/www.global-projects.es\\\/es\\\/#\\\/schema\\\/person\\\/b1fdcf8dd3d27ee32220a56d7124ad5b\",\"name\":\"Carles Rodr\u00edguez\",\"url\":\"https:\\\/\\\/www.global-projects.es\\\/es\\\/author\\\/carles\\\/\"}]}<\/script>\n<!-- \/ Yoast SEO plugin. -->","yoast_head_json":{"title":"La casa constru\u00edda por Global Projects publicada en Afasia arq","robots":{"index":"index","follow":"follow","max-snippet":"max-snippet:-1","max-image-preview":"max-image-preview:large","max-video-preview":"max-video-preview:-1"},"canonical":"https:\/\/www.global-projects.es\/es\/la-nueva-vivienda-construida-por-global-projects-publicada-en-afasia-arquitectura\/","og_locale":"es_ES","og_type":"article","og_title":"La casa constru\u00edda por Global Projects publicada en Afasia arq","og_description":"Hoy os recomendamos encarecidamente una visita al blog de Afasia arquitectura. En la entrada que os recomendamos, podr\u00e9is conocer la \u00faltima vivienda unifamiliar en Barcelona,\u00a0constru\u00edda por\u00a0Global Projects\u00a0y proyectada\u00a0por los arquitectos\u00a0Alventosa Morell. Se trata de una\u00a0construcci\u00f3n de obra nueva\u00a0en Barcelona donde el gran reto del proyecto consisti\u00f3 en conseguir una gran circulaci\u00f3n de\u00a0luz natural\u00a0en el interior [&hellip;]","og_url":"https:\/\/www.global-projects.es\/es\/la-nueva-vivienda-construida-por-global-projects-publicada-en-afasia-arquitectura\/","og_site_name":"Global Projects","article_publisher":"https:\/\/www.facebook.com\/gblprojects","article_published_time":"2016-09-21T08:48:53+00:00","og_image":[{"width":1600,"height":676,"url":"https:\/\/www.global-projects.es\/wp-content\/uploads\/2014\/11\/Global-Projects-obra-nueva-barcelona-12.jpg","type":"image\/jpeg"}],"author":"Carles Rodr\u00edguez","twitter_card":"summary_large_image","twitter_creator":"@global_projects","twitter_site":"@global_projects","twitter_misc":{"Escrito por":"Carles Rodr\u00edguez","Tiempo de lectura":"1 minuto"},"schema":{"@context":"https:\/\/schema.org","@graph":[{"@type":"Article","@id":"https:\/\/www.global-projects.es\/es\/la-nueva-vivienda-construida-por-global-projects-publicada-en-afasia-arquitectura\/#article","isPartOf":{"@id":"https:\/\/www.global-projects.es\/es\/la-nueva-vivienda-construida-por-global-projects-publicada-en-afasia-arquitectura\/"},"author":{"name":"Carles Rodr\u00edguez","@id":"https:\/\/www.global-projects.es\/es\/#\/schema\/person\/b1fdcf8dd3d27ee32220a56d7124ad5b"},"headline":"La nueva vivienda constru\u00edda por Global Projects publicada en Afasia arquitectura","datePublished":"2016-09-21T08:48:53+00:00","mainEntityOfPage":{"@id":"https:\/\/www.global-projects.es\/es\/la-nueva-vivienda-construida-por-global-projects-publicada-en-afasia-arquitectura\/"},"wordCount":166,"image":{"@id":"https:\/\/www.global-projects.es\/es\/la-nueva-vivienda-construida-por-global-projects-publicada-en-afasia-arquitectura\/#primaryimage"},"thumbnailUrl":"https:\/\/www.global-projects.es\/wp-content\/uploads\/2014\/11\/Global-Projects-obra-nueva-barcelona-12.jpg","keywords":["arquitectura barcelona","construcci\u00f3n viviendas","empresa constructora","obra nueva"],"articleSection":["novedades","cocinas modernas","Interiorismo","Ba\u00f1os Modernos","Arquitectura","dise\u00f1o"],"inLanguage":"es"},{"@type":"WebPage","@id":"https:\/\/www.global-projects.es\/es\/la-nueva-vivienda-construida-por-global-projects-publicada-en-afasia-arquitectura\/","url":"https:\/\/www.global-projects.es\/es\/la-nueva-vivienda-construida-por-global-projects-publicada-en-afasia-arquitectura\/","name":"La casa constru\u00edda por Global Projects publicada en Afasia arq","isPartOf":{"@id":"https:\/\/www.global-projects.es\/es\/#website"},"primaryImageOfPage":{"@id":"https:\/\/www.global-projects.es\/es\/la-nueva-vivienda-construida-por-global-projects-publicada-en-afasia-arquitectura\/#primaryimage"},"image":{"@id":"https:\/\/www.global-projects.es\/es\/la-nueva-vivienda-construida-por-global-projects-publicada-en-afasia-arquitectura\/#primaryimage"},"thumbnailUrl":"https:\/\/www.global-projects.es\/wp-content\/uploads\/2014\/11\/Global-Projects-obra-nueva-barcelona-12.jpg","datePublished":"2016-09-21T08:48:53+00:00","author":{"@id":"https:\/\/www.global-projects.es\/es\/#\/schema\/person\/b1fdcf8dd3d27ee32220a56d7124ad5b"},"breadcrumb":{"@id":"https:\/\/www.global-projects.es\/es\/la-nueva-vivienda-construida-por-global-projects-publicada-en-afasia-arquitectura\/#breadcrumb"},"inLanguage":"es","potentialAction":[{"@type":"ReadAction","target":["https:\/\/www.global-projects.es\/es\/la-nueva-vivienda-construida-por-global-projects-publicada-en-afasia-arquitectura\/"]}]},{"@type":"ImageObject","inLanguage":"es","@id":"https:\/\/www.global-projects.es\/es\/la-nueva-vivienda-construida-por-global-projects-publicada-en-afasia-arquitectura\/#primaryimage","url":"https:\/\/www.global-projects.es\/wp-content\/uploads\/2014\/11\/Global-Projects-obra-nueva-barcelona-12.jpg","contentUrl":"https:\/\/www.global-projects.es\/wp-content\/uploads\/2014\/11\/Global-Projects-obra-nueva-barcelona-12.jpg","width":1600,"height":676},{"@type":"BreadcrumbList","@id":"https:\/\/www.global-projects.es\/es\/la-nueva-vivienda-construida-por-global-projects-publicada-en-afasia-arquitectura\/#breadcrumb","itemListElement":[{"@type":"ListItem","position":1,"name":"Portada","item":"https:\/\/www.global-projects.es\/es\/"},{"@type":"ListItem","position":2,"name":"La nueva vivienda constru\u00edda por Global Projects publicada en Afasia arquitectura"}]},{"@type":"WebSite","@id":"https:\/\/www.global-projects.es\/es\/#website","url":"https:\/\/www.global-projects.es\/es\/","name":"Global Projects","description":"Reformas Integrales Barcelona","potentialAction":[{"@type":"SearchAction","target":{"@type":"EntryPoint","urlTemplate":"https:\/\/www.global-projects.es\/es\/?s={search_term_string}"},"query-input":{"@type":"PropertyValueSpecification","valueRequired":true,"valueName":"search_term_string"}}],"inLanguage":"es"},{"@type":"Person","@id":"https:\/\/www.global-projects.es\/es\/#\/schema\/person\/b1fdcf8dd3d27ee32220a56d7124ad5b","name":"Carles Rodr\u00edguez","url":"https:\/\/www.global-projects.es\/es\/author\/carles\/"}]}},"_links":{"self":[{"href":"https:\/\/www.global-projects.es\/es\/wp-json\/wp\/v2\/posts\/2449","targetHints":{"allow":["GET"]}}],"collection":[{"href":"https:\/\/www.global-projects.es\/es\/wp-json\/wp\/v2\/posts"}],"about":[{"href":"https:\/\/www.global-projects.es\/es\/wp-json\/wp\/v2\/types\/post"}],"author":[{"embeddable":true,"href":"https:\/\/www.global-projects.es\/es\/wp-json\/wp\/v2\/users\/5"}],"replies":[{"embeddable":true,"href":"https:\/\/www.global-projects.es\/es\/wp-json\/wp\/v2\/comments?post=2449"}],"version-history":[{"count":0,"href":"https:\/\/www.global-projects.es\/es\/wp-json\/wp\/v2\/posts\/2449\/revisions"}],"wp:featuredmedia":[{"embeddable":true,"href":"https:\/\/www.global-projects.es\/es\/wp-json\/wp\/v2\/media\/2462"}],"wp:attachment":[{"href":"https:\/\/www.global-projects.es\/es\/wp-json\/wp\/v2\/media?parent=2449"}],"wp:term":[{"taxonomy":"category","embeddable":true,"href":"https:\/\/www.global-projects.es\/es\/wp-json\/wp\/v2\/categories?post=2449"},{"taxonomy":"post_tag","embeddable":true,"href":"https:\/\/www.global-projects.es\/es\/wp-json\/wp\/v2\/tags?post=2449"}],"curies":[{"name":"wp","href":"https:\/\/api.w.org\/{rel}","templated":true}]}}