{"id":1570,"date":"2012-11-19T12:32:15","date_gmt":"2012-11-19T11:32:15","guid":{"rendered":"http:\/\/www.global-projects.es\/blog\/?p=1570"},"modified":"2012-11-19T12:32:15","modified_gmt":"2012-11-19T11:32:15","slug":"llega-el-3d","status":"publish","type":"post","link":"https:\/\/www.global-projects.es\/es\/llega-el-3d\/","title":{"rendered":"\u00a1Llega el 3D!"},"content":{"rendered":"<p style=\"text-align: justify;\">En <strong><a href=\"https:\/\/www.global-projects.es\/\">Global Project<\/a><\/strong> trabajamos siempre para mostrarte las <strong>\u00faltimas novedades y tendencias<\/strong> en dise\u00f1o y interiorismo. Por eso hoy queremos hablarte de la<strong> \u00faltima novedad<\/strong> para instalar en las<strong> paredes<\/strong> de tu casa.<\/p>\n<p style=\"text-align: justify;\">Lo \u00faltimo en decoraci\u00f3n de paredes se trata de <strong>paneles decorativos<\/strong> con diferentes <strong>texturas y dise\u00f1os<\/strong>. Un nuevo <strong>sistema<\/strong> muy <strong>innovador<\/strong> que transformar\u00e1n las <strong>paredes<\/strong> de tu casa en elementos de <strong>decoraci\u00f3n por s\u00ed mismas<\/strong>, consiguiendo una estancia <strong>innovadora y minimalista<\/strong>.<\/p>\n<p style=\"text-align: justify;\"><a href=\"https:\/\/www.global-projects.es\/blog\/wp-content\/uploads\/2012\/11\/como-decorar-paredes-con-paneles-efecto-3d-ideas-decoracion-12.jpg\"><img loading=\"lazy\" decoding=\"async\" class=\"aligncenter size-full wp-image-1571\" title=\"Reformas integrales - Paneles paredes\" src=\"https:\/\/www.global-projects.es\/blog\/wp-content\/uploads\/2012\/11\/como-decorar-paredes-con-paneles-efecto-3d-ideas-decoracion-12.jpg\" alt=\"Reformas integrales - Paneles paredes\" width=\"540\" height=\"380\" \/><\/a><br \/>\nEstas <strong>nuevas superficies<\/strong> para tus paredes consiguen un <strong>efecto tridimensional<\/strong> aportando a cada una ellas un espectacular <strong>juego de luces y sombras<\/strong> con una tendencia muy contempor\u00e1nea y actual.<\/p>\n<p style=\"text-align: justify;\"><a href=\"https:\/\/www.global-projects.es\/blog\/wp-content\/uploads\/2012\/11\/azulejos_3d_2.jpg\"><img loading=\"lazy\" decoding=\"async\" class=\"aligncenter size-full wp-image-1573\" title=\"Reformar vivienda - paredes\" src=\"https:\/\/www.global-projects.es\/blog\/wp-content\/uploads\/2012\/11\/azulejos_3d_2.jpg\" alt=\"Reformar vivienda - paredes\" width=\"520\" height=\"377\" \/><\/a><br \/>\nAdem\u00e1s de las <strong>ventajas est\u00e9ticas<\/strong> que nos ofrecen estos paneles nos pueden ayudar a <strong>solucionar<\/strong> problemas de <strong>aislamiento ac\u00fastico y t\u00e9rmico<\/strong> de estas estancias.<\/p>\n<p style=\"text-align: justify;\"><a href=\"https:\/\/www.global-projects.es\/blog\/wp-content\/uploads\/2012\/11\/papel_paredes_3d_3.jpg\"><img loading=\"lazy\" decoding=\"async\" class=\"aligncenter size-full wp-image-1574\" title=\"reformas viviendas - Paneles \" src=\"https:\/\/www.global-projects.es\/blog\/wp-content\/uploads\/2012\/11\/papel_paredes_3d_3.jpg\" alt=\"reformas viviendas - Paneles\" width=\"500\" height=\"500\" \/><\/a><br \/>\nUna <strong>atractiva alternativa<\/strong> para los cl\u00e1sicos papeles pintados, murales y vinilos.<\/p>\n<p style=\"text-align: justify;\">En <strong>Global Project<\/strong> contamos con los <strong>mejores profesionales<\/strong> para mostrarte las <strong>mejores soluciones<\/strong> y <strong>personalizar tu espacio<\/strong> si necesitas <strong><a href=\"https:\/\/www.global-projects.es\/es\/servicios\/reformas-integrales.html\">reformar tu vivienda<\/a><\/strong>. Ponemos a tu disposici\u00f3n todo <strong>nuestro equipo<\/strong> para que el resultado final de la <strong><a href=\"https:\/\/www.global-projects.es\/es\/servicios\/reformas-integrales.html\">reforma integral<\/a><\/strong> sea de tu m\u00e1xima <strong>satisfacci\u00f3n<\/strong>.<\/p>\n<p style=\"text-align: justify;\"><strong>Global Project<\/strong> somos una empresa de <strong><a href=\"https:\/\/www.global-projects.es\/es\/reformas-global-projects.html\">reformas en Barcelona<\/a><\/strong>, especialistas tanto en <strong><a href=\"https:\/\/www.global-projects.es\/es\/reformas-integrales\/interiorismo.html\">reformas interiores<\/a><\/strong> como en <strong><a href=\"https:\/\/www.global-projects.es\/es\/servicios\/rehabilitacion-fachadas.html\">reformas de exterior.<\/a><\/strong><\/p>\n<p style=\"text-align: justify;\">P\u00eddenos <strong><a href=\"https:\/\/www.global-projects.es\/es\/formulario.html\">presupuesto<\/a><\/strong> sin compromiso y te haremos la mejor <strong>propuesta<\/strong> ajust\u00e1ndonos siempre a tus <strong>necesidades y presupuesto<\/strong>.<\/p>\n","protected":false},"excerpt":{"rendered":"<p>En Global Project trabajamos siempre para mostrarte las \u00faltimas novedades y tendencias en dise\u00f1o y interiorismo. Por eso hoy queremos hablarte de la \u00faltima novedad para instalar en las paredes de tu casa. Lo \u00faltimo en decoraci\u00f3n de paredes se trata de paneles decorativos con diferentes texturas y dise\u00f1os. Un nuevo sistema muy innovador que [&hellip;]<\/p>\n","protected":false},"author":4,"featured_media":1571,"comment_status":"open","ping_status":"closed","sticky":false,"template":"","format":"standard","meta":{"_et_pb_use_builder":"","_et_pb_old_content":"","_et_gb_content_width":"","footnotes":""},"categories":[19,21,36,41],"tags":[25,37,115,163,177,181,183],"class_list":["post-1570","post","type-post","status-publish","format-standard","has-post-thumbnail","hentry","category-diseno-2","category-novedades","category-interiorismo-2","category-materiales","tag-reformas-integrales","tag-reformas-integrales-barcelona","tag-rehabilitaciones","tag-reformar-vivienda-barcelona","tag-reforma-de-fachadas","tag-empresa-de-reformas","tag-reformas-viviendas"],"yoast_head":"<!-- This site is optimized with the Yoast SEO plugin v27.5 - https:\/\/yoast.com\/product\/yoast-seo-wordpress\/ -->\n<title>\u00a1Llega el 3D! - Global Projects<\/title>\n<meta name=\"robots\" content=\"index, follow, max-snippet:-1, max-image-preview:large, max-video-preview:-1\" \/>\n<link rel=\"canonical\" href=\"https:\/\/www.global-projects.es\/es\/llega-el-3d\/\" \/>\n<meta property=\"og:locale\" content=\"es_ES\" \/>\n<meta property=\"og:type\" content=\"article\" \/>\n<meta property=\"og:title\" content=\"\u00a1Llega el 3D! - Global Projects\" \/>\n<meta property=\"og:description\" content=\"En Global Project trabajamos siempre para mostrarte las \u00faltimas novedades y tendencias en dise\u00f1o y interiorismo. Por eso hoy queremos hablarte de la \u00faltima novedad para instalar en las paredes de tu casa. Lo \u00faltimo en decoraci\u00f3n de paredes se trata de paneles decorativos con diferentes texturas y dise\u00f1os. Un nuevo sistema muy innovador que [&hellip;]\" \/>\n<meta property=\"og:url\" content=\"https:\/\/www.global-projects.es\/es\/llega-el-3d\/\" \/>\n<meta property=\"og:site_name\" content=\"Global Projects\" \/>\n<meta property=\"article:publisher\" content=\"https:\/\/www.facebook.com\/gblprojects\" \/>\n<meta property=\"article:published_time\" content=\"2012-11-19T11:32:15+00:00\" \/>\n<meta property=\"og:image\" content=\"https:\/\/www.global-projects.es\/wp-content\/uploads\/2014\/05\/despachoglobal_001bona.jpg\" \/>\n\t<meta property=\"og:image:width\" content=\"1080\" \/>\n\t<meta property=\"og:image:height\" content=\"675\" \/>\n\t<meta property=\"og:image:type\" content=\"image\/jpeg\" \/>\n<meta name=\"author\" content=\"Global\" \/>\n<meta name=\"twitter:card\" content=\"summary_large_image\" \/>\n<meta name=\"twitter:creator\" content=\"@global_projects\" \/>\n<meta name=\"twitter:site\" content=\"@global_projects\" \/>\n<meta name=\"twitter:label1\" content=\"Escrito por\" \/>\n\t<meta name=\"twitter:data1\" content=\"Global\" \/>\n\t<meta name=\"twitter:label2\" content=\"Tiempo de lectura\" \/>\n\t<meta name=\"twitter:data2\" content=\"1 minuto\" \/>\n<script type=\"application\/ld+json\" class=\"yoast-schema-graph\">{\"@context\":\"https:\\\/\\\/schema.org\",\"@graph\":[{\"@type\":\"Article\",\"@id\":\"https:\\\/\\\/www.global-projects.es\\\/es\\\/llega-el-3d\\\/#article\",\"isPartOf\":{\"@id\":\"https:\\\/\\\/www.global-projects.es\\\/es\\\/llega-el-3d\\\/\"},\"author\":{\"name\":\"Global\",\"@id\":\"https:\\\/\\\/www.global-projects.es\\\/es\\\/#\\\/schema\\\/person\\\/62ec8db1b3b6b0776dc86d00b37c57ff\"},\"headline\":\"\u00a1Llega el 3D!\",\"datePublished\":\"2012-11-19T11:32:15+00:00\",\"mainEntityOfPage\":{\"@id\":\"https:\\\/\\\/www.global-projects.es\\\/es\\\/llega-el-3d\\\/\"},\"wordCount\":236,\"commentCount\":0,\"image\":{\"@id\":\"https:\\\/\\\/www.global-projects.es\\\/es\\\/llega-el-3d\\\/#primaryimage\"},\"thumbnailUrl\":\"https:\\\/\\\/www.global-projects.es\\\/wp-content\\\/uploads\\\/2014\\\/05\\\/despachoglobal_001bona.jpg\",\"keywords\":[\"reformas integrales\",\"reformas integrales barcelona\",\"rehabilitaciones\",\"reformar vivienda barcelona\",\"reforma de fachadas\",\"empresa de reformas\",\"reformas viviendas\"],\"articleSection\":[\"dise\u00f1o\",\"novedades\",\"Interiorismo\",\"Materiales\"],\"inLanguage\":\"es\",\"potentialAction\":[{\"@type\":\"CommentAction\",\"name\":\"Comment\",\"target\":[\"https:\\\/\\\/www.global-projects.es\\\/es\\\/llega-el-3d\\\/#respond\"]}]},{\"@type\":\"WebPage\",\"@id\":\"https:\\\/\\\/www.global-projects.es\\\/es\\\/llega-el-3d\\\/\",\"url\":\"https:\\\/\\\/www.global-projects.es\\\/es\\\/llega-el-3d\\\/\",\"name\":\"\u00a1Llega el 3D! - Global Projects\",\"isPartOf\":{\"@id\":\"https:\\\/\\\/www.global-projects.es\\\/es\\\/#website\"},\"primaryImageOfPage\":{\"@id\":\"https:\\\/\\\/www.global-projects.es\\\/es\\\/llega-el-3d\\\/#primaryimage\"},\"image\":{\"@id\":\"https:\\\/\\\/www.global-projects.es\\\/es\\\/llega-el-3d\\\/#primaryimage\"},\"thumbnailUrl\":\"https:\\\/\\\/www.global-projects.es\\\/wp-content\\\/uploads\\\/2014\\\/05\\\/despachoglobal_001bona.jpg\",\"datePublished\":\"2012-11-19T11:32:15+00:00\",\"author\":{\"@id\":\"https:\\\/\\\/www.global-projects.es\\\/es\\\/#\\\/schema\\\/person\\\/62ec8db1b3b6b0776dc86d00b37c57ff\"},\"breadcrumb\":{\"@id\":\"https:\\\/\\\/www.global-projects.es\\\/es\\\/llega-el-3d\\\/#breadcrumb\"},\"inLanguage\":\"es\",\"potentialAction\":[{\"@type\":\"ReadAction\",\"target\":[\"https:\\\/\\\/www.global-projects.es\\\/es\\\/llega-el-3d\\\/\"]}]},{\"@type\":\"ImageObject\",\"inLanguage\":\"es\",\"@id\":\"https:\\\/\\\/www.global-projects.es\\\/es\\\/llega-el-3d\\\/#primaryimage\",\"url\":\"https:\\\/\\\/www.global-projects.es\\\/wp-content\\\/uploads\\\/2014\\\/05\\\/despachoglobal_001bona.jpg\",\"contentUrl\":\"https:\\\/\\\/www.global-projects.es\\\/wp-content\\\/uploads\\\/2014\\\/05\\\/despachoglobal_001bona.jpg\",\"width\":1080,\"height\":675,\"caption\":\"reformas en Barcelona\"},{\"@type\":\"BreadcrumbList\",\"@id\":\"https:\\\/\\\/www.global-projects.es\\\/es\\\/llega-el-3d\\\/#breadcrumb\",\"itemListElement\":[{\"@type\":\"ListItem\",\"position\":1,\"name\":\"Portada\",\"item\":\"https:\\\/\\\/www.global-projects.es\\\/es\\\/\"},{\"@type\":\"ListItem\",\"position\":2,\"name\":\"\u00a1Llega el 3D!\"}]},{\"@type\":\"WebSite\",\"@id\":\"https:\\\/\\\/www.global-projects.es\\\/es\\\/#website\",\"url\":\"https:\\\/\\\/www.global-projects.es\\\/es\\\/\",\"name\":\"Global Projects\",\"description\":\"Reformas Integrales Barcelona\",\"potentialAction\":[{\"@type\":\"SearchAction\",\"target\":{\"@type\":\"EntryPoint\",\"urlTemplate\":\"https:\\\/\\\/www.global-projects.es\\\/es\\\/?s={search_term_string}\"},\"query-input\":{\"@type\":\"PropertyValueSpecification\",\"valueRequired\":true,\"valueName\":\"search_term_string\"}}],\"inLanguage\":\"es\"},{\"@type\":\"Person\",\"@id\":\"https:\\\/\\\/www.global-projects.es\\\/es\\\/#\\\/schema\\\/person\\\/62ec8db1b3b6b0776dc86d00b37c57ff\",\"name\":\"Global\",\"url\":\"https:\\\/\\\/www.global-projects.es\\\/es\\\/author\\\/global\\\/\"}]}<\/script>\n<!-- \/ Yoast SEO plugin. -->","yoast_head_json":{"title":"\u00a1Llega el 3D! - Global Projects","robots":{"index":"index","follow":"follow","max-snippet":"max-snippet:-1","max-image-preview":"max-image-preview:large","max-video-preview":"max-video-preview:-1"},"canonical":"https:\/\/www.global-projects.es\/es\/llega-el-3d\/","og_locale":"es_ES","og_type":"article","og_title":"\u00a1Llega el 3D! - Global Projects","og_description":"En Global Project trabajamos siempre para mostrarte las \u00faltimas novedades y tendencias en dise\u00f1o y interiorismo. Por eso hoy queremos hablarte de la \u00faltima novedad para instalar en las paredes de tu casa. Lo \u00faltimo en decoraci\u00f3n de paredes se trata de paneles decorativos con diferentes texturas y dise\u00f1os. Un nuevo sistema muy innovador que [&hellip;]","og_url":"https:\/\/www.global-projects.es\/es\/llega-el-3d\/","og_site_name":"Global Projects","article_publisher":"https:\/\/www.facebook.com\/gblprojects","article_published_time":"2012-11-19T11:32:15+00:00","og_image":[{"width":1080,"height":675,"url":"https:\/\/www.global-projects.es\/wp-content\/uploads\/2014\/05\/despachoglobal_001bona.jpg","type":"image\/jpeg"}],"author":"Global","twitter_card":"summary_large_image","twitter_creator":"@global_projects","twitter_site":"@global_projects","twitter_misc":{"Escrito por":"Global","Tiempo de lectura":"1 minuto"},"schema":{"@context":"https:\/\/schema.org","@graph":[{"@type":"Article","@id":"https:\/\/www.global-projects.es\/es\/llega-el-3d\/#article","isPartOf":{"@id":"https:\/\/www.global-projects.es\/es\/llega-el-3d\/"},"author":{"name":"Global","@id":"https:\/\/www.global-projects.es\/es\/#\/schema\/person\/62ec8db1b3b6b0776dc86d00b37c57ff"},"headline":"\u00a1Llega el 3D!","datePublished":"2012-11-19T11:32:15+00:00","mainEntityOfPage":{"@id":"https:\/\/www.global-projects.es\/es\/llega-el-3d\/"},"wordCount":236,"commentCount":0,"image":{"@id":"https:\/\/www.global-projects.es\/es\/llega-el-3d\/#primaryimage"},"thumbnailUrl":"https:\/\/www.global-projects.es\/wp-content\/uploads\/2014\/05\/despachoglobal_001bona.jpg","keywords":["reformas integrales","reformas integrales barcelona","rehabilitaciones","reformar vivienda barcelona","reforma de fachadas","empresa de reformas","reformas viviendas"],"articleSection":["dise\u00f1o","novedades","Interiorismo","Materiales"],"inLanguage":"es","potentialAction":[{"@type":"CommentAction","name":"Comment","target":["https:\/\/www.global-projects.es\/es\/llega-el-3d\/#respond"]}]},{"@type":"WebPage","@id":"https:\/\/www.global-projects.es\/es\/llega-el-3d\/","url":"https:\/\/www.global-projects.es\/es\/llega-el-3d\/","name":"\u00a1Llega el 3D! - Global Projects","isPartOf":{"@id":"https:\/\/www.global-projects.es\/es\/#website"},"primaryImageOfPage":{"@id":"https:\/\/www.global-projects.es\/es\/llega-el-3d\/#primaryimage"},"image":{"@id":"https:\/\/www.global-projects.es\/es\/llega-el-3d\/#primaryimage"},"thumbnailUrl":"https:\/\/www.global-projects.es\/wp-content\/uploads\/2014\/05\/despachoglobal_001bona.jpg","datePublished":"2012-11-19T11:32:15+00:00","author":{"@id":"https:\/\/www.global-projects.es\/es\/#\/schema\/person\/62ec8db1b3b6b0776dc86d00b37c57ff"},"breadcrumb":{"@id":"https:\/\/www.global-projects.es\/es\/llega-el-3d\/#breadcrumb"},"inLanguage":"es","potentialAction":[{"@type":"ReadAction","target":["https:\/\/www.global-projects.es\/es\/llega-el-3d\/"]}]},{"@type":"ImageObject","inLanguage":"es","@id":"https:\/\/www.global-projects.es\/es\/llega-el-3d\/#primaryimage","url":"https:\/\/www.global-projects.es\/wp-content\/uploads\/2014\/05\/despachoglobal_001bona.jpg","contentUrl":"https:\/\/www.global-projects.es\/wp-content\/uploads\/2014\/05\/despachoglobal_001bona.jpg","width":1080,"height":675,"caption":"reformas en Barcelona"},{"@type":"BreadcrumbList","@id":"https:\/\/www.global-projects.es\/es\/llega-el-3d\/#breadcrumb","itemListElement":[{"@type":"ListItem","position":1,"name":"Portada","item":"https:\/\/www.global-projects.es\/es\/"},{"@type":"ListItem","position":2,"name":"\u00a1Llega el 3D!"}]},{"@type":"WebSite","@id":"https:\/\/www.global-projects.es\/es\/#website","url":"https:\/\/www.global-projects.es\/es\/","name":"Global Projects","description":"Reformas Integrales Barcelona","potentialAction":[{"@type":"SearchAction","target":{"@type":"EntryPoint","urlTemplate":"https:\/\/www.global-projects.es\/es\/?s={search_term_string}"},"query-input":{"@type":"PropertyValueSpecification","valueRequired":true,"valueName":"search_term_string"}}],"inLanguage":"es"},{"@type":"Person","@id":"https:\/\/www.global-projects.es\/es\/#\/schema\/person\/62ec8db1b3b6b0776dc86d00b37c57ff","name":"Global","url":"https:\/\/www.global-projects.es\/es\/author\/global\/"}]}},"_links":{"self":[{"href":"https:\/\/www.global-projects.es\/es\/wp-json\/wp\/v2\/posts\/1570","targetHints":{"allow":["GET"]}}],"collection":[{"href":"https:\/\/www.global-projects.es\/es\/wp-json\/wp\/v2\/posts"}],"about":[{"href":"https:\/\/www.global-projects.es\/es\/wp-json\/wp\/v2\/types\/post"}],"author":[{"embeddable":true,"href":"https:\/\/www.global-projects.es\/es\/wp-json\/wp\/v2\/users\/4"}],"replies":[{"embeddable":true,"href":"https:\/\/www.global-projects.es\/es\/wp-json\/wp\/v2\/comments?post=1570"}],"version-history":[{"count":0,"href":"https:\/\/www.global-projects.es\/es\/wp-json\/wp\/v2\/posts\/1570\/revisions"}],"wp:featuredmedia":[{"embeddable":true,"href":"https:\/\/www.global-projects.es\/es\/wp-json\/wp\/v2\/media\/1571"}],"wp:attachment":[{"href":"https:\/\/www.global-projects.es\/es\/wp-json\/wp\/v2\/media?parent=1570"}],"wp:term":[{"taxonomy":"category","embeddable":true,"href":"https:\/\/www.global-projects.es\/es\/wp-json\/wp\/v2\/categories?post=1570"},{"taxonomy":"post_tag","embeddable":true,"href":"https:\/\/www.global-projects.es\/es\/wp-json\/wp\/v2\/tags?post=1570"}],"curies":[{"name":"wp","href":"https:\/\/api.w.org\/{rel}","templated":true}]}}