{"id":1477,"date":"2012-10-17T12:06:57","date_gmt":"2012-10-17T12:06:57","guid":{"rendered":"http:\/\/www.global-projects.es\/blog\/?p=1477"},"modified":"2012-10-17T12:06:57","modified_gmt":"2012-10-17T12:06:57","slug":"nos-apasiona-el-rojo","status":"publish","type":"post","link":"https:\/\/www.global-projects.es\/es\/nos-apasiona-el-rojo\/","title":{"rendered":"\u00a1Nos apasiona el rojo!"},"content":{"rendered":"<p style=\"text-align: justify;\">Para este oto\u00f1o queremos <strong>reivindicar el rojo<\/strong> para decorar nuestra casa. El rojo activa las emociones <strong>irradiando pasi\u00f3n, vitalidad<\/strong>.<\/p>\n<p style=\"text-align: justify;\">La <strong>clave<\/strong> para decorar nuestro hogar con este color tan <strong>atrevido<\/strong> es usarlo con <strong>moderaci\u00f3n<\/strong>. No pintes todas las paredes de una estancia de rojo, si no que puedes optar por pintar solo una de ellas.<\/p>\n<p style=\"text-align: justify;\"><a href=\"https:\/\/www.global-projects.es\/blog\/wp-content\/uploads\/2012\/10\/pasillo_con_paredes_rojo_frambuesa_439x559.jpg\"><img loading=\"lazy\" decoding=\"async\" class=\"aligncenter size-full wp-image-1485\" title=\"reformas integrales - pasillo rojo\" src=\"https:\/\/www.global-projects.es\/blog\/wp-content\/uploads\/2012\/10\/pasillo_con_paredes_rojo_frambuesa_439x559-e1350474964106.jpg\" alt=\"reformas integrales - pasillo rojo\" width=\"516\" height=\"480\" \/><\/a>Tambi\u00e9n puedes elegir el <strong>mobiliario<\/strong> en esta tonalidad, sin la necesidad de que todos los muebles sean rojos. Tambi\u00e9n cortinas, cojines, alfombras\u2026 todo tipo de accesorios que puedes elegir con esta tonalidad nos aportaran <strong>calidez e intensidad<\/strong> a nuestro hogar.<\/p>\n<p style=\"text-align: justify;\"><a href=\"https:\/\/www.global-projects.es\/blog\/wp-content\/uploads\/2012\/10\/sal\u00f3n-rojo-1.jpg\"><img loading=\"lazy\" decoding=\"async\" class=\"aligncenter size-full wp-image-1478\" title=\"Reformas integrales - paredes rojo\" src=\"https:\/\/www.global-projects.es\/blog\/wp-content\/uploads\/2012\/10\/sal\u00f3n-rojo-1.jpg\" alt=\"Reformas integrales - paredes rojo\" width=\"500\" height=\"364\" \/><\/a><\/p>\n<p style=\"text-align: center;\">\n<p style=\"text-align: justify;\">Puedes <strong>combinarlo<\/strong> con tonalidades <strong>beige<\/strong> o <strong>chocolate<\/strong> para suavizar su fuerza y conseguir dar ese toque de <strong>alegr\u00eda<\/strong> a una estancia sin necesidad de abrumar o excitar en exceso. Tambi\u00e9n puedes mezclarlo con su complementario, el color<strong> verde<\/strong>, y obtener un ambiente m\u00e1s <strong>tranquilo<\/strong>.<\/p>\n<p style=\"text-align: justify;\"><a href=\"https:\/\/www.global-projects.es\/blog\/wp-content\/uploads\/2012\/10\/BA\u00d1OROJO.jpg\"><img loading=\"lazy\" decoding=\"async\" class=\"aligncenter size-full wp-image-1489\" title=\"Reformar ba\u00f1os modernos\" src=\"https:\/\/www.global-projects.es\/blog\/wp-content\/uploads\/2012\/10\/BA\u00d1OROJO.jpg\" alt=\"Reformar ba\u00f1os modernos\" width=\"541\" height=\"380\" \/><\/a><br \/>\n<strong>\u00a1Renueva tu casa!<\/strong> <strong>Piensa en rojo y tendr\u00e1s una vivienda moderna con ese toque alegre y c\u00e1lido.<\/strong><br \/>\n<strong>Global Project<\/strong> somos una <strong><a href=\"https:\/\/www.global-projects.es\/\">empresa de reformas en Barcelona<\/a><\/strong>. Disponemos de los <strong>mejores interioristas<\/strong> que te ayudaran a <strong>reformar tu hogar<\/strong>.<\/p>\n<p style=\"text-align: justify;\">Tambi\u00e9n contamos con un <strong>equipo humano<\/strong> muy cualificado para realizar todo tipo de <strong><a href=\"https:\/\/www.global-projects.es\/es\/servicios\/reformas-integrales.html\">reformas de viviendas<\/a><\/strong>.<\/p>\n<p style=\"text-align: justify;\">Somos especialistas en <strong><a href=\"https:\/\/www.global-projects.es\/es\/reformas-integrales\/reforma-banos.html\">reformar ba\u00f1os<\/a><\/strong> y <strong><a href=\"https:\/\/www.global-projects.es\/es\/reformas-integrales\/reforma-cocinas.html\">reformar cocinas<\/a><\/strong>. Tambi\u00e9n <strong>adaptamos pisos para discapacitados y minusv\u00e1lidos<\/strong>.<\/p>\n<p style=\"text-align: justify;\">Si necesitas una <strong><a href=\"https:\/\/www.global-projects.es\/es\/reformas-integrales.html\">reforma integral<\/a><\/strong> de tu casa, ponte en contacto con nosotros y te haremos llegar nuestro <strong><a href=\"https:\/\/www.global-projects.es\/es\/formulario.html\">presupuesto<\/a><\/strong>.<\/p>\n","protected":false},"excerpt":{"rendered":"<p>Para este oto\u00f1o queremos reivindicar el rojo para decorar nuestra casa. El rojo activa las emociones irradiando pasi\u00f3n, vitalidad. La clave para decorar nuestro hogar con este color tan atrevido es usarlo con moderaci\u00f3n. No pintes todas las paredes de una estancia de rojo, si no que puedes optar por pintar solo una de ellas. [&hellip;]<\/p>\n","protected":false},"author":4,"featured_media":1489,"comment_status":"open","ping_status":"closed","sticky":false,"template":"","format":"standard","meta":{"_et_pb_use_builder":"","_et_pb_old_content":"","_et_gb_content_width":"","footnotes":""},"categories":[19,36],"tags":[37,181,183,335,336],"class_list":["post-1477","post","type-post","status-publish","format-standard","has-post-thumbnail","hentry","category-diseno-2","category-interiorismo-2","tag-reformas-integrales-barcelona","tag-empresa-de-reformas","tag-reformas-viviendas","tag-adaptaciones-para-discapacitados","tag-adaptaciones-para-minusvalidos"],"yoast_head":"<!-- This site is optimized with the Yoast SEO plugin v27.5 - https:\/\/yoast.com\/product\/yoast-seo-wordpress\/ -->\n<title>\u00a1Nos apasiona el rojo! - Global Projects<\/title>\n<meta name=\"robots\" content=\"index, follow, max-snippet:-1, max-image-preview:large, max-video-preview:-1\" \/>\n<link rel=\"canonical\" href=\"https:\/\/www.global-projects.es\/es\/nos-apasiona-el-rojo\/\" \/>\n<meta property=\"og:locale\" content=\"es_ES\" \/>\n<meta property=\"og:type\" content=\"article\" \/>\n<meta property=\"og:title\" content=\"\u00a1Nos apasiona el rojo! - Global Projects\" \/>\n<meta property=\"og:description\" content=\"Para este oto\u00f1o queremos reivindicar el rojo para decorar nuestra casa. El rojo activa las emociones irradiando pasi\u00f3n, vitalidad. La clave para decorar nuestro hogar con este color tan atrevido es usarlo con moderaci\u00f3n. No pintes todas las paredes de una estancia de rojo, si no que puedes optar por pintar solo una de ellas. [&hellip;]\" \/>\n<meta property=\"og:url\" content=\"https:\/\/www.global-projects.es\/es\/nos-apasiona-el-rojo\/\" \/>\n<meta property=\"og:site_name\" content=\"Global Projects\" \/>\n<meta property=\"article:publisher\" content=\"https:\/\/www.facebook.com\/gblprojects\" \/>\n<meta property=\"article:published_time\" content=\"2012-10-17T12:06:57+00:00\" \/>\n<meta name=\"author\" content=\"Global\" \/>\n<meta name=\"twitter:card\" content=\"summary_large_image\" \/>\n<meta name=\"twitter:creator\" content=\"@global_projects\" \/>\n<meta name=\"twitter:site\" content=\"@global_projects\" \/>\n<meta name=\"twitter:label1\" content=\"Escrito por\" \/>\n\t<meta name=\"twitter:data1\" content=\"Global\" \/>\n\t<meta name=\"twitter:label2\" content=\"Tiempo de lectura\" \/>\n\t<meta name=\"twitter:data2\" content=\"1 minuto\" \/>\n<script type=\"application\/ld+json\" class=\"yoast-schema-graph\">{\"@context\":\"https:\\\/\\\/schema.org\",\"@graph\":[{\"@type\":\"Article\",\"@id\":\"https:\\\/\\\/www.global-projects.es\\\/es\\\/nos-apasiona-el-rojo\\\/#article\",\"isPartOf\":{\"@id\":\"https:\\\/\\\/www.global-projects.es\\\/es\\\/nos-apasiona-el-rojo\\\/\"},\"author\":{\"name\":\"Global\",\"@id\":\"https:\\\/\\\/www.global-projects.es\\\/es\\\/#\\\/schema\\\/person\\\/62ec8db1b3b6b0776dc86d00b37c57ff\"},\"headline\":\"\u00a1Nos apasiona el rojo!\",\"datePublished\":\"2012-10-17T12:06:57+00:00\",\"mainEntityOfPage\":{\"@id\":\"https:\\\/\\\/www.global-projects.es\\\/es\\\/nos-apasiona-el-rojo\\\/\"},\"wordCount\":245,\"commentCount\":0,\"image\":{\"@id\":\"https:\\\/\\\/www.global-projects.es\\\/es\\\/nos-apasiona-el-rojo\\\/#primaryimage\"},\"thumbnailUrl\":\"\",\"keywords\":[\"reformas integrales barcelona\",\"empresa de reformas\",\"reformas viviendas\",\"adaptaciones para discapacitados\",\"adaptaciones para minusv\u00e1lidos\"],\"articleSection\":[\"dise\u00f1o\",\"Interiorismo\"],\"inLanguage\":\"es\",\"potentialAction\":[{\"@type\":\"CommentAction\",\"name\":\"Comment\",\"target\":[\"https:\\\/\\\/www.global-projects.es\\\/es\\\/nos-apasiona-el-rojo\\\/#respond\"]}]},{\"@type\":\"WebPage\",\"@id\":\"https:\\\/\\\/www.global-projects.es\\\/es\\\/nos-apasiona-el-rojo\\\/\",\"url\":\"https:\\\/\\\/www.global-projects.es\\\/es\\\/nos-apasiona-el-rojo\\\/\",\"name\":\"\u00a1Nos apasiona el rojo! - Global Projects\",\"isPartOf\":{\"@id\":\"https:\\\/\\\/www.global-projects.es\\\/es\\\/#website\"},\"primaryImageOfPage\":{\"@id\":\"https:\\\/\\\/www.global-projects.es\\\/es\\\/nos-apasiona-el-rojo\\\/#primaryimage\"},\"image\":{\"@id\":\"https:\\\/\\\/www.global-projects.es\\\/es\\\/nos-apasiona-el-rojo\\\/#primaryimage\"},\"thumbnailUrl\":\"\",\"datePublished\":\"2012-10-17T12:06:57+00:00\",\"author\":{\"@id\":\"https:\\\/\\\/www.global-projects.es\\\/es\\\/#\\\/schema\\\/person\\\/62ec8db1b3b6b0776dc86d00b37c57ff\"},\"breadcrumb\":{\"@id\":\"https:\\\/\\\/www.global-projects.es\\\/es\\\/nos-apasiona-el-rojo\\\/#breadcrumb\"},\"inLanguage\":\"es\",\"potentialAction\":[{\"@type\":\"ReadAction\",\"target\":[\"https:\\\/\\\/www.global-projects.es\\\/es\\\/nos-apasiona-el-rojo\\\/\"]}]},{\"@type\":\"ImageObject\",\"inLanguage\":\"es\",\"@id\":\"https:\\\/\\\/www.global-projects.es\\\/es\\\/nos-apasiona-el-rojo\\\/#primaryimage\",\"url\":\"\",\"contentUrl\":\"\"},{\"@type\":\"BreadcrumbList\",\"@id\":\"https:\\\/\\\/www.global-projects.es\\\/es\\\/nos-apasiona-el-rojo\\\/#breadcrumb\",\"itemListElement\":[{\"@type\":\"ListItem\",\"position\":1,\"name\":\"Portada\",\"item\":\"https:\\\/\\\/www.global-projects.es\\\/es\\\/\"},{\"@type\":\"ListItem\",\"position\":2,\"name\":\"\u00a1Nos apasiona el rojo!\"}]},{\"@type\":\"WebSite\",\"@id\":\"https:\\\/\\\/www.global-projects.es\\\/es\\\/#website\",\"url\":\"https:\\\/\\\/www.global-projects.es\\\/es\\\/\",\"name\":\"Global Projects\",\"description\":\"Reformas Integrales Barcelona\",\"potentialAction\":[{\"@type\":\"SearchAction\",\"target\":{\"@type\":\"EntryPoint\",\"urlTemplate\":\"https:\\\/\\\/www.global-projects.es\\\/es\\\/?s={search_term_string}\"},\"query-input\":{\"@type\":\"PropertyValueSpecification\",\"valueRequired\":true,\"valueName\":\"search_term_string\"}}],\"inLanguage\":\"es\"},{\"@type\":\"Person\",\"@id\":\"https:\\\/\\\/www.global-projects.es\\\/es\\\/#\\\/schema\\\/person\\\/62ec8db1b3b6b0776dc86d00b37c57ff\",\"name\":\"Global\",\"url\":\"https:\\\/\\\/www.global-projects.es\\\/es\\\/author\\\/global\\\/\"}]}<\/script>\n<!-- \/ Yoast SEO plugin. -->","yoast_head_json":{"title":"\u00a1Nos apasiona el rojo! - Global Projects","robots":{"index":"index","follow":"follow","max-snippet":"max-snippet:-1","max-image-preview":"max-image-preview:large","max-video-preview":"max-video-preview:-1"},"canonical":"https:\/\/www.global-projects.es\/es\/nos-apasiona-el-rojo\/","og_locale":"es_ES","og_type":"article","og_title":"\u00a1Nos apasiona el rojo! - Global Projects","og_description":"Para este oto\u00f1o queremos reivindicar el rojo para decorar nuestra casa. El rojo activa las emociones irradiando pasi\u00f3n, vitalidad. La clave para decorar nuestro hogar con este color tan atrevido es usarlo con moderaci\u00f3n. No pintes todas las paredes de una estancia de rojo, si no que puedes optar por pintar solo una de ellas. [&hellip;]","og_url":"https:\/\/www.global-projects.es\/es\/nos-apasiona-el-rojo\/","og_site_name":"Global Projects","article_publisher":"https:\/\/www.facebook.com\/gblprojects","article_published_time":"2012-10-17T12:06:57+00:00","author":"Global","twitter_card":"summary_large_image","twitter_creator":"@global_projects","twitter_site":"@global_projects","twitter_misc":{"Escrito por":"Global","Tiempo de lectura":"1 minuto"},"schema":{"@context":"https:\/\/schema.org","@graph":[{"@type":"Article","@id":"https:\/\/www.global-projects.es\/es\/nos-apasiona-el-rojo\/#article","isPartOf":{"@id":"https:\/\/www.global-projects.es\/es\/nos-apasiona-el-rojo\/"},"author":{"name":"Global","@id":"https:\/\/www.global-projects.es\/es\/#\/schema\/person\/62ec8db1b3b6b0776dc86d00b37c57ff"},"headline":"\u00a1Nos apasiona el rojo!","datePublished":"2012-10-17T12:06:57+00:00","mainEntityOfPage":{"@id":"https:\/\/www.global-projects.es\/es\/nos-apasiona-el-rojo\/"},"wordCount":245,"commentCount":0,"image":{"@id":"https:\/\/www.global-projects.es\/es\/nos-apasiona-el-rojo\/#primaryimage"},"thumbnailUrl":"","keywords":["reformas integrales barcelona","empresa de reformas","reformas viviendas","adaptaciones para discapacitados","adaptaciones para minusv\u00e1lidos"],"articleSection":["dise\u00f1o","Interiorismo"],"inLanguage":"es","potentialAction":[{"@type":"CommentAction","name":"Comment","target":["https:\/\/www.global-projects.es\/es\/nos-apasiona-el-rojo\/#respond"]}]},{"@type":"WebPage","@id":"https:\/\/www.global-projects.es\/es\/nos-apasiona-el-rojo\/","url":"https:\/\/www.global-projects.es\/es\/nos-apasiona-el-rojo\/","name":"\u00a1Nos apasiona el rojo! - Global Projects","isPartOf":{"@id":"https:\/\/www.global-projects.es\/es\/#website"},"primaryImageOfPage":{"@id":"https:\/\/www.global-projects.es\/es\/nos-apasiona-el-rojo\/#primaryimage"},"image":{"@id":"https:\/\/www.global-projects.es\/es\/nos-apasiona-el-rojo\/#primaryimage"},"thumbnailUrl":"","datePublished":"2012-10-17T12:06:57+00:00","author":{"@id":"https:\/\/www.global-projects.es\/es\/#\/schema\/person\/62ec8db1b3b6b0776dc86d00b37c57ff"},"breadcrumb":{"@id":"https:\/\/www.global-projects.es\/es\/nos-apasiona-el-rojo\/#breadcrumb"},"inLanguage":"es","potentialAction":[{"@type":"ReadAction","target":["https:\/\/www.global-projects.es\/es\/nos-apasiona-el-rojo\/"]}]},{"@type":"ImageObject","inLanguage":"es","@id":"https:\/\/www.global-projects.es\/es\/nos-apasiona-el-rojo\/#primaryimage","url":"","contentUrl":""},{"@type":"BreadcrumbList","@id":"https:\/\/www.global-projects.es\/es\/nos-apasiona-el-rojo\/#breadcrumb","itemListElement":[{"@type":"ListItem","position":1,"name":"Portada","item":"https:\/\/www.global-projects.es\/es\/"},{"@type":"ListItem","position":2,"name":"\u00a1Nos apasiona el rojo!"}]},{"@type":"WebSite","@id":"https:\/\/www.global-projects.es\/es\/#website","url":"https:\/\/www.global-projects.es\/es\/","name":"Global Projects","description":"Reformas Integrales Barcelona","potentialAction":[{"@type":"SearchAction","target":{"@type":"EntryPoint","urlTemplate":"https:\/\/www.global-projects.es\/es\/?s={search_term_string}"},"query-input":{"@type":"PropertyValueSpecification","valueRequired":true,"valueName":"search_term_string"}}],"inLanguage":"es"},{"@type":"Person","@id":"https:\/\/www.global-projects.es\/es\/#\/schema\/person\/62ec8db1b3b6b0776dc86d00b37c57ff","name":"Global","url":"https:\/\/www.global-projects.es\/es\/author\/global\/"}]}},"_links":{"self":[{"href":"https:\/\/www.global-projects.es\/es\/wp-json\/wp\/v2\/posts\/1477","targetHints":{"allow":["GET"]}}],"collection":[{"href":"https:\/\/www.global-projects.es\/es\/wp-json\/wp\/v2\/posts"}],"about":[{"href":"https:\/\/www.global-projects.es\/es\/wp-json\/wp\/v2\/types\/post"}],"author":[{"embeddable":true,"href":"https:\/\/www.global-projects.es\/es\/wp-json\/wp\/v2\/users\/4"}],"replies":[{"embeddable":true,"href":"https:\/\/www.global-projects.es\/es\/wp-json\/wp\/v2\/comments?post=1477"}],"version-history":[{"count":0,"href":"https:\/\/www.global-projects.es\/es\/wp-json\/wp\/v2\/posts\/1477\/revisions"}],"wp:featuredmedia":[{"embeddable":true,"href":"https:\/\/www.global-projects.es\/es\/wp-json\/"}],"wp:attachment":[{"href":"https:\/\/www.global-projects.es\/es\/wp-json\/wp\/v2\/media?parent=1477"}],"wp:term":[{"taxonomy":"category","embeddable":true,"href":"https:\/\/www.global-projects.es\/es\/wp-json\/wp\/v2\/categories?post=1477"},{"taxonomy":"post_tag","embeddable":true,"href":"https:\/\/www.global-projects.es\/es\/wp-json\/wp\/v2\/tags?post=1477"}],"curies":[{"name":"wp","href":"https:\/\/api.w.org\/{rel}","templated":true}]}}