{"id":1345,"date":"2011-09-19T16:34:41","date_gmt":"2011-09-19T16:34:41","guid":{"rendered":"http:\/\/www.global-projects.es\/blog\/?p=18"},"modified":"2011-09-19T16:34:41","modified_gmt":"2011-09-19T16:34:41","slug":"albert","status":"publish","type":"post","link":"https:\/\/www.global-projects.es\/es\/albert\/","title":{"rendered":"Decora con color"},"content":{"rendered":"<p style=\"text-align: justify;\"><a href=\"https:\/\/www.global-projects.es\/blog\/wp-content\/uploads\/2011\/09\/Interior-de-casa-Una-historia-diferente-colores-brillantes.jpg\"><img loading=\"lazy\" decoding=\"async\" class=\"alignnone size-medium wp-image-46\" title=\"Interior-de-casa-Una-historia-diferente-colores-brillantes\" src=\"https:\/\/www.global-projects.es\/blog\/wp-content\/uploads\/2011\/09\/Interior-de-casa-Una-historia-diferente-colores-brillantes-300x239.jpg\" alt=\"\" width=\"300\" height=\"239\" \/><\/a><strong>Global Projects<\/strong> reforma su cocina a medida con soluciones modernas adaptadas a cada espacio y estilo de vida. Idear ambientes \u00fanicos que integren sal\u00f3n comedor y cocina, gozar de la cocina so\u00f1ada o simplemente dar un nuevo estilo a su cocina.<\/p>\n<p style=\"text-align: justify;\">En <strong>Global Projects<\/strong> dise\u00f1aremos su<strong> cocina moderna y funcional<\/strong> lista para disfrutar del placer de cocinar. Nuestros especialistas se encargaran de asesorarle en la elecci\u00f3n de los materiales m\u00e1s adecuados, la distribuci\u00f3n de cocina m\u00e1s pr\u00e1ctica y lo m\u00e1s importante, una cuidada ejecuci\u00f3n de los trabajos, detalle a detalle.<\/p>\n<p style=\"text-align: justify;\">En cuanto a electrodom\u00e9sticos, suministramos y colocamos <strong>todas las marcas del mercado<\/strong> en neveras, vitrocer\u00e1micas, placas de inducci\u00f3n, cocinas de gas, m\u00f3dulos wok o plancha, hornos electricos, hornos de vapor, microondas, campanas extractoras.<\/p>\n","protected":false},"excerpt":{"rendered":"<p>Global Projects reforma su cocina a medida con soluciones modernas adaptadas a cada espacio y estilo de vida. Idear ambientes \u00fanicos que integren sal\u00f3n comedor y cocina, gozar de la cocina so\u00f1ada o simplemente dar un nuevo estilo a su cocina. En Global Projects dise\u00f1aremos su cocina moderna y funcional lista para disfrutar del placer [&hellip;]<\/p>\n","protected":false},"author":8,"featured_media":46,"comment_status":"open","ping_status":"closed","sticky":false,"template":"","format":"standard","meta":{"_et_pb_use_builder":"","_et_pb_old_content":"","_et_gb_content_width":"","footnotes":""},"categories":[19,21],"tags":[22,23,24],"class_list":["post-1345","post","type-post","status-publish","format-standard","has-post-thumbnail","hentry","category-diseno-2","category-novedades","tag-arquitectura","tag-diseno-2","tag-interiorismo-3"],"yoast_head":"<!-- This site is optimized with the Yoast SEO plugin v27.5 - https:\/\/yoast.com\/product\/yoast-seo-wordpress\/ -->\n<title>Decora con color - Global Projects<\/title>\n<meta name=\"robots\" content=\"index, follow, max-snippet:-1, max-image-preview:large, max-video-preview:-1\" \/>\n<link rel=\"canonical\" href=\"https:\/\/www.global-projects.es\/es\/albert\/\" \/>\n<meta property=\"og:locale\" content=\"es_ES\" \/>\n<meta property=\"og:type\" content=\"article\" \/>\n<meta property=\"og:title\" content=\"Decora con color - Global Projects\" \/>\n<meta property=\"og:description\" content=\"Global Projects reforma su cocina a medida con soluciones modernas adaptadas a cada espacio y estilo de vida. Idear ambientes \u00fanicos que integren sal\u00f3n comedor y cocina, gozar de la cocina so\u00f1ada o simplemente dar un nuevo estilo a su cocina. En Global Projects dise\u00f1aremos su cocina moderna y funcional lista para disfrutar del placer [&hellip;]\" \/>\n<meta property=\"og:url\" content=\"https:\/\/www.global-projects.es\/es\/albert\/\" \/>\n<meta property=\"og:site_name\" content=\"Global Projects\" \/>\n<meta property=\"article:publisher\" content=\"https:\/\/www.facebook.com\/gblprojects\" \/>\n<meta property=\"article:published_time\" content=\"2011-09-19T16:34:41+00:00\" \/>\n<meta name=\"author\" content=\"Sergi M\u00e9ndez\" \/>\n<meta name=\"twitter:card\" content=\"summary_large_image\" \/>\n<meta name=\"twitter:creator\" content=\"@global_projects\" \/>\n<meta name=\"twitter:site\" content=\"@global_projects\" \/>\n<meta name=\"twitter:label1\" content=\"Escrito por\" \/>\n\t<meta name=\"twitter:data1\" content=\"Sergi M\u00e9ndez\" \/>\n\t<meta name=\"twitter:label2\" content=\"Tiempo de lectura\" \/>\n\t<meta name=\"twitter:data2\" content=\"1 minuto\" \/>\n<script type=\"application\/ld+json\" class=\"yoast-schema-graph\">{\"@context\":\"https:\\\/\\\/schema.org\",\"@graph\":[{\"@type\":\"Article\",\"@id\":\"https:\\\/\\\/www.global-projects.es\\\/es\\\/albert\\\/#article\",\"isPartOf\":{\"@id\":\"https:\\\/\\\/www.global-projects.es\\\/es\\\/albert\\\/\"},\"author\":{\"name\":\"Sergi M\u00e9ndez\",\"@id\":\"https:\\\/\\\/www.global-projects.es\\\/es\\\/#\\\/schema\\\/person\\\/6d4d1d1b2fa165d77c7fcf908a835df2\"},\"headline\":\"Decora con color\",\"datePublished\":\"2011-09-19T16:34:41+00:00\",\"mainEntityOfPage\":{\"@id\":\"https:\\\/\\\/www.global-projects.es\\\/es\\\/albert\\\/\"},\"wordCount\":140,\"commentCount\":0,\"image\":{\"@id\":\"https:\\\/\\\/www.global-projects.es\\\/es\\\/albert\\\/#primaryimage\"},\"thumbnailUrl\":\"\",\"keywords\":[\"arquitectura\",\"dise\u00f1o\",\"interiorismo\"],\"articleSection\":[\"dise\u00f1o\",\"novedades\"],\"inLanguage\":\"es\",\"potentialAction\":[{\"@type\":\"CommentAction\",\"name\":\"Comment\",\"target\":[\"https:\\\/\\\/www.global-projects.es\\\/es\\\/albert\\\/#respond\"]}]},{\"@type\":\"WebPage\",\"@id\":\"https:\\\/\\\/www.global-projects.es\\\/es\\\/albert\\\/\",\"url\":\"https:\\\/\\\/www.global-projects.es\\\/es\\\/albert\\\/\",\"name\":\"Decora con color - Global Projects\",\"isPartOf\":{\"@id\":\"https:\\\/\\\/www.global-projects.es\\\/es\\\/#website\"},\"primaryImageOfPage\":{\"@id\":\"https:\\\/\\\/www.global-projects.es\\\/es\\\/albert\\\/#primaryimage\"},\"image\":{\"@id\":\"https:\\\/\\\/www.global-projects.es\\\/es\\\/albert\\\/#primaryimage\"},\"thumbnailUrl\":\"\",\"datePublished\":\"2011-09-19T16:34:41+00:00\",\"author\":{\"@id\":\"https:\\\/\\\/www.global-projects.es\\\/es\\\/#\\\/schema\\\/person\\\/6d4d1d1b2fa165d77c7fcf908a835df2\"},\"breadcrumb\":{\"@id\":\"https:\\\/\\\/www.global-projects.es\\\/es\\\/albert\\\/#breadcrumb\"},\"inLanguage\":\"es\",\"potentialAction\":[{\"@type\":\"ReadAction\",\"target\":[\"https:\\\/\\\/www.global-projects.es\\\/es\\\/albert\\\/\"]}]},{\"@type\":\"ImageObject\",\"inLanguage\":\"es\",\"@id\":\"https:\\\/\\\/www.global-projects.es\\\/es\\\/albert\\\/#primaryimage\",\"url\":\"\",\"contentUrl\":\"\"},{\"@type\":\"BreadcrumbList\",\"@id\":\"https:\\\/\\\/www.global-projects.es\\\/es\\\/albert\\\/#breadcrumb\",\"itemListElement\":[{\"@type\":\"ListItem\",\"position\":1,\"name\":\"Portada\",\"item\":\"https:\\\/\\\/www.global-projects.es\\\/es\\\/\"},{\"@type\":\"ListItem\",\"position\":2,\"name\":\"Decora con color\"}]},{\"@type\":\"WebSite\",\"@id\":\"https:\\\/\\\/www.global-projects.es\\\/es\\\/#website\",\"url\":\"https:\\\/\\\/www.global-projects.es\\\/es\\\/\",\"name\":\"Global Projects\",\"description\":\"Reformas Integrales Barcelona\",\"potentialAction\":[{\"@type\":\"SearchAction\",\"target\":{\"@type\":\"EntryPoint\",\"urlTemplate\":\"https:\\\/\\\/www.global-projects.es\\\/es\\\/?s={search_term_string}\"},\"query-input\":{\"@type\":\"PropertyValueSpecification\",\"valueRequired\":true,\"valueName\":\"search_term_string\"}}],\"inLanguage\":\"es\"},{\"@type\":\"Person\",\"@id\":\"https:\\\/\\\/www.global-projects.es\\\/es\\\/#\\\/schema\\\/person\\\/6d4d1d1b2fa165d77c7fcf908a835df2\",\"name\":\"Sergi M\u00e9ndez\",\"sameAs\":[\"https:\\\/\\\/aritmetic.com\"],\"url\":\"https:\\\/\\\/www.global-projects.es\\\/es\\\/author\\\/arit-me-tic\\\/\"}]}<\/script>\n<!-- \/ Yoast SEO plugin. -->","yoast_head_json":{"title":"Decora con color - Global Projects","robots":{"index":"index","follow":"follow","max-snippet":"max-snippet:-1","max-image-preview":"max-image-preview:large","max-video-preview":"max-video-preview:-1"},"canonical":"https:\/\/www.global-projects.es\/es\/albert\/","og_locale":"es_ES","og_type":"article","og_title":"Decora con color - Global Projects","og_description":"Global Projects reforma su cocina a medida con soluciones modernas adaptadas a cada espacio y estilo de vida. Idear ambientes \u00fanicos que integren sal\u00f3n comedor y cocina, gozar de la cocina so\u00f1ada o simplemente dar un nuevo estilo a su cocina. En Global Projects dise\u00f1aremos su cocina moderna y funcional lista para disfrutar del placer [&hellip;]","og_url":"https:\/\/www.global-projects.es\/es\/albert\/","og_site_name":"Global Projects","article_publisher":"https:\/\/www.facebook.com\/gblprojects","article_published_time":"2011-09-19T16:34:41+00:00","author":"Sergi M\u00e9ndez","twitter_card":"summary_large_image","twitter_creator":"@global_projects","twitter_site":"@global_projects","twitter_misc":{"Escrito por":"Sergi M\u00e9ndez","Tiempo de lectura":"1 minuto"},"schema":{"@context":"https:\/\/schema.org","@graph":[{"@type":"Article","@id":"https:\/\/www.global-projects.es\/es\/albert\/#article","isPartOf":{"@id":"https:\/\/www.global-projects.es\/es\/albert\/"},"author":{"name":"Sergi M\u00e9ndez","@id":"https:\/\/www.global-projects.es\/es\/#\/schema\/person\/6d4d1d1b2fa165d77c7fcf908a835df2"},"headline":"Decora con color","datePublished":"2011-09-19T16:34:41+00:00","mainEntityOfPage":{"@id":"https:\/\/www.global-projects.es\/es\/albert\/"},"wordCount":140,"commentCount":0,"image":{"@id":"https:\/\/www.global-projects.es\/es\/albert\/#primaryimage"},"thumbnailUrl":"","keywords":["arquitectura","dise\u00f1o","interiorismo"],"articleSection":["dise\u00f1o","novedades"],"inLanguage":"es","potentialAction":[{"@type":"CommentAction","name":"Comment","target":["https:\/\/www.global-projects.es\/es\/albert\/#respond"]}]},{"@type":"WebPage","@id":"https:\/\/www.global-projects.es\/es\/albert\/","url":"https:\/\/www.global-projects.es\/es\/albert\/","name":"Decora con color - Global Projects","isPartOf":{"@id":"https:\/\/www.global-projects.es\/es\/#website"},"primaryImageOfPage":{"@id":"https:\/\/www.global-projects.es\/es\/albert\/#primaryimage"},"image":{"@id":"https:\/\/www.global-projects.es\/es\/albert\/#primaryimage"},"thumbnailUrl":"","datePublished":"2011-09-19T16:34:41+00:00","author":{"@id":"https:\/\/www.global-projects.es\/es\/#\/schema\/person\/6d4d1d1b2fa165d77c7fcf908a835df2"},"breadcrumb":{"@id":"https:\/\/www.global-projects.es\/es\/albert\/#breadcrumb"},"inLanguage":"es","potentialAction":[{"@type":"ReadAction","target":["https:\/\/www.global-projects.es\/es\/albert\/"]}]},{"@type":"ImageObject","inLanguage":"es","@id":"https:\/\/www.global-projects.es\/es\/albert\/#primaryimage","url":"","contentUrl":""},{"@type":"BreadcrumbList","@id":"https:\/\/www.global-projects.es\/es\/albert\/#breadcrumb","itemListElement":[{"@type":"ListItem","position":1,"name":"Portada","item":"https:\/\/www.global-projects.es\/es\/"},{"@type":"ListItem","position":2,"name":"Decora con color"}]},{"@type":"WebSite","@id":"https:\/\/www.global-projects.es\/es\/#website","url":"https:\/\/www.global-projects.es\/es\/","name":"Global Projects","description":"Reformas Integrales Barcelona","potentialAction":[{"@type":"SearchAction","target":{"@type":"EntryPoint","urlTemplate":"https:\/\/www.global-projects.es\/es\/?s={search_term_string}"},"query-input":{"@type":"PropertyValueSpecification","valueRequired":true,"valueName":"search_term_string"}}],"inLanguage":"es"},{"@type":"Person","@id":"https:\/\/www.global-projects.es\/es\/#\/schema\/person\/6d4d1d1b2fa165d77c7fcf908a835df2","name":"Sergi M\u00e9ndez","sameAs":["https:\/\/aritmetic.com"],"url":"https:\/\/www.global-projects.es\/es\/author\/arit-me-tic\/"}]}},"_links":{"self":[{"href":"https:\/\/www.global-projects.es\/es\/wp-json\/wp\/v2\/posts\/1345","targetHints":{"allow":["GET"]}}],"collection":[{"href":"https:\/\/www.global-projects.es\/es\/wp-json\/wp\/v2\/posts"}],"about":[{"href":"https:\/\/www.global-projects.es\/es\/wp-json\/wp\/v2\/types\/post"}],"author":[{"embeddable":true,"href":"https:\/\/www.global-projects.es\/es\/wp-json\/wp\/v2\/users\/8"}],"replies":[{"embeddable":true,"href":"https:\/\/www.global-projects.es\/es\/wp-json\/wp\/v2\/comments?post=1345"}],"version-history":[{"count":0,"href":"https:\/\/www.global-projects.es\/es\/wp-json\/wp\/v2\/posts\/1345\/revisions"}],"wp:featuredmedia":[{"embeddable":true,"href":"https:\/\/www.global-projects.es\/es\/wp-json\/"}],"wp:attachment":[{"href":"https:\/\/www.global-projects.es\/es\/wp-json\/wp\/v2\/media?parent=1345"}],"wp:term":[{"taxonomy":"category","embeddable":true,"href":"https:\/\/www.global-projects.es\/es\/wp-json\/wp\/v2\/categories?post=1345"},{"taxonomy":"post_tag","embeddable":true,"href":"https:\/\/www.global-projects.es\/es\/wp-json\/wp\/v2\/tags?post=1345"}],"curies":[{"name":"wp","href":"https:\/\/api.w.org\/{rel}","templated":true}]}}